
{"id":22961,"date":"2023-04-24T12:15:35","date_gmt":"2023-04-24T15:15:35","guid":{"rendered":"http:\/\/www.cmc.mg.gov.br\/?p=22961"},"modified":"2023-04-24T13:11:14","modified_gmt":"2023-04-24T16:11:14","slug":"11a-reuniao-ordinaria-de-2023","status":"publish","type":"post","link":"https:\/\/www.cmc.mg.gov.br\/?p=22961","title":{"rendered":"11\u00aa Reuni\u00e3o Ordin\u00e1ria de 2023"},"content":{"rendered":"<p style=\"text-align: justify;\"><strong>11\u00aa Reuni\u00e3o Ordin\u00e1ria<\/strong> da 3\u00aa Sess\u00e3o Legislativa da 19\u00aa Legislatura, prevista para o dia 25 de abril de 2023, ter\u00e7a-feira, no Plen\u00e1rio Vereador Jos\u00e9 Cust\u00f3dio, com in\u00edcio \u00e0s 09 horas.<\/p>\n<p style=\"text-align: justify;\"><strong>Item 01<\/strong>: Discuss\u00e3o e vota\u00e7\u00e3o, em <em>Turno \u00danico<\/em>, do <a href=\"http:\/\/legislativo.cmc.mg.gov.br:8080\/sapl\/consultas\/materia\/materia_mostrar_proc?cod_materia=38715\" target=\"_blank\" rel=\"noopener noreferrer\"><em>Veto Parcial <\/em>\u00e0 Proposi\u00e7\u00e3o de Lei n.\u00ba 010\/2023<\/a>, origin\u00e1ria do Projeto de Lei n.\u00ba 249\/2021, que \u201cDisp\u00f5e sobre a divulga\u00e7\u00e3o dos n\u00fameros para den\u00fancia de viol\u00eancia dom\u00e9stica e familiar nas faturas de energia el\u00e9trica, \u00e1gua e g\u00e1s.\u201d Autoria do Poder Executivo. Projeto de Lei de Autoria da Vereadora Moara Saboia.<\/p>\n<p style=\"text-align: justify;\">Emendas: N\u00e3o.<br \/>\nQu\u00f3rum: Maioria Absoluta para rejei\u00e7\u00e3o, conforme o artigo 277 do Regimento Interno.<br \/>\nVota\u00e7\u00e3o: Eletr\u00f4nica.<\/p>\n<p style=\"text-align: justify;\"><strong>Item 02:<\/strong> Discuss\u00e3o e vota\u00e7\u00e3o, em <em>Segundo Turno e Reda\u00e7\u00e3o Final<\/em>, <em>do <\/em><a href=\"http:\/\/legislativo.cmc.mg.gov.br:8080\/sapl\/consultas\/materia\/materia_mostrar_proc?cod_materia=38456\" target=\"_blank\" rel=\"noopener noreferrer\"><em>Projeto de Lei Complementar n.\u00ba 005\/2023<\/em><\/a>, que \u201cAltera a Lei Complementar n.\u00ba 247, de 29 de dezembro de 2017.\u201d Autoria do Poder Executivo.<\/p>\n<p style=\"text-align: justify;\">Emendas: N\u00e3o.<br \/>\nQu\u00f3rum: Maioria Absoluta.<br \/>\nVota\u00e7\u00e3o: Eletr\u00f4nica.<\/p>\n<p style=\"text-align: justify;\"><strong>Item 03:<\/strong> Discuss\u00e3o e vota\u00e7\u00e3o, em <em>Segundo Turno e Reda\u00e7\u00e3o Final<\/em>, <em>do <\/em><a href=\"http:\/\/legislativo.cmc.mg.gov.br:8080\/sapl\/consultas\/materia\/materia_mostrar_proc?cod_materia=29100\" target=\"_blank\" rel=\"noopener noreferrer\"><em>Projeto de Lei n.\u00ba 095\/2021<\/em><\/a>, que \u201cCria a Guarda Civil Escolar no \u00e2mbito do munic\u00edpio de Contagem e d\u00e1 outras provid\u00eancias.\u201d Autoria da Vereadora Silvinha Dudu.<\/p>\n<p style=\"text-align: justify;\">Emendas: Sim.<br \/>\nQu\u00f3rum: Maioria Absoluta.<br \/>\nVota\u00e7\u00e3o: Eletr\u00f4nica.<\/p>\n<p style=\"text-align: justify;\"><strong>Item 04:<\/strong> Discuss\u00e3o e vota\u00e7\u00e3o, em <em>Segundo Turno e Reda\u00e7\u00e3o Final<\/em>, <em>do <\/em><a href=\"http:\/\/legislativo.cmc.mg.gov.br:8080\/sapl\/consultas\/materia\/materia_mostrar_proc?cod_materia=33938\" target=\"_blank\" rel=\"noopener noreferrer\"><em>Projeto de Lei n.\u00ba 092\/2022<\/em><\/a>, que \u201cDisp\u00f5e sobre a garantia da acessibilidade comunicativa \u00e0 mulher com defici\u00eancia auditiva e\/ou visual v\u00edtima de viol\u00eancia dom\u00e9stica e familiar no \u00e2mbito do munic\u00edpio de Contagem.\u201d Autoria do Vereador Daniel Carvalho.<\/p>\n<p style=\"text-align: justify;\">Emendas: Sim.<br \/>\nQu\u00f3rum: Maioria Absoluta.<br \/>\nVota\u00e7\u00e3o: Eletr\u00f4nica.<\/p>\n<p style=\"text-align: justify;\"><strong>Item 05:<\/strong> Discuss\u00e3o e vota\u00e7\u00e3o, em <em>Segundo Turno e Reda\u00e7\u00e3o Final<\/em>, <em>do <\/em><a href=\"http:\/\/legislativo.cmc.mg.gov.br:8080\/sapl\/consultas\/materia\/materia_mostrar_proc?cod_materia=35910\" target=\"_blank\" rel=\"noopener noreferrer\"><em>Projeto de Lei n.\u00ba 160\/2022<\/em><\/a>, que \u201cAltera a denomina\u00e7\u00e3o de Unidade B\u00e1sica de Sa\u00fade Moacir Pinto Moreira, no Bairro Bernardo Monteiro, neste Munic\u00edpio.\u201d Autoria do Vereador Ronaldo Bab\u00e3o.<\/p>\n<p style=\"text-align: justify;\">Emendas: N\u00e3o.<br \/>\nQu\u00f3rum: Maioria Absoluta.<br \/>\nVota\u00e7\u00e3o: Eletr\u00f4nica.<\/p>\n<p style=\"text-align: justify;\"><strong>Item 06:<\/strong> Discuss\u00e3o e vota\u00e7\u00e3o, em <em>Segundo Turno e Reda\u00e7\u00e3o Final<\/em>, <em>do <\/em><a href=\"http:\/\/legislativo.cmc.mg.gov.br:8080\/sapl\/consultas\/materia\/materia_mostrar_proc?cod_materia=37091\" target=\"_blank\" rel=\"noopener noreferrer\"><em>Projeto de Lei n.\u00ba 231\/2022<\/em><\/a>, que \u201cDisp\u00f5e sobre a obrigatoriedade da instala\u00e7\u00e3o de, no m\u00ednimo, um brinquedo destinado a pessoas com defici\u00eancia, nos parques e pra\u00e7as municipais e d\u00e1 outras provid\u00eancias.\u201d Autoria do Vereador Alex Chiodi e Vereador Daniel Carvalho.<\/p>\n<p style=\"text-align: justify;\">Emendas: N\u00e3o.<br \/>\nQu\u00f3rum: Maioria Absoluta.<br \/>\nVota\u00e7\u00e3o: Eletr\u00f4nica.<\/p>\n<p style=\"text-align: justify;\"><strong>Tribuna Livre<\/strong><\/p>\n<p style=\"text-align: justify;\">Est\u00e1 inscrito para fazer uso da palavra, na Tribuna Livre da 11\u00aa Reuni\u00e3o Ordin\u00e1ria de 2023<em>, <\/em>o Coordenador do Curso de Direito da Faculdade \u00danica de Contagem que ir\u00e1 discorrer sobre \u201co N\u00facleo de Apoio Jur\u00eddico da Faculdade\u201d.<\/p>\n","protected":false},"excerpt":{"rendered":"<p>11\u00aa Reuni\u00e3o Ordin\u00e1ria da 3\u00aa Sess\u00e3o Legislativa da 19\u00aa Legislatura, prevista para o dia 25 de abril de 2023, ter\u00e7a-feira, no Plen\u00e1rio Vereador Jos\u00e9 Cust\u00f3dio, com in\u00edcio \u00e0s 09 horas. Item 01: Discuss\u00e3o e vota\u00e7\u00e3o, em Turno \u00danico, do Veto Parcial \u00e0 Proposi\u00e7\u00e3o de Lei n.\u00ba 010\/2023, origin\u00e1ria do Projeto de Lei n.\u00ba 249\/2021, que &hellip; <a href=\"https:\/\/www.cmc.mg.gov.br\/?p=22961\" class=\"more-link\">Continue lendo <span class=\"screen-reader-text\">11\u00aa Reuni\u00e3o Ordin\u00e1ria de 2023<\/span> <span class=\"meta-nav\">&rarr;<\/span><\/a><\/p>\n","protected":false},"author":3,"featured_media":0,"comment_status":"open","ping_status":"open","sticky":false,"template":"","format":"standard","meta":{"_exactmetrics_skip_tracking":false,"_exactmetrics_sitenote_active":false,"_exactmetrics_sitenote_note":"","_exactmetrics_sitenote_category":0,"footnotes":""},"categories":[19],"tags":[],"class_list":["post-22961","post","type-post","status-publish","format-standard","hentry","category-ordem-do-dia"],"_links":{"self":[{"href":"https:\/\/www.cmc.mg.gov.br\/index.php?rest_route=\/wp\/v2\/posts\/22961","targetHints":{"allow":["GET"]}}],"collection":[{"href":"https:\/\/www.cmc.mg.gov.br\/index.php?rest_route=\/wp\/v2\/posts"}],"about":[{"href":"https:\/\/www.cmc.mg.gov.br\/index.php?rest_route=\/wp\/v2\/types\/post"}],"author":[{"embeddable":true,"href":"https:\/\/www.cmc.mg.gov.br\/index.php?rest_route=\/wp\/v2\/users\/3"}],"replies":[{"embeddable":true,"href":"https:\/\/www.cmc.mg.gov.br\/index.php?rest_route=%2Fwp%2Fv2%2Fcomments&post=22961"}],"version-history":[{"count":3,"href":"https:\/\/www.cmc.mg.gov.br\/index.php?rest_route=\/wp\/v2\/posts\/22961\/revisions"}],"predecessor-version":[{"id":22964,"href":"https:\/\/www.cmc.mg.gov.br\/index.php?rest_route=\/wp\/v2\/posts\/22961\/revisions\/22964"}],"wp:attachment":[{"href":"https:\/\/www.cmc.mg.gov.br\/index.php?rest_route=%2Fwp%2Fv2%2Fmedia&parent=22961"}],"wp:term":[{"taxonomy":"category","embeddable":true,"href":"https:\/\/www.cmc.mg.gov.br\/index.php?rest_route=%2Fwp%2Fv2%2Fcategories&post=22961"},{"taxonomy":"post_tag","embeddable":true,"href":"https:\/\/www.cmc.mg.gov.br\/index.php?rest_route=%2Fwp%2Fv2%2Ftags&post=22961"}],"curies":[{"name":"wp","href":"https:\/\/api.w.org\/{rel}","templated":true}]}}