
{"id":22987,"date":"2023-04-26T18:14:59","date_gmt":"2023-04-26T21:14:59","guid":{"rendered":"http:\/\/www.cmc.mg.gov.br\/?p=22987"},"modified":"2023-04-26T18:23:01","modified_gmt":"2023-04-26T21:23:01","slug":"combate-a-violencia-contra-a-mulher-e-destaque-na-camara","status":"publish","type":"post","link":"https:\/\/www.cmc.mg.gov.br\/?p=22987","title":{"rendered":"Combate \u00e0 viol\u00eancia contra a mulher \u00e9 destaque na C\u00e2mara"},"content":{"rendered":"<p style=\"text-align: justify;\">A cada hora, 26 mulheres sofrem agress\u00e3o f\u00edsica no pa\u00eds, segundo o 16\u00ba Anu\u00e1rio Brasileiro de Seguran\u00e7a P\u00fablica de 2022. Diante desses n\u00fameros alarmantes e do aumento nos casos em Contagem nos \u00faltimos anos, a C\u00e2mara Municipal tem proposto e discutido pol\u00edticas p\u00fablicas para combater essa triste realidade.<\/p>\n<p style=\"text-align: justify;\">Nesta semana, o assunto voltou a ser destaque durante a plen\u00e1ria do Legislativo de Contagem, quando duas proposi\u00e7\u00f5es foram aprovadas com o objetivo de facilitar as den\u00fancias. Al\u00e9m disso, a participa\u00e7\u00e3o na tribuna livre ofereceu uma alternativa para as mulheres v\u00edtimas de viol\u00eancia.<\/p>\n<p style=\"text-align: justify;\"><a href=\"http:\/\/www.cmc.mg.gov.br\/wordpress\/wp-content\/uploads\/2023\/04\/foto-Cleide-Amaral-118-Copy-1.jpg\"><img loading=\"lazy\" decoding=\"async\" class=\"alignright wp-image-22991\" src=\"http:\/\/www.cmc.mg.gov.br\/wordpress\/wp-content\/uploads\/2023\/04\/foto-Cleide-Amaral-118-Copy-1.jpg\" alt=\"\" width=\"300\" height=\"200\" \/><\/a>Em segundo turno, foi aprovado o <a href=\"http:\/\/legislativo.cmc.mg.gov.br:8080\/sapl\/consultas\/materia\/materia_mostrar_proc?cod_materia=33938\" target=\"_blank\" rel=\"noopener noreferrer\">Projeto de Lei (PL) 92\/2022<\/a>, que pretende garantir acessibilidade comunicativa para que as mulheres com defici\u00eancias auditiva ou visual possam denunciar casos de viol\u00eancia dom\u00e9stica. Isso significa oferecer meios, como a L\u00edngua Brasileira de Sinais (Libras), o Braille e outros sistemas e dispositivos, para a comunica\u00e7\u00e3o das v\u00edtimas de agress\u00e3o.<\/p>\n<p style=\"text-align: justify;\">Durante a reuni\u00e3o, o autor da proposi\u00e7\u00e3o, vereador Daniel Carvalho (PSD), pediu a palavra para destacar que o objetivo da proposta \u00e9 garantir acessibilidade, seguran\u00e7a e prote\u00e7\u00e3o a todas as mulheres.<\/p>\n<p style=\"text-align: justify;\">\u201cO projeto de lei visa proporcionar apoio adicional \u00e0 mulher em situa\u00e7\u00e3o de viol\u00eancia dom\u00e9stica e familiar, especialmente mulheres com defici\u00eancia, considerando a sua vulnerabilidade e as barreiras comunicativas que, n\u00e3o raras vezes, as impedem de buscar o apoio necess\u00e1rio ao enfrentamento adequado do problema\u201d, destacou o parlamentar.<\/p>\n<p style=\"text-align: justify;\">Outra mat\u00e9ria sobre esse assunto voltou a plen\u00e1rio nesta ter\u00e7a-feira (25\/04) por causa de um <a href=\"http:\/\/legislativo.cmc.mg.gov.br:8080\/sapl\/consultas\/materia\/materia_mostrar_proc?cod_materia=38715\" target=\"_blank\" rel=\"noopener noreferrer\">veto parcial do Executivo<\/a>. Proposto por Moara Saboia (PT), o PL 249\/2021 trata da divulga\u00e7\u00e3o dos n\u00fameros para den\u00fancia de viol\u00eancia dom\u00e9stica e familiar nas faturas de energia el\u00e9trica, \u00e1gua e g\u00e1s. <a href=\"http:\/\/www.cmc.mg.gov.br\/?p=22502\" target=\"_blank\" rel=\"noopener noreferrer\">Aprovada em mar\u00e7o<\/a> deste ano, a proposi\u00e7\u00e3o foi sancionada pela Prefeitura em abril, se convertendo na Lei 5334\/2023, mas houve veto a um par\u00e1grafo que definia o que seria viol\u00eancia dom\u00e9stica e familiar. Assim, com a aprova\u00e7\u00e3o do veto, a lei mant\u00e9m seu objetivo.<\/p>\n<p style=\"text-align: justify;\"><a href=\"http:\/\/www.cmc.mg.gov.br\/wordpress\/wp-content\/uploads\/2023\/04\/foto-Cleide-Amaral-13-Copy.jpg\"><img loading=\"lazy\" decoding=\"async\" class=\"alignleft wp-image-22992\" src=\"http:\/\/www.cmc.mg.gov.br\/wordpress\/wp-content\/uploads\/2023\/04\/foto-Cleide-Amaral-13-Copy.jpg\" alt=\"\" width=\"300\" height=\"200\" \/><\/a>\u201cInfelizmente, casos de viol\u00eancia dom\u00e9stica j\u00e1 s\u00e3o marcados pela subnotifica\u00e7\u00e3o. Por essa raz\u00e3o, \u00e9 de extrema import\u00e2ncia essa divulga\u00e7\u00e3o dos n\u00fameros de contato, para que mulheres, crian\u00e7as, adolescentes, idosos, pessoas com defici\u00eancia e LGBTQIA+ se sintam encorajados a denunciar qualquer tipo de viol\u00eancia, e os agressores punidos pelos seus atos\u201d, explicou a autora na ocasi\u00e3o da aprova\u00e7\u00e3o do projeto em segundo turno.<\/p>\n<p style=\"text-align: justify;\"><strong>Assessoria jur\u00eddica<\/strong><\/p>\n<p style=\"text-align: justify;\">O tema \u201cviol\u00eancia contra a mulher\u201d foi citado tamb\u00e9m na tribuna livre da C\u00e2mara, durante a plen\u00e1ria desta semana. O coordenador do curso de Direito da Faculdade \u00danica de Contagem, Vamberth Lima, apresentou o N\u00facleo de Pr\u00e1tica Jur\u00eddica, que oferece atendimento gratuito para pessoas que n\u00e3o t\u00eam condi\u00e7\u00f5es de pagar um advogado, principalmente, mulheres v\u00edtimas de viol\u00eancia.<\/p>\n<p style=\"text-align: justify;\">\u201cA Faculdade \u00danica de Contagem criou, em 09 de mar\u00e7o deste ano, o N\u00facleo de Pr\u00e1tica Jur\u00eddica, que vem promover, para todos os cidad\u00e3os contagenses, o constitucional acesso \u00e0 justi\u00e7a, para que as pessoas hipossuficientes economicamente possam ter voz e ser ouvidas, e que seus gritos, muitas vezes inaud\u00edveis, possam ser enfim expressados em um processo judicial\u201d, anunciou o coordenador. \u201cSomente o advogado, indispens\u00e1vel constitucionalmente, pode trazer visibilidade processual para essas pessoas\u201d, completou.<\/p>\n<p style=\"text-align: justify;\"><a href=\"http:\/\/www.cmc.mg.gov.br\/wordpress\/wp-content\/uploads\/2023\/04\/foto-Cleide-Amaral-111-Copy.jpg\"><img loading=\"lazy\" decoding=\"async\" class=\"alignright wp-image-22993\" src=\"http:\/\/www.cmc.mg.gov.br\/wordpress\/wp-content\/uploads\/2023\/04\/foto-Cleide-Amaral-111-Copy.jpg\" alt=\"\" width=\"300\" height=\"200\" \/><\/a>Lima ressaltou que, em pouco mais de um m\u00eas, o servi\u00e7o beneficiou dezenas de pessoas, \u201ccom v\u00e1rias a\u00e7\u00f5es ajuizadas, decis\u00f5es liminares deferidas e v\u00e1rios atendimentos em simples consultas tanto para a\u00e7\u00f5es de vara de fam\u00edlia &#8211; como div\u00f3rcio, alimentos, guarda \u2013 quanto nas demais a\u00e7\u00f5es, como indeniza\u00e7\u00f5es por danos e execu\u00e7\u00e3o fiscal\u201d.<\/p>\n<p style=\"text-align: justify;\">E destacou os atendimentos a v\u00edtimas de viol\u00eancia dom\u00e9stica. \u201cS\u00e3o mulheres vulner\u00e1veis que, \u00e0s vezes, n\u00e3o t\u00eam para onde ir e a quem recorrer, que precisam do div\u00f3rcio, de uma a\u00e7\u00e3o de alimentos e at\u00e9 de uma acolhida, e a Faculdade \u00danica estende suas m\u00e3os para essas v\u00edtimas de viol\u00eancia. Estamos priorizando o seu direito de serem ouvidas e de terem deu direito tutelado pelo Estado\u201d. Nesse sentido, ele acrescentou que a institui\u00e7\u00e3o conta com brinquedoteca com monitores, para receber as crian\u00e7as enquanto as m\u00e3es s\u00e3o atendidas.<\/p>\n<p style=\"text-align: justify;\">\u201cConvido a todos para visitar nosso campus e o N\u00facleo de Pr\u00e1ticas Jur\u00eddicas, \u00e0 Rua Prof. Sigefredo Marqu\u00eas, 341, no bairro Est\u00e2ncia do Hibisco. Aqueles que precisam de atendimento podem entrar em contato pelo WhatsApp (31) 97300-0053. E pe\u00e7o que os vereadores, que s\u00e3o os entes mais pr\u00f3ximos do povo, levem pessoas que precisam, para que possamos avaliar os casos\u201d, concluiu.<\/p>\n<p style=\"text-align: justify;\">Os vereadores Alex Chiodi (SD), Jos\u00e9 Carlos (Avante), Daniel Carvalho e Bruno Barreiro (PV) enalteceram a iniciativa, que \u201cfacilita o acesso da popula\u00e7\u00e3o \u00e0 justi\u00e7a, principalmente as mulheres v\u00edtimas de viol\u00eancia dom\u00e9stica, que \u00e9 uma causa que esta Casa apoia e, por isso, um servi\u00e7o que vamos abra\u00e7ar e divulgar\u201d, conforme expressou Carvalho.<\/p>\n","protected":false},"excerpt":{"rendered":"<p>A cada hora, 26 mulheres sofrem agress\u00e3o f\u00edsica no pa\u00eds, segundo o 16\u00ba Anu\u00e1rio Brasileiro de Seguran\u00e7a P\u00fablica de 2022. Diante desses n\u00fameros alarmantes e do aumento nos casos em Contagem nos \u00faltimos anos, a C\u00e2mara Municipal tem proposto e discutido pol\u00edticas p\u00fablicas para combater essa triste realidade. Nesta semana, o assunto voltou a ser &hellip; <a href=\"https:\/\/www.cmc.mg.gov.br\/?p=22987\" class=\"more-link\">Continue lendo <span class=\"screen-reader-text\">Combate \u00e0 viol\u00eancia contra a mulher \u00e9 destaque na C\u00e2mara<\/span> <span class=\"meta-nav\">&rarr;<\/span><\/a><\/p>\n","protected":false},"author":3,"featured_media":22988,"comment_status":"open","ping_status":"open","sticky":false,"template":"","format":"standard","meta":{"_exactmetrics_skip_tracking":false,"_exactmetrics_sitenote_active":false,"_exactmetrics_sitenote_note":"","_exactmetrics_sitenote_category":0,"footnotes":""},"categories":[27],"tags":[],"class_list":["post-22987","post","type-post","status-publish","format-standard","has-post-thumbnail","hentry","category-noticias"],"_links":{"self":[{"href":"https:\/\/www.cmc.mg.gov.br\/index.php?rest_route=\/wp\/v2\/posts\/22987","targetHints":{"allow":["GET"]}}],"collection":[{"href":"https:\/\/www.cmc.mg.gov.br\/index.php?rest_route=\/wp\/v2\/posts"}],"about":[{"href":"https:\/\/www.cmc.mg.gov.br\/index.php?rest_route=\/wp\/v2\/types\/post"}],"author":[{"embeddable":true,"href":"https:\/\/www.cmc.mg.gov.br\/index.php?rest_route=\/wp\/v2\/users\/3"}],"replies":[{"embeddable":true,"href":"https:\/\/www.cmc.mg.gov.br\/index.php?rest_route=%2Fwp%2Fv2%2Fcomments&post=22987"}],"version-history":[{"count":3,"href":"https:\/\/www.cmc.mg.gov.br\/index.php?rest_route=\/wp\/v2\/posts\/22987\/revisions"}],"predecessor-version":[{"id":22994,"href":"https:\/\/www.cmc.mg.gov.br\/index.php?rest_route=\/wp\/v2\/posts\/22987\/revisions\/22994"}],"wp:featuredmedia":[{"embeddable":true,"href":"https:\/\/www.cmc.mg.gov.br\/index.php?rest_route=\/wp\/v2\/media\/22988"}],"wp:attachment":[{"href":"https:\/\/www.cmc.mg.gov.br\/index.php?rest_route=%2Fwp%2Fv2%2Fmedia&parent=22987"}],"wp:term":[{"taxonomy":"category","embeddable":true,"href":"https:\/\/www.cmc.mg.gov.br\/index.php?rest_route=%2Fwp%2Fv2%2Fcategories&post=22987"},{"taxonomy":"post_tag","embeddable":true,"href":"https:\/\/www.cmc.mg.gov.br\/index.php?rest_route=%2Fwp%2Fv2%2Ftags&post=22987"}],"curies":[{"name":"wp","href":"https:\/\/api.w.org\/{rel}","templated":true}]}}