
{"id":23153,"date":"2023-05-18T14:32:46","date_gmt":"2023-05-18T17:32:46","guid":{"rendered":"http:\/\/www.cmc.mg.gov.br\/?p=23153"},"modified":"2023-05-18T15:51:58","modified_gmt":"2023-05-18T18:51:58","slug":"camara-de-contagem-aprova-reajuste-salarial-de-servidores-municipais","status":"publish","type":"post","link":"https:\/\/www.cmc.mg.gov.br\/?p=23153","title":{"rendered":"C\u00e2mara de Contagem aprova reajuste salarial de servidores municipais"},"content":{"rendered":"<p style=\"text-align: justify;\">Os vereadores de Contagem aprovaram por unanimidade, em reuni\u00e3o extraordin\u00e1ria realizada nesta quinta-feira (18\/05), o projeto que trata da recomposi\u00e7\u00e3o salarial de 5,79% para servidores ativos, aposentados e pensionistas do poder Executivo do Munic\u00edpio. Esse percentual incide tamb\u00e9m no piso salarial municipal, que passa a ser de R$ 1.430,13.<\/p>\n<p style=\"text-align: justify;\">A proposi\u00e7\u00e3o recebeu uma emenda assinada por todos os parlamentares retroagindo os efeitos a 1\u00ba de maio de 2023, para que os trabalhadores j\u00e1 recebam o aumento na pr\u00f3xima folha de pagamento.<\/p>\n<p style=\"text-align: justify;\">Desde o ano passado, a C\u00e2mara de Contagem tem se destacado nos debates, na aprecia\u00e7\u00e3o r\u00e1pida e no aprimoramento de projetos de lei voltados para a valoriza\u00e7\u00e3o dos servidores municipais. Dessa forma, aproximadamente 90% dos trabalhadores p\u00fablicos de Contagem foram agraciados com melhorias na carreira, nos benef\u00edcios concedidos e nos vencimentos \u2013 os professores, por exemplo, tiveram um aumento de 38% no sal\u00e1rio de ingresso.<\/p>\n<p style=\"text-align: justify;\">Muitos desses projetos tiveram a aprecia\u00e7\u00e3o acelerada no Legislativo, com parte da vota\u00e7\u00e3o sendo realizada em reuni\u00f5es extraordin\u00e1rias. Foi o caso da primeira deste ano, realizada em mar\u00e7o, que votou projetos relacionados aos conselheiros tutelares, assistentes sociais, psic\u00f3logos, epidemiologistas cirurgi\u00f5es dentistas, agentes de sa\u00fade e inspetores de sa\u00fade. A reuni\u00e3o desta quinta-feira tamb\u00e9m foi convocada pelo presidente da C\u00e2mara, vereador Alex Chiodi (SD), com o intuito de votar mais rapidamente o reajuste geral.<\/p>\n<p style=\"text-align: justify;\">O\u00a0 <a href=\"http:\/\/legislativo.cmc.mg.gov.br:8080\/sapl\/consultas\/materia\/materia_mostrar_proc?cod_materia=39141\" target=\"_blank\" rel=\"noopener noreferrer\">PLC 06\/2023<\/a>\u00a0foi entregue aos vereadores pela prefeita Mar\u00edlia Campos (PT) <a href=\"http:\/\/www.cmc.mg.gov.br\/?p=23082\" target=\"_blank\" rel=\"noopener noreferrer\">em reuni\u00e3o realizada no in\u00edcio do m\u00eas<\/a> na presid\u00eancia da Casa. Na ocasi\u00e3o, Chiodi enalteceu a pol\u00edtica municipal de valoriza\u00e7\u00e3o dos servidores, al\u00e9m do papel da C\u00e2mara na aprecia\u00e7\u00e3o dos projetos.<\/p>\n<p style=\"text-align: justify;\">\u201cA C\u00e2mara tem trabalhado muito e de forma r\u00e1pida para a melhoria e a aprova\u00e7\u00e3o dos projetos do Executivo, com o objetivo de reajustar os sal\u00e1rios dos servidores, alguns muito defasados, e melhorar as carreiras; e, hoje, temos mais de 90% dos trabalhadores do munic\u00edpio com os sal\u00e1rios equilibrados. Por isso, neste ano, recebemos esse projeto de recomposi\u00e7\u00e3o salarial pela infla\u00e7\u00e3o, de forma linear, para que as conquistas das categorias n\u00e3o se percam\u201d, disse Chiodi.<\/p>\n<p style=\"text-align: justify;\">Mar\u00edlia Campos explicou que a pol\u00edtica de valoriza\u00e7\u00e3o do ano passado foi poss\u00edvel pelo bom desempenho das receitas municipais em 2021 e 2022, mas que a realidade deste ano \u00e9 diferente, com a previs\u00e3o de que a arrecada\u00e7\u00e3o cres\u00e7a apenas 1,5%, al\u00e9m de a folha salarial do Munic\u00edpio estar pr\u00f3xima de atingir o limite de alerta da Lei de Responsabilidade Fiscal.<\/p>\n<p style=\"text-align: justify;\">\u201cCom apoio da C\u00e2mara, o ano de 2022 foi marcante, quando pudemos corrigir as defasagens salariais dos nossos servidores. Agora, com a recomposi\u00e7\u00e3o, respeitando a limita\u00e7\u00e3o de receitas, mantemos a vit\u00f3ria conquistada e reafirmamos nosso compromisso com o servi\u00e7o p\u00fablico de qualidade, que passa pela valoriza\u00e7\u00e3o dos trabalhadores\u201d, pontuou.<\/p>\n","protected":false},"excerpt":{"rendered":"<p>Os vereadores de Contagem aprovaram por unanimidade, em reuni\u00e3o extraordin\u00e1ria realizada nesta quinta-feira (18\/05), o projeto que trata da recomposi\u00e7\u00e3o salarial de 5,79% para servidores ativos, aposentados e pensionistas do poder Executivo do Munic\u00edpio. Esse percentual incide tamb\u00e9m no piso salarial municipal, que passa a ser de R$ 1.430,13. A proposi\u00e7\u00e3o recebeu uma emenda assinada &hellip; <a href=\"https:\/\/www.cmc.mg.gov.br\/?p=23153\" class=\"more-link\">Continue lendo <span class=\"screen-reader-text\">C\u00e2mara de Contagem aprova reajuste salarial de servidores municipais<\/span> <span class=\"meta-nav\">&rarr;<\/span><\/a><\/p>\n","protected":false},"author":3,"featured_media":23154,"comment_status":"open","ping_status":"open","sticky":false,"template":"","format":"standard","meta":{"_exactmetrics_skip_tracking":false,"_exactmetrics_sitenote_active":false,"_exactmetrics_sitenote_note":"","_exactmetrics_sitenote_category":0,"footnotes":""},"categories":[27],"tags":[],"class_list":["post-23153","post","type-post","status-publish","format-standard","has-post-thumbnail","hentry","category-noticias"],"_links":{"self":[{"href":"https:\/\/www.cmc.mg.gov.br\/index.php?rest_route=\/wp\/v2\/posts\/23153","targetHints":{"allow":["GET"]}}],"collection":[{"href":"https:\/\/www.cmc.mg.gov.br\/index.php?rest_route=\/wp\/v2\/posts"}],"about":[{"href":"https:\/\/www.cmc.mg.gov.br\/index.php?rest_route=\/wp\/v2\/types\/post"}],"author":[{"embeddable":true,"href":"https:\/\/www.cmc.mg.gov.br\/index.php?rest_route=\/wp\/v2\/users\/3"}],"replies":[{"embeddable":true,"href":"https:\/\/www.cmc.mg.gov.br\/index.php?rest_route=%2Fwp%2Fv2%2Fcomments&post=23153"}],"version-history":[{"count":7,"href":"https:\/\/www.cmc.mg.gov.br\/index.php?rest_route=\/wp\/v2\/posts\/23153\/revisions"}],"predecessor-version":[{"id":23161,"href":"https:\/\/www.cmc.mg.gov.br\/index.php?rest_route=\/wp\/v2\/posts\/23153\/revisions\/23161"}],"wp:featuredmedia":[{"embeddable":true,"href":"https:\/\/www.cmc.mg.gov.br\/index.php?rest_route=\/wp\/v2\/media\/23154"}],"wp:attachment":[{"href":"https:\/\/www.cmc.mg.gov.br\/index.php?rest_route=%2Fwp%2Fv2%2Fmedia&parent=23153"}],"wp:term":[{"taxonomy":"category","embeddable":true,"href":"https:\/\/www.cmc.mg.gov.br\/index.php?rest_route=%2Fwp%2Fv2%2Fcategories&post=23153"},{"taxonomy":"post_tag","embeddable":true,"href":"https:\/\/www.cmc.mg.gov.br\/index.php?rest_route=%2Fwp%2Fv2%2Ftags&post=23153"}],"curies":[{"name":"wp","href":"https:\/\/api.w.org\/{rel}","templated":true}]}}