
{"id":23179,"date":"2023-05-24T14:23:36","date_gmt":"2023-05-24T17:23:36","guid":{"rendered":"http:\/\/www.cmc.mg.gov.br\/?p=23179"},"modified":"2023-05-26T13:31:29","modified_gmt":"2023-05-26T16:31:29","slug":"alteracao-de-data-inauguracao-da-nova-estrutura-do-procon-na-proxima-terca-feira-30","status":"publish","type":"post","link":"https:\/\/www.cmc.mg.gov.br\/?p=23179","title":{"rendered":"Altera\u00e7\u00e3o: Inaugura\u00e7\u00e3o da nova estrutura do Procon ser\u00e1 na ter\u00e7a-feira (30)"},"content":{"rendered":"<p style=\"text-align: justify;\"><em>A Unidade est\u00e1 fechada ao p\u00fablico a partir desta quarta-feira (24\/05), realizando a mudan\u00e7a para a nova sede anexa \u00e0 C\u00e2mara, que ser\u00e1 inaugurada no dia 30 de maio, \u00e0s 09 horas<\/em><\/p>\n<p style=\"text-align: justify;\">O Procon Unidade C\u00e2mara de Contagem acabou de completar um ano de funcionamento, com o saldo de mais de 2.500 atendimentos aos consumidores da cidade, ajudando-os a lutar por seus direitos. Mais de 90% dos casos foram resolvidos logo no contato preliminar do cidad\u00e3o com a equipe do Procon.<\/p>\n<p style=\"text-align: justify;\"><a href=\"http:\/\/www.cmc.mg.gov.br\/wordpress\/wp-content\/uploads\/2023\/05\/23-05-24-convite.jpeg\"><img loading=\"lazy\" decoding=\"async\" class=\"alignright wp-image-23183\" src=\"http:\/\/www.cmc.mg.gov.br\/wordpress\/wp-content\/uploads\/2023\/05\/23-05-24-convite.jpeg\" alt=\"\" width=\"204\" height=\"300\" \/><\/a>Funcionando desde o in\u00edcio de 2022 no hall de entrada da C\u00e2mara Municipal de Contagem, a unidade ganhar\u00e1, na pr\u00f3xima ter\u00e7a-feira (30\/05), uma nova estrutura ao lado da sede do Legislativo Municipal (Anexo Vereador Expedito Gomes Ferreira \u2013 Pra\u00e7a S\u00e3o Gon\u00e7alo, 18, Centro). Com mais conforto e praticidade para atender o cidad\u00e3o, o novo pr\u00e9dio ser\u00e1 inaugurado em solenidade realizada a partir das 09h.<\/p>\n<p style=\"text-align: justify;\">De acordo com a coordenadora da unidade, Rariucha Braga, o Procon C\u00e2mara ficar\u00e1 fechado entre os dias 24 e 29 de maio, para a mudan\u00e7a de sede e retorna com um atendimento mais qualificado. \u201cH\u00e1 um ano, dobramos a capacidade, considerando a grande demanda reprimida no munic\u00edpio e o aumento consider\u00e1vel na procura. Agora, continuamos conseguindo fazer 300 atendimentos por m\u00eas, mas com melhores condi\u00e7\u00f5es para ajudar os consumidores da nossa cidade a resolver suas demandas de forma mais r\u00e1pida\u201d.<\/p>\n<p style=\"text-align: justify;\">O presidente da C\u00e2mara, vereador Alex Chiodi (SD), destaca que \u201ca instala\u00e7\u00e3o da unidade do Procon na sede do Legislativo representou mais uma iniciativa para aproximar a popula\u00e7\u00e3o da C\u00e2mara, oferecendo mais um servi\u00e7o para facilitar a vida do cidad\u00e3o e ajudando os consumidores contagenses a resolver suas demandas de forma mais r\u00e1pida e descentralizada\u201d.<\/p>\n<p style=\"text-align: justify;\">O parlamentar acrescenta que as perspectivas s\u00e3o ainda melhores com a inaugura\u00e7\u00e3o da nova estrutura. \u201cVamos entregar, nos pr\u00f3ximos dias, as obras de constru\u00e7\u00e3o do pr\u00e9dio anexo que vai abrigar o nosso Procon, garantindo maior n\u00famero de atendimentos, com mais conforto e presteza, para contribuirmos ainda mais na defesa dos direitos de nossos cidad\u00e3os\u201d, conclui Chiodi.<\/p>\n<p style=\"text-align: justify;\"><strong>Atendimento<\/strong><\/p>\n<p style=\"text-align: justify;\">Criado em fevereiro de 2022, por meio da Lei Complementar 312\/2021, proposta pela Mesa Diretora da Casa, o Procon Unidade C\u00e2mara j\u00e1 realizou, at\u00e9 o dia 09 de maio deste ano, 2.454 atendimentos.<\/p>\n<p style=\"text-align: justify;\">Quase 50% das reclama\u00e7\u00f5es foram relacionadas a assuntos financeiros, incluindo empr\u00e9stimos consignados n\u00e3o autorizados por idosos e cobran\u00e7as abusivas de cart\u00e3o de cr\u00e9dito. O segundo maior motivo de atendimento s\u00e3o os servi\u00e7os essenciais de \u00e1gua e energia el\u00e9trica (27%). H\u00e1 tamb\u00e9m muitos casos de reclama\u00e7\u00f5es de servi\u00e7os privados (12%), principalmente de empresas de telefonia; al\u00e9m de compra e garantia de produtos (10%).<\/p>\n<p style=\"text-align: justify;\">O Procon C\u00e2mara funciona de segunda a sexta-feira, das 09h \u00e0s 18h. Para o atendimento, o consumidor deve realizar o agendamento pr\u00e9vio no site da C\u00e2mara (www.cmc.mg.gov.br\/procon) ou pelo telefone (31) 3359-9225; e, no hor\u00e1rio marcado, comparecer na Unidade (Vereador Expedito Gomes Ferreira \u2013 Pra\u00e7a S\u00e3o Gon\u00e7alo, 18, Centro \u2013 Contagem) com os documentos solicitados.<\/p>\n","protected":false},"excerpt":{"rendered":"<p>A Unidade est\u00e1 fechada ao p\u00fablico a partir desta quarta-feira (24\/05), realizando a mudan\u00e7a para a nova sede anexa \u00e0 C\u00e2mara, que ser\u00e1 inaugurada no dia 30 de maio, \u00e0s 09 horas O Procon Unidade C\u00e2mara de Contagem acabou de completar um ano de funcionamento, com o saldo de mais de 2.500 atendimentos aos consumidores &hellip; <a href=\"https:\/\/www.cmc.mg.gov.br\/?p=23179\" class=\"more-link\">Continue lendo <span class=\"screen-reader-text\">Altera\u00e7\u00e3o: Inaugura\u00e7\u00e3o da nova estrutura do Procon ser\u00e1 na ter\u00e7a-feira (30)<\/span> <span class=\"meta-nav\">&rarr;<\/span><\/a><\/p>\n","protected":false},"author":3,"featured_media":23207,"comment_status":"open","ping_status":"open","sticky":false,"template":"","format":"standard","meta":{"_exactmetrics_skip_tracking":false,"_exactmetrics_sitenote_active":false,"_exactmetrics_sitenote_note":"","_exactmetrics_sitenote_category":0,"footnotes":""},"categories":[27],"tags":[],"class_list":["post-23179","post","type-post","status-publish","format-standard","has-post-thumbnail","hentry","category-noticias"],"_links":{"self":[{"href":"https:\/\/www.cmc.mg.gov.br\/index.php?rest_route=\/wp\/v2\/posts\/23179","targetHints":{"allow":["GET"]}}],"collection":[{"href":"https:\/\/www.cmc.mg.gov.br\/index.php?rest_route=\/wp\/v2\/posts"}],"about":[{"href":"https:\/\/www.cmc.mg.gov.br\/index.php?rest_route=\/wp\/v2\/types\/post"}],"author":[{"embeddable":true,"href":"https:\/\/www.cmc.mg.gov.br\/index.php?rest_route=\/wp\/v2\/users\/3"}],"replies":[{"embeddable":true,"href":"https:\/\/www.cmc.mg.gov.br\/index.php?rest_route=%2Fwp%2Fv2%2Fcomments&post=23179"}],"version-history":[{"count":7,"href":"https:\/\/www.cmc.mg.gov.br\/index.php?rest_route=\/wp\/v2\/posts\/23179\/revisions"}],"predecessor-version":[{"id":23187,"href":"https:\/\/www.cmc.mg.gov.br\/index.php?rest_route=\/wp\/v2\/posts\/23179\/revisions\/23187"}],"wp:featuredmedia":[{"embeddable":true,"href":"https:\/\/www.cmc.mg.gov.br\/index.php?rest_route=\/wp\/v2\/media\/23207"}],"wp:attachment":[{"href":"https:\/\/www.cmc.mg.gov.br\/index.php?rest_route=%2Fwp%2Fv2%2Fmedia&parent=23179"}],"wp:term":[{"taxonomy":"category","embeddable":true,"href":"https:\/\/www.cmc.mg.gov.br\/index.php?rest_route=%2Fwp%2Fv2%2Fcategories&post=23179"},{"taxonomy":"post_tag","embeddable":true,"href":"https:\/\/www.cmc.mg.gov.br\/index.php?rest_route=%2Fwp%2Fv2%2Ftags&post=23179"}],"curies":[{"name":"wp","href":"https:\/\/api.w.org\/{rel}","templated":true}]}}