
{"id":23201,"date":"2023-05-25T18:00:55","date_gmt":"2023-05-25T21:00:55","guid":{"rendered":"http:\/\/www.cmc.mg.gov.br\/?p=23201"},"modified":"2023-05-25T18:08:12","modified_gmt":"2023-05-25T21:08:12","slug":"projeto-pretende-melhorar-acesso-de-deficientes-visuais-a-predios-publicos","status":"publish","type":"post","link":"https:\/\/www.cmc.mg.gov.br\/?p=23201","title":{"rendered":"Projeto pretende melhorar acesso de deficientes visuais a pr\u00e9dios p\u00fablicos"},"content":{"rendered":"<p style=\"text-align: justify;\">As pessoas com defici\u00eancia costumam encontrar uma s\u00e9rie de barreiras para exercer seus direitos. Uma das principais dificuldades dessa parcela da popula\u00e7\u00e3o diz respeito \u00e0 acessibilidade f\u00edsica e comunicativa em \u00f3rg\u00e3os p\u00fablicos. Essa \u00e9 uma preocupa\u00e7\u00e3o da C\u00e2mara de Contagem, que tem debatido, proposto e desenvolvido projetos e pol\u00edticas p\u00fablicas voltadas para a inclus\u00e3o.<\/p>\n<p style=\"text-align: justify;\">Com objetivo de reduzir essas barreiras, h\u00e1 mais de dois anos, o Legislativo incluiu<a href=\"http:\/\/www.cmc.mg.gov.br\/?p=19667\" target=\"_blank\" rel=\"noopener noreferrer\"> int\u00e9rpretes de Libras<\/a> (L\u00edngua Brasileira de Sinais) nas transmiss\u00f5es de todas as suas plen\u00e1rias e solenidades, para facilitar a comunica\u00e7\u00e3o com a comunidade surda. Nesse sentido, tamb\u00e9m <a href=\"http:\/\/www.cmc.mg.gov.br\/?p=21475\" target=\"_blank\" rel=\"noopener noreferrer\">capacitou seus servidores<\/a> e de alguns \u00f3rg\u00e3os da Prefeitura, para atender esse p\u00fablico. Outra iniciativa foi a aprova\u00e7\u00e3o, neste ano, da <a href=\"http:\/\/www.cmc.mg.gov.br\/?p=22987\" target=\"_blank\" rel=\"noopener noreferrer\">Lei 5361\/2023<\/a>, que garante a utiliza\u00e7\u00e3o de meios como a Libras, o braile (sistema de escrita t\u00e1til), entre outros sistemas, para que a mulher v\u00edtima de viol\u00eancia possa fazer den\u00fancias aos \u00f3rg\u00e3os competentes.<\/p>\n<p style=\"text-align: justify;\"><a href=\"http:\/\/www.cmc.mg.gov.br\/wordpress\/wp-content\/uploads\/2023\/05\/23-05-24-babao-foto-cmc.jpg\"><img loading=\"lazy\" decoding=\"async\" class=\"alignright wp-image-23205\" src=\"http:\/\/www.cmc.mg.gov.br\/wordpress\/wp-content\/uploads\/2023\/05\/23-05-24-babao-foto-cmc.jpg\" alt=\"\" width=\"300\" height=\"200\" \/><\/a>Nesta ter\u00e7a-feira (24\/05), mais um dispositivo inclusivo foi aprovado pelos vereadores. Trata-se do <a href=\"http:\/\/legislativo.cmc.mg.gov.br:8080\/sapl\/consultas\/materia\/materia_mostrar_proc?cod_materia=36429\" target=\"_blank\" rel=\"noopener noreferrer\">Projeto de Lei 202\/2022<\/a>, proposto pelo vereador Ronaldo Bab\u00e3o, que exige a afixa\u00e7\u00e3o de placas em braile, em locais de f\u00e1cil acesso, nos edif\u00edcios utilizados pela administra\u00e7\u00e3o municipal, indicando corredores, portas e entradas de salas, gabinetes e setores.<\/p>\n<p style=\"text-align: justify;\">\u201cO n\u00famero de deficientes visuais \u00e9 elevado em nossa cidade e, com isso, \u00e9 dever da administra\u00e7\u00e3o p\u00fablica disponibilizar os meios de facilitar o seu acesso aos ambientes de interesse da sociedade. Essa lei tem o objetivo de garantir esse direito e disponibilizar meios para que todos sejam respeitados. E as placas de sinaliza\u00e7\u00e3o em braile s\u00e3o um importante item de acessibilidade\u201d, destacou o autor, em justificativa anexa ao projeto.<\/p>\n<p style=\"text-align: justify;\">Durante a vota\u00e7\u00e3o em primeiro turno, na \u00faltima semana, os vereadores Hugo Vila\u00e7a e Arnaldo de Oliveira pediram a palavra para elogiar a inciativa. \u201cTodas as vezes que esta Casa receber e tramitar um projeto de inclus\u00e3o, principalmente de pessoas com defici\u00eancia, a a\u00e7\u00e3o deve ser enaltecida\u201d, destacou o primeiro. \u201c\u00c9 um projeto maravilhoso e de um grande alcance social\u201d, completou Arnaldo.<\/p>\n<p style=\"text-align: justify;\">A proposi\u00e7\u00e3o segue agora para a Prefeitura de Contagem e, caso seja sancionada, com a sua publica\u00e7\u00e3o no Di\u00e1rio Oficial do Munic\u00edpio, a lei entra em vigor no prazo de 60 dias, cabendo ao Executivo a sua regulamenta\u00e7\u00e3o.<\/p>\n","protected":false},"excerpt":{"rendered":"<p>As pessoas com defici\u00eancia costumam encontrar uma s\u00e9rie de barreiras para exercer seus direitos. Uma das principais dificuldades dessa parcela da popula\u00e7\u00e3o diz respeito \u00e0 acessibilidade f\u00edsica e comunicativa em \u00f3rg\u00e3os p\u00fablicos. Essa \u00e9 uma preocupa\u00e7\u00e3o da C\u00e2mara de Contagem, que tem debatido, proposto e desenvolvido projetos e pol\u00edticas p\u00fablicas voltadas para a inclus\u00e3o. Com &hellip; <a href=\"https:\/\/www.cmc.mg.gov.br\/?p=23201\" class=\"more-link\">Continue lendo <span class=\"screen-reader-text\">Projeto pretende melhorar acesso de deficientes visuais a pr\u00e9dios p\u00fablicos<\/span> <span class=\"meta-nav\">&rarr;<\/span><\/a><\/p>\n","protected":false},"author":3,"featured_media":23202,"comment_status":"open","ping_status":"open","sticky":false,"template":"","format":"standard","meta":{"_exactmetrics_skip_tracking":false,"_exactmetrics_sitenote_active":false,"_exactmetrics_sitenote_note":"","_exactmetrics_sitenote_category":0,"footnotes":""},"categories":[27],"tags":[],"class_list":["post-23201","post","type-post","status-publish","format-standard","has-post-thumbnail","hentry","category-noticias"],"_links":{"self":[{"href":"https:\/\/www.cmc.mg.gov.br\/index.php?rest_route=\/wp\/v2\/posts\/23201","targetHints":{"allow":["GET"]}}],"collection":[{"href":"https:\/\/www.cmc.mg.gov.br\/index.php?rest_route=\/wp\/v2\/posts"}],"about":[{"href":"https:\/\/www.cmc.mg.gov.br\/index.php?rest_route=\/wp\/v2\/types\/post"}],"author":[{"embeddable":true,"href":"https:\/\/www.cmc.mg.gov.br\/index.php?rest_route=\/wp\/v2\/users\/3"}],"replies":[{"embeddable":true,"href":"https:\/\/www.cmc.mg.gov.br\/index.php?rest_route=%2Fwp%2Fv2%2Fcomments&post=23201"}],"version-history":[{"count":3,"href":"https:\/\/www.cmc.mg.gov.br\/index.php?rest_route=\/wp\/v2\/posts\/23201\/revisions"}],"predecessor-version":[{"id":23206,"href":"https:\/\/www.cmc.mg.gov.br\/index.php?rest_route=\/wp\/v2\/posts\/23201\/revisions\/23206"}],"wp:featuredmedia":[{"embeddable":true,"href":"https:\/\/www.cmc.mg.gov.br\/index.php?rest_route=\/wp\/v2\/media\/23202"}],"wp:attachment":[{"href":"https:\/\/www.cmc.mg.gov.br\/index.php?rest_route=%2Fwp%2Fv2%2Fmedia&parent=23201"}],"wp:term":[{"taxonomy":"category","embeddable":true,"href":"https:\/\/www.cmc.mg.gov.br\/index.php?rest_route=%2Fwp%2Fv2%2Fcategories&post=23201"},{"taxonomy":"post_tag","embeddable":true,"href":"https:\/\/www.cmc.mg.gov.br\/index.php?rest_route=%2Fwp%2Fv2%2Ftags&post=23201"}],"curies":[{"name":"wp","href":"https:\/\/api.w.org\/{rel}","templated":true}]}}