
{"id":23329,"date":"2023-06-07T18:17:55","date_gmt":"2023-06-07T21:17:55","guid":{"rendered":"http:\/\/www.cmc.mg.gov.br\/?p=23329"},"modified":"2023-06-13T16:38:25","modified_gmt":"2023-06-13T19:38:25","slug":"comissao-pretende-intensificar-analise-do-plano-diretor-neste-mes","status":"publish","type":"post","link":"https:\/\/www.cmc.mg.gov.br\/?p=23329","title":{"rendered":"Comiss\u00e3o pretende intensificar an\u00e1lise do Plano Diretor neste m\u00eas"},"content":{"rendered":"<p style=\"text-align: justify;\">O m\u00eas de junho promete ser bem movimentado na C\u00e2mara de Contagem em rela\u00e7\u00e3o \u00e0 an\u00e1lise e ao debate do <a href=\"http:\/\/legislativo.cmc.mg.gov.br:8080\/sapl\/consultas\/materia\/materia_mostrar_proc?cod_materia=37089\" target=\"_blank\" rel=\"noopener noreferrer\">Projeto de Lei Complementar 28\/2022<\/a>, que trata do novo Plano Diretor Municipal. Em reuni\u00e3o realizada nesta quarta-feira (07\/06), a Comiss\u00e3o Especial do Plano Diretor resolveu acelerar o processo de discuss\u00e3o da proposta, e definiu um novo cronograma, com nove datas neste m\u00eas dedicadas \u00e0s discuss\u00f5es e delibera\u00e7\u00f5es desse instrumento de planejamento urbano.<\/p>\n<p style=\"text-align: justify;\">De acordo com o presidente da Comiss\u00e3o, vereador Daniel do Irineu (PP), todas as atividades realizadas na C\u00e2mara at\u00e9 ent\u00e3o \u2013 audi\u00eancia p\u00fablica, reuni\u00f5es tem\u00e1ticas e outras a\u00e7\u00f5es \u2013 \u201cforam importantes para promover a ampla participa\u00e7\u00e3o popular em debates inclusivos e democr\u00e1ticos sobre o futuro da cidade\u201d. E as altera\u00e7\u00f5es no cronograma levam em considera\u00e7\u00e3o a contrata\u00e7\u00e3o e <a href=\"http:\/\/www.cmc.mg.gov.br\/?p=23261\" target=\"_blank\" rel=\"noopener noreferrer\">apresenta\u00e7\u00e3o da consultoria especializada<\/a> pelo Legislativo na \u00faltima semana.<\/p>\n<p style=\"text-align: justify;\"><a href=\"http:\/\/www.cmc.mg.gov.br\/wordpress\/wp-content\/uploads\/2023\/06\/23-06-13-cronograma.jpeg\"><img loading=\"lazy\" decoding=\"async\" class=\"alignright wp-image-23347\" src=\"http:\/\/www.cmc.mg.gov.br\/wordpress\/wp-content\/uploads\/2023\/06\/23-06-13-cronograma.jpeg\" alt=\"\" width=\"300\" height=\"169\" \/><\/a>\u201cA Comiss\u00e3o considera muito importante o aprofundamento desse debate junto \u00e0 consultoria. Diante disso, na pr\u00f3xima semana, teremos quatro reuni\u00f5es setorizadas, divididas em eixos tem\u00e1ticos, dos vereadores com os especialistas contratados. Logo depois, faremos as quatro oitivas que est\u00e3o pendentes, culminando na audi\u00eancia p\u00fablica conclusiva, no dia 29 de junho\u201d, explicou.<\/p>\n<p style=\"text-align: justify;\">Anteriormente, a audi\u00eancia final, a apresenta\u00e7\u00e3o de emendas e a entrega do relat\u00f3rio da Comiss\u00e3o estavam marcadas para o m\u00eas de setembro. Com a altera\u00e7\u00e3o das datas, antecipando essas atividades para junho, de acordo com os vereadores, \u00e9 poss\u00edvel que a vota\u00e7\u00e3o do projeto seja tamb\u00e9m antecipada, em rela\u00e7\u00e3o ao previsto no \u00faltimo cronograma.<\/p>\n<p style=\"text-align: justify;\">\u201cPor envolver o parcelamento, a ocupa\u00e7\u00e3o e uso do solo de uma das maiores cidades do pa\u00eds, \u00e9 um projeto muito denso e complexo. A Comiss\u00e3o e os vereadores est\u00e3o debru\u00e7ados sobre a proposta e, agora, temos o aux\u00edlio dessa an\u00e1lise t\u00e9cnica e especializada para nos dar mais embasamento. Nossa preocupa\u00e7\u00e3o \u00e9 realizar um debate amplo e inclusivo, com os devidos cuidados do ponto de vista jur\u00eddico, processual e de tramita\u00e7\u00e3o, ouvindo e considerando todos os segmentos sociais. E vamos nos esfor\u00e7ar para entregarmos a melhor proposta o quanto antes para a popula\u00e7\u00e3o\u201d, concluiu Daniel do Irineu.<\/p>\n<table>\n<tbody>\n<tr>\n<td width=\"123\">Data<\/td>\n<td width=\"76\">Hor\u00e1rio<\/td>\n<td width=\"368\">Atividade<\/td>\n<\/tr>\n<tr>\n<td width=\"123\">12 de junho<\/td>\n<td width=\"76\">14h<\/td>\n<td width=\"368\">Debate Tem\u00e1tico \u2013 Zoneamento e par\u00e2metros urban\u00edsticos<\/td>\n<\/tr>\n<tr>\n<td width=\"123\">13 de junho<\/td>\n<td width=\"76\">14h<\/td>\n<td width=\"368\">Debate Tem\u00e1tico \u2013 Instrumentos de Pol\u00edtica Urbana<\/td>\n<\/tr>\n<tr>\n<td width=\"123\">\n<p>14 de junho<\/p>\n<p>&nbsp;<\/p>\n<p>15 de junho<\/td>\n<td width=\"76\">\n<p>14h<\/p>\n<p>&nbsp;<\/p>\n<p>14h<\/td>\n<td width=\"368\">\n<p>Debate Tem\u00e1tico \u2013 Meio Ambiente e Desenvolvimento Urbano<\/p>\n<p>&nbsp;<\/p>\n<p>Debate Tem\u00e1tico &#8211; Habita\u00e7\u00e3o e Desenvolvimento Urbano<\/td>\n<\/tr>\n<tr>\n<td width=\"123\">19 de junho<\/td>\n<td width=\"76\">14h<\/td>\n<td width=\"368\">Oitivas setoriais da sociedade civil<\/td>\n<\/tr>\n<tr>\n<td width=\"123\">20 de junho<\/td>\n<td width=\"76\">14h<\/td>\n<td width=\"368\">Oitivas setoriais da sociedade civil<\/td>\n<\/tr>\n<tr>\n<td width=\"123\">21 de junho<\/td>\n<td width=\"76\">14h<\/td>\n<td width=\"368\">Oitivas setoriais da sociedade civil<\/td>\n<\/tr>\n<tr>\n<td width=\"123\">22 de junho<\/td>\n<td width=\"76\">14h<\/td>\n<td width=\"368\">Oitivas setoriais da sociedade civil<\/td>\n<\/tr>\n<tr>\n<td width=\"123\">29 de junho<\/td>\n<td width=\"76\">18h<\/td>\n<td width=\"368\">Audi\u00eancia P\u00fablica Conclusiva<\/td>\n<\/tr>\n<\/tbody>\n<\/table>\n<p>&nbsp;<\/p>\n","protected":false},"excerpt":{"rendered":"<p>O m\u00eas de junho promete ser bem movimentado na C\u00e2mara de Contagem em rela\u00e7\u00e3o \u00e0 an\u00e1lise e ao debate do Projeto de Lei Complementar 28\/2022, que trata do novo Plano Diretor Municipal. Em reuni\u00e3o realizada nesta quarta-feira (07\/06), a Comiss\u00e3o Especial do Plano Diretor resolveu acelerar o processo de discuss\u00e3o da proposta, e definiu um &hellip; <a href=\"https:\/\/www.cmc.mg.gov.br\/?p=23329\" class=\"more-link\">Continue lendo <span class=\"screen-reader-text\">Comiss\u00e3o pretende intensificar an\u00e1lise do Plano Diretor neste m\u00eas<\/span> <span class=\"meta-nav\">&rarr;<\/span><\/a><\/p>\n","protected":false},"author":3,"featured_media":23330,"comment_status":"open","ping_status":"open","sticky":false,"template":"","format":"standard","meta":{"_exactmetrics_skip_tracking":false,"_exactmetrics_sitenote_active":false,"_exactmetrics_sitenote_note":"","_exactmetrics_sitenote_category":0,"footnotes":""},"categories":[27],"tags":[],"class_list":["post-23329","post","type-post","status-publish","format-standard","has-post-thumbnail","hentry","category-noticias"],"_links":{"self":[{"href":"https:\/\/www.cmc.mg.gov.br\/index.php?rest_route=\/wp\/v2\/posts\/23329","targetHints":{"allow":["GET"]}}],"collection":[{"href":"https:\/\/www.cmc.mg.gov.br\/index.php?rest_route=\/wp\/v2\/posts"}],"about":[{"href":"https:\/\/www.cmc.mg.gov.br\/index.php?rest_route=\/wp\/v2\/types\/post"}],"author":[{"embeddable":true,"href":"https:\/\/www.cmc.mg.gov.br\/index.php?rest_route=\/wp\/v2\/users\/3"}],"replies":[{"embeddable":true,"href":"https:\/\/www.cmc.mg.gov.br\/index.php?rest_route=%2Fwp%2Fv2%2Fcomments&post=23329"}],"version-history":[{"count":9,"href":"https:\/\/www.cmc.mg.gov.br\/index.php?rest_route=\/wp\/v2\/posts\/23329\/revisions"}],"predecessor-version":[{"id":23348,"href":"https:\/\/www.cmc.mg.gov.br\/index.php?rest_route=\/wp\/v2\/posts\/23329\/revisions\/23348"}],"wp:featuredmedia":[{"embeddable":true,"href":"https:\/\/www.cmc.mg.gov.br\/index.php?rest_route=\/wp\/v2\/media\/23330"}],"wp:attachment":[{"href":"https:\/\/www.cmc.mg.gov.br\/index.php?rest_route=%2Fwp%2Fv2%2Fmedia&parent=23329"}],"wp:term":[{"taxonomy":"category","embeddable":true,"href":"https:\/\/www.cmc.mg.gov.br\/index.php?rest_route=%2Fwp%2Fv2%2Fcategories&post=23329"},{"taxonomy":"post_tag","embeddable":true,"href":"https:\/\/www.cmc.mg.gov.br\/index.php?rest_route=%2Fwp%2Fv2%2Ftags&post=23329"}],"curies":[{"name":"wp","href":"https:\/\/api.w.org\/{rel}","templated":true}]}}