
{"id":23657,"date":"2023-08-17T15:00:33","date_gmt":"2023-08-17T18:00:33","guid":{"rendered":"http:\/\/www.cmc.mg.gov.br\/?p=23657"},"modified":"2023-08-17T15:43:24","modified_gmt":"2023-08-17T18:43:24","slug":"estudantes-da-escola-municipal-coronel-antonio-augusto-diniz-costa-tem-dia-de-cidadania-na-camara-de-contagem","status":"publish","type":"post","link":"https:\/\/www.cmc.mg.gov.br\/?p=23657","title":{"rendered":"Estudantes da E.M. Coronel Ant\u00f4nio Augusto t\u00eam dia de cidadania na C\u00e2mara"},"content":{"rendered":"<p style=\"text-align: justify;\">A Escola do Legislativo da C\u00e2mara de Contagem recebeu nesta quinta-feira, 17\/08, 70 estudantes dos 4\u00b0 e 7\u00b0 anos da Escola Municipal Coronel Ant\u00f4nio Augusto Diniz Costa. A iniciativa faz parte do projeto C\u00e2mara Aberta, que oferece visitas guiadas \u00e0 Casa, palestras e simula\u00e7\u00f5es da reuni\u00e3o plen\u00e1ria. O objetivo \u00e9 criar pontos de contato entre o munic\u00edpio e a popula\u00e7\u00e3o, estimulando a participa\u00e7\u00e3o cidad\u00e3.<\/p>\n<p style=\"text-align: justify;\">Durante a visita, os alunos foram recepcionados pelos vereadores Ronaldo Bab\u00e3o (Cidadania), Daniel Carvalho (PSD) e Daniel do Irineu (PP). Os vereadores ressaltaram a import\u00e2ncia da participa\u00e7\u00e3o desde cedo na vida pol\u00edtica. \u201cMuitas vezes voc\u00eas, crian\u00e7as, conseguem perceber problemas e trazer solu\u00e7\u00f5es que n\u00f3s, adultos, temos dificuldade de perceber\u201d, disse Bab\u00e3o aos estudantes. De acordo com Daniel Carvalho, o projeto tem potencial formativo, estimulando o surgimento de novas lideran\u00e7as. \u201cQuem sabe dessa turma saia um vereador, um prefeito, uma presidente da Rep\u00fablica?\u201d, falou o parlamentar aos presentes.<\/p>\n<figure id=\"attachment_23660\" aria-describedby=\"caption-attachment-23660\" style=\"width: 277px\" class=\"wp-caption alignleft\"><a href=\"http:\/\/www.cmc.mg.gov.br\/wordpress\/wp-content\/uploads\/2023\/08\/MG_0258-Copy.jpg\"><img loading=\"lazy\" decoding=\"async\" class=\" wp-image-23660\" src=\"http:\/\/www.cmc.mg.gov.br\/wordpress\/wp-content\/uploads\/2023\/08\/MG_0258-Copy.jpg\" alt=\"\" width=\"277\" height=\"185\" \/><\/a><figcaption id=\"caption-attachment-23660\" class=\"wp-caption-text\">Professora Edineia do Carmo Primeiro (\u00e0 esq.) e vice-diretora Rosiane Afonso Lacerda (\u00e0 dir.)<\/figcaption><\/figure>\n<p style=\"text-align: justify;\">Ap\u00f3s assistirem v\u00eddeos sobre as fun\u00e7\u00f5es dos tr\u00eas poderes, as crian\u00e7as ocuparam as cadeiras dos vereadores na Plen\u00e1ria. \u201cNo in\u00edcio, eles estavam um pouco t\u00edmidos, mas depois, quando come\u00e7aram a fazer os requerimentos, eles se soltaram. Eles entenderam que a pol\u00edtica tem rela\u00e7\u00e3o direta com o dia a dia deles\u201d, comentou a professora Edin\u00e9ia do Carmo Primeiro, que acompanhava a turma do 7\u00b0 ano. Durante a plen\u00e1ria simulada, eles apresentaram requerimentos e projetos, com destaque para demandas por melhorias no transporte p\u00fablico, seguran\u00e7a p\u00fablica, ilumina\u00e7\u00e3o da Pra\u00e7a Curumim e aumento do sal\u00e1rio dos profissionais da Educa\u00e7\u00e3o.<\/p>\n<p style=\"text-align: justify;\">De acordo com Rosiane Afonso Lacerda, vice-diretora da escola, \u201cpara as crian\u00e7as, a C\u00e2mara parece algo distante da realidade delas. \u00c9 importante para elas estarem aqui e aprenderem na pr\u00e1tica como funciona a din\u00e2mica desse lugar, como \u00e9 o trabalho dos vereadores\u201d.<\/p>\n<p style=\"text-align: justify;\">O C\u00e2mara Aberta \u00e9 realizado pela Escola do Legislativo desde 2017, tendo recebido em 2020 o Pr\u00eamio Cidades Inteligentes no Congresso Mineiro de Empreendedorismo, Sustentabilidade e Moderniza\u00e7\u00e3o das Cidades. O diretor legislativo da C\u00e2mara, Bruno C\u00e9sar de Carvalho, destacou a import\u00e2ncia da iniciativa para a forma\u00e7\u00e3o cidad\u00e3 e como forma de se ouvir os estudantes. \u201cFazemos com que os alunos se sintam verdadeiros vereadores que trazem para a C\u00e2mara as reivindica\u00e7\u00f5es da sociedade. Tem muita crian\u00e7a que aborda temas importantes, como respeito \u00e0s alunas que usam short na escola, o combate ao bullying, aumento do sal\u00e1rio dos professores. Hoje mesmo, teve uma crian\u00e7a que falou da import\u00e2ncia de se combater o racismo dentro da escola. A gente v\u00ea que a crian\u00e7a j\u00e1 tem uma vis\u00e3o cr\u00edtica voltada para melhorar a sociedade\u201d.<\/p>\n<p style=\"text-align: justify;\">Para participar do C\u00e2mara Aberta, as institui\u00e7\u00f5es de ensino devem entrar em contato pelo telefone 3198-8688. As atividades ocorrem sempre \u00e0s quintas-feiras.<\/p>\n","protected":false},"excerpt":{"rendered":"<p>A Escola do Legislativo da C\u00e2mara de Contagem recebeu nesta quinta-feira, 17\/08, 70 estudantes dos 4\u00b0 e 7\u00b0 anos da Escola Municipal Coronel Ant\u00f4nio Augusto Diniz Costa. A iniciativa faz parte do projeto C\u00e2mara Aberta, que oferece visitas guiadas \u00e0 Casa, palestras e simula\u00e7\u00f5es da reuni\u00e3o plen\u00e1ria. O objetivo \u00e9 criar pontos de contato entre &hellip; <a href=\"https:\/\/www.cmc.mg.gov.br\/?p=23657\" class=\"more-link\">Continue lendo <span class=\"screen-reader-text\">Estudantes da E.M. Coronel Ant\u00f4nio Augusto t\u00eam dia de cidadania na C\u00e2mara<\/span> <span class=\"meta-nav\">&rarr;<\/span><\/a><\/p>\n","protected":false},"author":16,"featured_media":23658,"comment_status":"open","ping_status":"open","sticky":false,"template":"","format":"standard","meta":{"_exactmetrics_skip_tracking":false,"_exactmetrics_sitenote_active":false,"_exactmetrics_sitenote_note":"","_exactmetrics_sitenote_category":0,"footnotes":""},"categories":[245,27],"tags":[],"class_list":["post-23657","post","type-post","status-publish","format-standard","has-post-thumbnail","hentry","category-camara-aberta","category-noticias"],"_links":{"self":[{"href":"https:\/\/www.cmc.mg.gov.br\/index.php?rest_route=\/wp\/v2\/posts\/23657","targetHints":{"allow":["GET"]}}],"collection":[{"href":"https:\/\/www.cmc.mg.gov.br\/index.php?rest_route=\/wp\/v2\/posts"}],"about":[{"href":"https:\/\/www.cmc.mg.gov.br\/index.php?rest_route=\/wp\/v2\/types\/post"}],"author":[{"embeddable":true,"href":"https:\/\/www.cmc.mg.gov.br\/index.php?rest_route=\/wp\/v2\/users\/16"}],"replies":[{"embeddable":true,"href":"https:\/\/www.cmc.mg.gov.br\/index.php?rest_route=%2Fwp%2Fv2%2Fcomments&post=23657"}],"version-history":[{"count":6,"href":"https:\/\/www.cmc.mg.gov.br\/index.php?rest_route=\/wp\/v2\/posts\/23657\/revisions"}],"predecessor-version":[{"id":23667,"href":"https:\/\/www.cmc.mg.gov.br\/index.php?rest_route=\/wp\/v2\/posts\/23657\/revisions\/23667"}],"wp:featuredmedia":[{"embeddable":true,"href":"https:\/\/www.cmc.mg.gov.br\/index.php?rest_route=\/wp\/v2\/media\/23658"}],"wp:attachment":[{"href":"https:\/\/www.cmc.mg.gov.br\/index.php?rest_route=%2Fwp%2Fv2%2Fmedia&parent=23657"}],"wp:term":[{"taxonomy":"category","embeddable":true,"href":"https:\/\/www.cmc.mg.gov.br\/index.php?rest_route=%2Fwp%2Fv2%2Fcategories&post=23657"},{"taxonomy":"post_tag","embeddable":true,"href":"https:\/\/www.cmc.mg.gov.br\/index.php?rest_route=%2Fwp%2Fv2%2Ftags&post=23657"}],"curies":[{"name":"wp","href":"https:\/\/api.w.org\/{rel}","templated":true}]}}