
{"id":23798,"date":"2023-09-06T18:25:50","date_gmt":"2023-09-06T21:25:50","guid":{"rendered":"http:\/\/www.cmc.mg.gov.br\/?p=23798"},"modified":"2023-09-06T18:33:21","modified_gmt":"2023-09-06T21:33:21","slug":"vereadores-fazem-entrega-do-plano-diretor-para-a-prefeitura-de-contagem","status":"publish","type":"post","link":"https:\/\/www.cmc.mg.gov.br\/?p=23798","title":{"rendered":"Vereadores fazem entrega do Plano Diretor para a Prefeitura de Contagem"},"content":{"rendered":"<p style=\"text-align: justify;\">A Comiss\u00e3o Especial do Plano Diretor e o presidente da C\u00e2mara de Contagem, vereador Alex Chiodi (Solidariedade), estiveram, na tarde desta quarta-feira (06\/09), na Prefeitura de Contagem, fazendo a entrega da vers\u00e3o final aprovada da <a href=\"http:\/\/legislativo.cmc.mg.gov.br:8080\/sapl\/consultas\/materia\/materia_mostrar_proc?cod_materia=37089\" target=\"_blank\" rel=\"noopener noreferrer\">proposi\u00e7\u00e3o que trata do Plano Diretor<\/a> para a prefeita Mar\u00edlia Campos (PT).<\/p>\n<p style=\"text-align: justify;\">Representaram a Comiss\u00e3o seu presidente, Daniel do Irineu (PP); o relator, Vin\u00edcius Faria (Republicanos); e o vereador Geg\u00ea Marreco (PTB). Tamb\u00e9m participaram da reuni\u00e3o o Secret\u00e1rio de Governo, Pedro Amaral, e o vice-prefeito, Ricardo Faria, al\u00e9m de representantes da Corpora\u00e7\u00e3o de Of\u00edcio de Arquitetura e Urbanismo, que prestaram consultoria \u00e0 C\u00e2mara nesse processo.<\/p>\n<p style=\"text-align: justify;\"><a href=\"http:\/\/www.cmc.mg.gov.br\/wordpress\/wp-content\/uploads\/2023\/09\/23-09-06-planodiretor-foto-elis-junior.jpg\"><img loading=\"lazy\" decoding=\"async\" class=\"alignright wp-image-23801\" src=\"http:\/\/www.cmc.mg.gov.br\/wordpress\/wp-content\/uploads\/2023\/09\/23-09-06-planodiretor-foto-elis-junior.jpg\" alt=\"\" width=\"300\" height=\"200\" \/><\/a>O projeto foi <a href=\"http:\/\/www.cmc.mg.gov.br\/?p=23753\" target=\"_blank\" rel=\"noopener noreferrer\">aprovado na C\u00e2mara<\/a> em segundo turno e reda\u00e7\u00e3o final em reuni\u00e3o extraordin\u00e1ria realizada na \u00faltima sexta-feira (01\/09), com acr\u00e9scimo de uma emenda de lideran\u00e7a, sete emendas individuais e outras contribui\u00e7\u00f5es dos vereadores inclu\u00eddas no relat\u00f3rio final da Comiss\u00e3o Especial. Isso ap\u00f3s quase dois anos de desenvolvimento do texto e delibera\u00e7\u00f5es democr\u00e1ticas, iniciados na prepara\u00e7\u00e3o da Confer\u00eancia Municipal de Pol\u00edtica Urbana, em 2021, e conduzidos neste ano pelo Legislativo, com mais de 14 reuni\u00f5es p\u00fablicas.<\/p>\n<p style=\"text-align: justify;\">Para Alex Chiodi, a entrega do documento \u201c\u00e9 um momento hist\u00f3rico para a cidade, pois a proposta de Plano Diretor que chegou \u00e0 C\u00e2mara era muito boa, mas ficou ainda melhor com a contribui\u00e7\u00e3o dos vereadores. A participa\u00e7\u00e3o do Legislativo foi efetiva e fundamental para que esse projeto &#8211; que \u00e9 inovador por incluir a lei de parcelamento, ocupa\u00e7\u00e3o e uso do solo \u2013 nos ajude a alavancar o desenvolvimento da cidade, preservando o meio ambiente\u201d, celebrou o vereador.<\/p>\n<p style=\"text-align: justify;\">A prefeita de Contagem relembrou das dificuldades vividas com a proposta aprovada em 2017 que, devido a uma s\u00e9rie de irregularidades, foi inviabilizada por a\u00e7\u00f5es judiciais. \u201cO Plano Diretor orienta o crescimento e desenvolvimento da nossa cidade. \u00c9 resultado de muito di\u00e1logo, ampla participa\u00e7\u00e3o popular e trabalho integrado. A C\u00e2mara trabalhou com as diretrizes para superar os retrocessos do Plano passado, que prejudicou muito o munic\u00edpio, e deu sua contribui\u00e7\u00e3o importante nesse processo\u201d, explicou Mar\u00edlia Campos.<\/p>\n<p style=\"text-align: justify;\"><a href=\"http:\/\/www.cmc.mg.gov.br\/wordpress\/wp-content\/uploads\/2023\/09\/23-09-06-planodiretor-foto-cleide-amaral-02.jpg\"><img loading=\"lazy\" decoding=\"async\" class=\"alignleft wp-image-23803\" src=\"http:\/\/www.cmc.mg.gov.br\/wordpress\/wp-content\/uploads\/2023\/09\/23-09-06-planodiretor-foto-cleide-amaral-02.jpg\" alt=\"\" width=\"300\" height=\"200\" \/><\/a>O presidente da Comiss\u00e3o Especial, Daniel do Irineu, por sua vez, enalteceu o trabalho de todos os vereadores e o apoio da consultoria no debate e aprimoramento da proposta. \u201cTivemos muito trabalho em conciliar as diversas opini\u00f5es e interesses conflitantes dos segmentos sociais, mas acredito que conseguimos minimamente atender a todos, fortalecendo essa constru\u00e7\u00e3o\u201d.<\/p>\n<p style=\"text-align: justify;\">Daniel acrescentou que as contribui\u00e7\u00f5es da C\u00e2mara ao texto incluem \u201ca amplia\u00e7\u00e3o de quase 5 milh\u00f5es de m<sup>2<\/sup> de zona rural, a cria\u00e7\u00e3o de v\u00e1rias \u00e1reas de preserva\u00e7\u00e3o ambiental em toda a cidade, e quest\u00f5es de regulariza\u00e7\u00e3o fundi\u00e1ria, entre outras coisas, sempre com o valioso aux\u00edlio da consultoria e em di\u00e1logo constante com a popula\u00e7\u00e3o e o poder Executivo\u201d, concluiu o parlamentar.<\/p>\n","protected":false},"excerpt":{"rendered":"<p>A Comiss\u00e3o Especial do Plano Diretor e o presidente da C\u00e2mara de Contagem, vereador Alex Chiodi (Solidariedade), estiveram, na tarde desta quarta-feira (06\/09), na Prefeitura de Contagem, fazendo a entrega da vers\u00e3o final aprovada da proposi\u00e7\u00e3o que trata do Plano Diretor para a prefeita Mar\u00edlia Campos (PT). Representaram a Comiss\u00e3o seu presidente, Daniel do Irineu &hellip; <a href=\"https:\/\/www.cmc.mg.gov.br\/?p=23798\" class=\"more-link\">Continue lendo <span class=\"screen-reader-text\">Vereadores fazem entrega do Plano Diretor para a Prefeitura de Contagem<\/span> <span class=\"meta-nav\">&rarr;<\/span><\/a><\/p>\n","protected":false},"author":3,"featured_media":23799,"comment_status":"open","ping_status":"open","sticky":false,"template":"","format":"standard","meta":{"_exactmetrics_skip_tracking":false,"_exactmetrics_sitenote_active":false,"_exactmetrics_sitenote_note":"","_exactmetrics_sitenote_category":0,"footnotes":""},"categories":[27],"tags":[],"class_list":["post-23798","post","type-post","status-publish","format-standard","has-post-thumbnail","hentry","category-noticias"],"_links":{"self":[{"href":"https:\/\/www.cmc.mg.gov.br\/index.php?rest_route=\/wp\/v2\/posts\/23798","targetHints":{"allow":["GET"]}}],"collection":[{"href":"https:\/\/www.cmc.mg.gov.br\/index.php?rest_route=\/wp\/v2\/posts"}],"about":[{"href":"https:\/\/www.cmc.mg.gov.br\/index.php?rest_route=\/wp\/v2\/types\/post"}],"author":[{"embeddable":true,"href":"https:\/\/www.cmc.mg.gov.br\/index.php?rest_route=\/wp\/v2\/users\/3"}],"replies":[{"embeddable":true,"href":"https:\/\/www.cmc.mg.gov.br\/index.php?rest_route=%2Fwp%2Fv2%2Fcomments&post=23798"}],"version-history":[{"count":3,"href":"https:\/\/www.cmc.mg.gov.br\/index.php?rest_route=\/wp\/v2\/posts\/23798\/revisions"}],"predecessor-version":[{"id":23804,"href":"https:\/\/www.cmc.mg.gov.br\/index.php?rest_route=\/wp\/v2\/posts\/23798\/revisions\/23804"}],"wp:featuredmedia":[{"embeddable":true,"href":"https:\/\/www.cmc.mg.gov.br\/index.php?rest_route=\/wp\/v2\/media\/23799"}],"wp:attachment":[{"href":"https:\/\/www.cmc.mg.gov.br\/index.php?rest_route=%2Fwp%2Fv2%2Fmedia&parent=23798"}],"wp:term":[{"taxonomy":"category","embeddable":true,"href":"https:\/\/www.cmc.mg.gov.br\/index.php?rest_route=%2Fwp%2Fv2%2Fcategories&post=23798"},{"taxonomy":"post_tag","embeddable":true,"href":"https:\/\/www.cmc.mg.gov.br\/index.php?rest_route=%2Fwp%2Fv2%2Ftags&post=23798"}],"curies":[{"name":"wp","href":"https:\/\/api.w.org\/{rel}","templated":true}]}}