
{"id":24096,"date":"2023-10-27T15:27:57","date_gmt":"2023-10-27T18:27:57","guid":{"rendered":"http:\/\/www.cmc.mg.gov.br\/?p=24096"},"modified":"2023-10-27T15:28:46","modified_gmt":"2023-10-27T18:28:46","slug":"24096","status":"publish","type":"post","link":"https:\/\/www.cmc.mg.gov.br\/?p=24096","title":{"rendered":"Dia do Vereador Mirim agita e encanta a C\u00e2mara Municipal de Contagem"},"content":{"rendered":"<p style=\"text-align: justify;\"><span style=\"font-weight: 400;\">Repetindo o sucesso da primeira, a segunda edi\u00e7\u00e3o do projeto Dia do Vereador Mirim de Contagem reuniu estudantes, pais, professores, diretores, secret\u00e1rios municipais e administradores regionais na C\u00e2mara nesta quinta-feira (26\/10). Ao longo de todo o dia,\u00a0 21 alunos da rede p\u00fablica municipal de ensino de Contagem puderam conhecer mais sobre o funcionamento da C\u00e2mara e o papel dos vereadores no munic\u00edpio.\u00a0<\/span><\/p>\n<p style=\"text-align: justify;\"><span style=\"font-weight: 400;\">O projeto Dia do Vereador Mirim \u00e9 institu\u00eddo pela <a href=\"https:\/\/ww2.contagem.mg.gov.br\/?legislacao=662802\" target=\"_blank\" rel=\"noopener noreferrer\">Lei Municipal 4328, de 2010<\/a>, e o seu funcionamento est\u00e1 disposto na <a href=\"https:\/\/ww2.contagem.mg.gov.br\/?legislacao=852319\" target=\"_blank\" rel=\"noopener noreferrer\">Lei 5269\/2022<\/a>, que garante que este evento aconte\u00e7a todos os anos, em outubro, m\u00eas em que se comemora o Dia das Crian\u00e7as. A autoria das leis \u00e9 do atual presidente da C\u00e2mara, vereador Alex Chiodi. A realiza\u00e7\u00e3o \u00e9 da Escola do Legislativo em parceria com a Secretaria Municipal de Educa\u00e7\u00e3o (Seduc).<\/span><\/p>\n<p style=\"text-align: justify;\"><span style=\"font-weight: 400;\">O dia come\u00e7ou com a recep\u00e7\u00e3o dos vereadores mirins no plen\u00e1rio, onde assistiram a uma palestra sobre o Poder Legislativo com o Diretor Legislativo da Casa, Bruno C\u00e9sar Carvalho. Em seguida, cada estudante foi para o gabinete de seu vereador tutor. L\u00e1, al\u00e9m de verem de perto o trabalho das assessorias, discutiram ideias e redigiram requerimentos, mo\u00e7\u00f5es, indica\u00e7\u00f5es e at\u00e9 mesmo projetos de lei que, mais tarde, foram lidos em plen\u00e1rio, durante uma reuni\u00e3o ordin\u00e1ria simulada.\u00a0<\/span><\/p>\n<p style=\"text-align: justify;\"><b>Trabalhos em plen\u00e1rio<\/b><\/p>\n<p style=\"text-align: justify;\"><span style=\"font-weight: 400;\">Na parte da tarde, o momento mais esperado: a reuni\u00e3o ordin\u00e1ria simulada, na qual os vereadores mirins, devidamente posicionados nas cadeiras dos vereadores, simularam parte de uma plen\u00e1ria. Assim, votaram as proposi\u00e7\u00f5es apresentadas pelos colegas: ao todo, foram dois projetos de lei, 21 requerimentos, 24 indica\u00e7\u00f5es e uma mo\u00e7\u00e3o.<a href=\"http:\/\/www.cmc.mg.gov.br\/wordpress\/wp-content\/uploads\/2023\/10\/IMG_0550.jpg\"><img loading=\"lazy\" decoding=\"async\" class=\" wp-image-24098 alignright\" src=\"http:\/\/www.cmc.mg.gov.br\/wordpress\/wp-content\/uploads\/2023\/10\/IMG_0550.jpg\" alt=\"\" width=\"452\" height=\"301\" \/><\/a><\/span><\/p>\n<p style=\"text-align: justify;\"><span style=\"font-weight: 400;\">Os projetos de lei apresentados foram de autoria dos vereadores mirins Amanda Beatriz de Miranda Marques (E.M Eli Horta Costa) e Arthur S\u00e3o Jos\u00e9 Gomes (E.M\u00a0 Josefina de Souza Lima). O primeiro criaria, em Contagem, o programa \u201cMenos tela, mais bola\u201d, e o segundo instituiria em Contagem a \u201cSemana Municipal do Gr\u00eamio Estudantil\u201d. J\u00e1 os requerimentos e indica\u00e7\u00f5es abordaram \u00e1reas diversas, desde o refor\u00e7o na seguran\u00e7a ao redor das escolas e melhorias na infraestrutura delas, at\u00e9 reforma e revitaliza\u00e7\u00e3o de pra\u00e7as e outros locais p\u00fablicos.<\/span><\/p>\n<p style=\"text-align: justify;\"><span style=\"font-weight: 400;\">Embora as mat\u00e9rias tenham sido votadas de forma fict\u00edcia, as demandas trazidas pelos estudantes eram reais; no ano passado, algumas delas se transformaram em proposi\u00e7\u00f5es oficiais, apresentadas pelos vereadores nas plen\u00e1rias subsequentes.\u00a0<\/span><\/p>\n<p style=\"text-align: justify;\"><b>Seletiva nas escolas<\/b><\/p>\n<p style=\"text-align: justify;\"><span style=\"font-weight: 400;\">Eliana Oioko, superintendente de Ensino Fundamental da Seduc, uma das respons\u00e1veis pela estrutura\u00e7\u00e3o e execu\u00e7\u00e3o da triagem nas escolas, explicou como foi o processo de sele\u00e7\u00e3o dos 21 alunos escolhidos.\u00a0<\/span><\/p>\n<p style=\"text-align: justify;\"><span style=\"font-weight: 400;\">A sele\u00e7\u00e3o foi proporcional ao n\u00famero de escolas de cada regional da cidade; a princ\u00edpio, houve um debate sobre o papel do Legislativo e atua\u00e7\u00e3o dos vereadores. Depois, uma reda\u00e7\u00e3o foi proposta aos interessados em participar, e os textos foram avaliados e selecionados por uma comiss\u00e3o de professores e pedagogos dentro das escolas.<\/span><\/p>\n<p style=\"text-align: justify;\"><span style=\"font-weight: 400;\">A partir da\u00ed, as reda\u00e7\u00f5es foram novamente avaliadas e escolhidas dentro das escolas das regionais \u00e0s quais pertenciam. Por fim, 21 vereadores mirins, de 21 institui\u00e7\u00f5es de ensino diferentes, foram selecionados a partir da produ\u00e7\u00e3o textual, num \u201cprocesso prioritariamente pedag\u00f3gico\u201d, como refor\u00e7ou Oioko. \u201cSendo professora de Portugu\u00eas, acho que o processo n\u00e3o poderia deixar de ser reda\u00e7\u00e3o, porque leitura, produ\u00e7\u00e3o e interpreta\u00e7\u00e3o s\u00e3o a base do conhecimento\u201d, disse.\u00a0<\/span><\/p>\n<p style=\"text-align: justify;\"><b>Solenidade<\/b><\/p>\n<p style=\"text-align: justify;\"><span style=\"font-weight: 400;\">Antes da reuni\u00e3o plen\u00e1ria simulada, algumas falas refor\u00e7aram a import\u00e2ncia e a grandeza do evento. A secret\u00e1ria Municipal de Educa\u00e7\u00e3o, Telma Fernandes, parabenizou o Legislativo pelo projeto e, al\u00e9m disso, os pr\u00f3prios estudantes, que se destacaram entre quase 60 mil alunos da rede p\u00fablica municipal de ensino e foram escolhidos para represent\u00e1-los na C\u00e2mara. Al\u00e9m disso, convidou os vereadores mirins para uma visita \u00e0 Seduc. \u201cPodemos receb\u00ea-los l\u00e1, assim como recebemos sempre os vereadores, para conversar, trocar ideias e resolver problemas\u201d.\u00a0<\/span><\/p>\n<p style=\"text-align: justify;\"><span style=\"font-weight: 400;\">Alex Chiodi, al\u00e9m de justificar a aus\u00eancia da prefeita Mar\u00edlia Campos &#8211; por causa de uma agenda de \u00faltima hora, ressaltou que o Dia do Vereador Mirim s\u00f3 \u00e9 poss\u00edvel e grandioso por causa do empenho de todos os vereadores. Alex disse tamb\u00e9m que no pr\u00f3ximo m\u00eas, a prefeita aguarda todos os vereadores mirins para uma foto oficial, na Prefeitura.<\/span><\/p>\n<p style=\"text-align: justify;\"><span style=\"font-weight: 400;\">Os vereadores mirins e seus respectivos padrinhos tamb\u00e9m tiveram fala. A vereadora-mirim J\u00falia Ferreira Gon\u00e7alves dos Santos (E.M Villa-Lobos), apadrinhada da vereadora Daisy Silva, agradeceu a equipe pedag\u00f3gica da sua escola e disse a que veio: \u201cestamos aqui para mudar algumas condi\u00e7\u00f5es do munic\u00edpio e fazer com que os cidad\u00e3os tenham seus direitos estabelecidos\u201d.\u00a0<\/span><\/p>\n<p style=\"text-align: justify;\"><span style=\"font-weight: 400;\">Mateus da Rocha Santos\u00a0 (E.M Professor Wancleber Pacheco), vereador-mirim apadrinhado pela vereadora Gl\u00f3ria da Aposentadoria, agradeceu ao seu professor de Geografia, que o acompanhava no dia, e aos demais professores que o motivaram a fazer a reda\u00e7\u00e3o. \u201cNesse projeto, encontrei tamb\u00e9m uma oportunidade de perder um pouco da minha timidez. Hoje, venho apresentar propostas que eu espero que se tornem realidade e que beneficiem a todos onde estudo e onde moro\u201d.<\/span><\/p>\n<p style=\"text-align: justify;\"><span style=\"font-weight: 400;\">A cerim\u00f4nia foi encerrada com a entrega dos certificados de participa\u00e7\u00e3o aos alunos, e com uma apresenta\u00e7\u00e3o de canto da aluna Iris Gabrielle de Oliveira Vieira (E.M Estudante Leonardo Sadra).<\/span><\/p>\n","protected":false},"excerpt":{"rendered":"<p>Repetindo o sucesso da primeira, a segunda edi\u00e7\u00e3o do projeto Dia do Vereador Mirim de Contagem reuniu estudantes, pais, professores, diretores, secret\u00e1rios municipais e administradores regionais na C\u00e2mara nesta quinta-feira (26\/10). Ao longo de todo o dia,\u00a0 21 alunos da rede p\u00fablica municipal de ensino de Contagem puderam conhecer mais sobre o funcionamento da C\u00e2mara &hellip; <a href=\"https:\/\/www.cmc.mg.gov.br\/?p=24096\" class=\"more-link\">Continue lendo <span class=\"screen-reader-text\">Dia do Vereador Mirim agita e encanta a C\u00e2mara Municipal de Contagem<\/span> <span class=\"meta-nav\">&rarr;<\/span><\/a><\/p>\n","protected":false},"author":2,"featured_media":24097,"comment_status":"open","ping_status":"open","sticky":false,"template":"","format":"standard","meta":{"_exactmetrics_skip_tracking":false,"_exactmetrics_sitenote_active":false,"_exactmetrics_sitenote_note":"","_exactmetrics_sitenote_category":0,"footnotes":""},"categories":[8,26,11,24,27,246],"tags":[],"class_list":["post-24096","post","type-post","status-publish","format-standard","has-post-thumbnail","hentry","category-camara","category-escola-do-legislativo","category-eventos","category-eventos-institucionais","category-noticias","category-vereador-mirim"],"_links":{"self":[{"href":"https:\/\/www.cmc.mg.gov.br\/index.php?rest_route=\/wp\/v2\/posts\/24096","targetHints":{"allow":["GET"]}}],"collection":[{"href":"https:\/\/www.cmc.mg.gov.br\/index.php?rest_route=\/wp\/v2\/posts"}],"about":[{"href":"https:\/\/www.cmc.mg.gov.br\/index.php?rest_route=\/wp\/v2\/types\/post"}],"author":[{"embeddable":true,"href":"https:\/\/www.cmc.mg.gov.br\/index.php?rest_route=\/wp\/v2\/users\/2"}],"replies":[{"embeddable":true,"href":"https:\/\/www.cmc.mg.gov.br\/index.php?rest_route=%2Fwp%2Fv2%2Fcomments&post=24096"}],"version-history":[{"count":2,"href":"https:\/\/www.cmc.mg.gov.br\/index.php?rest_route=\/wp\/v2\/posts\/24096\/revisions"}],"predecessor-version":[{"id":24100,"href":"https:\/\/www.cmc.mg.gov.br\/index.php?rest_route=\/wp\/v2\/posts\/24096\/revisions\/24100"}],"wp:featuredmedia":[{"embeddable":true,"href":"https:\/\/www.cmc.mg.gov.br\/index.php?rest_route=\/wp\/v2\/media\/24097"}],"wp:attachment":[{"href":"https:\/\/www.cmc.mg.gov.br\/index.php?rest_route=%2Fwp%2Fv2%2Fmedia&parent=24096"}],"wp:term":[{"taxonomy":"category","embeddable":true,"href":"https:\/\/www.cmc.mg.gov.br\/index.php?rest_route=%2Fwp%2Fv2%2Fcategories&post=24096"},{"taxonomy":"post_tag","embeddable":true,"href":"https:\/\/www.cmc.mg.gov.br\/index.php?rest_route=%2Fwp%2Fv2%2Ftags&post=24096"}],"curies":[{"name":"wp","href":"https:\/\/api.w.org\/{rel}","templated":true}]}}