
{"id":24136,"date":"2023-11-01T13:57:33","date_gmt":"2023-11-01T16:57:33","guid":{"rendered":"http:\/\/www.cmc.mg.gov.br\/?p=24136"},"modified":"2023-11-01T14:11:55","modified_gmt":"2023-11-01T17:11:55","slug":"estudantes-participam-do-aulao-do-enem-2023","status":"publish","type":"post","link":"https:\/\/www.cmc.mg.gov.br\/?p=24136","title":{"rendered":"Estudantes participam do Aul\u00e3o do ENEM 2023"},"content":{"rendered":"<p style=\"text-align: justify;\">A C\u00e2mara de Contagem realizou na manh\u00e3 desta quarta-feira (01\/11) mais uma edi\u00e7\u00e3o do Aul\u00e3o de Reda\u00e7\u00e3o para o Exame Nacional do Ensino do M\u00e9dio (ENEM), que ocorre nos dias 5 e 12 de novembro. A aula foi ministrada pela professora Gabriela Faria Scarpelli, que atua como docente volunt\u00e1ria em cursinhos sociais e \u00e9 servidora da Casa.<\/p>\n<figure id=\"attachment_24139\" aria-describedby=\"caption-attachment-24139\" style=\"width: 250px\" class=\"wp-caption alignleft\"><a href=\"http:\/\/www.cmc.mg.gov.br\/wordpress\/wp-content\/uploads\/2023\/11\/Foto-Cleide-Amaral-44-Copy.jpg\"><img loading=\"lazy\" decoding=\"async\" class=\" wp-image-24139\" src=\"http:\/\/www.cmc.mg.gov.br\/wordpress\/wp-content\/uploads\/2023\/11\/Foto-Cleide-Amaral-44-Copy.jpg\" alt=\"\" width=\"250\" height=\"192\" \/><\/a><figcaption id=\"caption-attachment-24139\" class=\"wp-caption-text\"><em>Eliane Oliveira (\u00e0 esq.), coordenadora da Escola do Legislativo, e Gabriela Scarpelli (\u00e0 dir.), professora de Portugu\u00eas. Foto: Cleide Amaral.<\/em><\/figcaption><\/figure>\n<p style=\"text-align: justify;\">Os estudantes aprenderam t\u00e9cnicas para elabora\u00e7\u00e3o de um texto dissertativo-argumentativo, principal modalidade cobrada nas provas. Al\u00e9m disso, a professora abordou os erros mais comuns e deu dicas de como os evitar e aprimorar as habilidades de escrita.<\/p>\n<p style=\"text-align: justify;\">\u201cA reda\u00e7\u00e3o \u00e9 importante n\u00e3o apenas para o ENEM. Ela abarca tudo, o texto que voc\u00ea faz, um of\u00edcio, um email etc. A reda\u00e7\u00e3o demonstra a forma como ele, o estudante, se expressa\u201d, analisou a professora. Ao comentar sobre as dificuldades mais recorrentes, Gabriela destacou: elabora\u00e7\u00e3o da proposta de interven\u00e7\u00e3o na conclus\u00e3o da reda\u00e7\u00e3o, confus\u00e3o no uso de palavras parecidas, problemas de coes\u00e3o e utiliza\u00e7\u00e3o de v\u00edrgulas e crase.<\/p>\n<p>&nbsp;<\/p>\n<p>&nbsp;<\/p>\n<figure id=\"attachment_24137\" aria-describedby=\"caption-attachment-24137\" style=\"width: 255px\" class=\"wp-caption alignright\"><a href=\"http:\/\/www.cmc.mg.gov.br\/wordpress\/wp-content\/uploads\/2023\/11\/Foto-Cleide-Amaral-19-Copy.jpg\"><img loading=\"lazy\" decoding=\"async\" class=\" wp-image-24137\" src=\"http:\/\/www.cmc.mg.gov.br\/wordpress\/wp-content\/uploads\/2023\/11\/Foto-Cleide-Amaral-19-Copy.jpg\" alt=\"\" width=\"255\" height=\"170\" \/><\/a><figcaption id=\"caption-attachment-24137\" class=\"wp-caption-text\"><em>Sophia Hickmann faz pergunta \u00e0 professora. Foto: Cleide Amaral.<\/em><\/figcaption><\/figure>\n<p style=\"text-align: justify;\">Luiz Ot\u00e1vio Nascimento, 18 anos, \u00e9 aluno da Escola Estadual Professora Maria Coutinho e pretende cursar Medicina Veterin\u00e1ria. De acordo com ele, a aula foi \u201cesclarecedora e direto ao ponto\u201d. A avalia\u00e7\u00e3o \u00e9 compartilhada por Sophia Hickmann, 17 anos, estudante da Escola Estadual Nair Mendes Moreira, que tem interesse pelas gradua\u00e7\u00f5es em Engenharia Mec\u00e2nica e Rela\u00e7\u00f5es Internacionais. \u201cAchei excelente, principalmente porque a professora explicou os erros mais comuns que a gente comete no dia a dia sem perceber. Al\u00e9m disso, ela ensinou a estrutura da reda\u00e7\u00e3o, o que ajuda muito na hora escrever\u201d, comentou.<\/p>\n<p style=\"text-align: justify;\">O Aul\u00e3o do ENEM \u00e9 um projeto da Escola do Legislativo da C\u00e2mara de Contagem. Em 2017, recebeu o <a href=\"http:\/\/www.cmc.mg.gov.br\/?p=9684\">pr\u00eamio Cidades Inteligentes<\/a> no Congresso Mineiro de Empreendedorismo, Sustentabilidade e Moderniza\u00e7\u00e3o das Cidades. A aula deste ano foi veiculada nas redes sociais da C\u00e2mara de Contagem e est\u00e1 dispon\u00edvel no Canal da TV C\u00e2mara no YouTube.<\/p>\n","protected":false},"excerpt":{"rendered":"<p>A C\u00e2mara de Contagem realizou na manh\u00e3 desta quarta-feira (01\/11) mais uma edi\u00e7\u00e3o do Aul\u00e3o de Reda\u00e7\u00e3o para o Exame Nacional do Ensino do M\u00e9dio (ENEM), que ocorre nos dias 5 e 12 de novembro. A aula foi ministrada pela professora Gabriela Faria Scarpelli, que atua como docente volunt\u00e1ria em cursinhos sociais e \u00e9 servidora &hellip; <a href=\"https:\/\/www.cmc.mg.gov.br\/?p=24136\" class=\"more-link\">Continue lendo <span class=\"screen-reader-text\">Estudantes participam do Aul\u00e3o do ENEM 2023<\/span> <span class=\"meta-nav\">&rarr;<\/span><\/a><\/p>\n","protected":false},"author":16,"featured_media":24140,"comment_status":"open","ping_status":"open","sticky":false,"template":"","format":"standard","meta":{"_exactmetrics_skip_tracking":false,"_exactmetrics_sitenote_active":false,"_exactmetrics_sitenote_note":"","_exactmetrics_sitenote_category":0,"footnotes":""},"categories":[26,11,27],"tags":[],"class_list":["post-24136","post","type-post","status-publish","format-standard","has-post-thumbnail","hentry","category-escola-do-legislativo","category-eventos","category-noticias"],"_links":{"self":[{"href":"https:\/\/www.cmc.mg.gov.br\/index.php?rest_route=\/wp\/v2\/posts\/24136","targetHints":{"allow":["GET"]}}],"collection":[{"href":"https:\/\/www.cmc.mg.gov.br\/index.php?rest_route=\/wp\/v2\/posts"}],"about":[{"href":"https:\/\/www.cmc.mg.gov.br\/index.php?rest_route=\/wp\/v2\/types\/post"}],"author":[{"embeddable":true,"href":"https:\/\/www.cmc.mg.gov.br\/index.php?rest_route=\/wp\/v2\/users\/16"}],"replies":[{"embeddable":true,"href":"https:\/\/www.cmc.mg.gov.br\/index.php?rest_route=%2Fwp%2Fv2%2Fcomments&post=24136"}],"version-history":[{"count":8,"href":"https:\/\/www.cmc.mg.gov.br\/index.php?rest_route=\/wp\/v2\/posts\/24136\/revisions"}],"predecessor-version":[{"id":24148,"href":"https:\/\/www.cmc.mg.gov.br\/index.php?rest_route=\/wp\/v2\/posts\/24136\/revisions\/24148"}],"wp:featuredmedia":[{"embeddable":true,"href":"https:\/\/www.cmc.mg.gov.br\/index.php?rest_route=\/wp\/v2\/media\/24140"}],"wp:attachment":[{"href":"https:\/\/www.cmc.mg.gov.br\/index.php?rest_route=%2Fwp%2Fv2%2Fmedia&parent=24136"}],"wp:term":[{"taxonomy":"category","embeddable":true,"href":"https:\/\/www.cmc.mg.gov.br\/index.php?rest_route=%2Fwp%2Fv2%2Fcategories&post=24136"},{"taxonomy":"post_tag","embeddable":true,"href":"https:\/\/www.cmc.mg.gov.br\/index.php?rest_route=%2Fwp%2Fv2%2Ftags&post=24136"}],"curies":[{"name":"wp","href":"https:\/\/api.w.org\/{rel}","templated":true}]}}