
{"id":24359,"date":"2023-12-01T14:28:11","date_gmt":"2023-12-01T17:28:11","guid":{"rendered":"http:\/\/www.cmc.mg.gov.br\/?p=24359"},"modified":"2023-12-01T14:29:16","modified_gmt":"2023-12-01T17:29:16","slug":"41a-reuniao-ordinaria-de-2023","status":"publish","type":"post","link":"https:\/\/www.cmc.mg.gov.br\/?p=24359","title":{"rendered":"41\u00aa Reuni\u00e3o Ordin\u00e1ria de 2023"},"content":{"rendered":"<p>41\u00aa Reuni\u00e3o Ordin\u00e1ria da 3\u00aa Sess\u00e3o Legislativa da 19\u00aa Legislatura, prevista para o dia 5 de dezembro de 2023, ter\u00e7a-feira, no Plen\u00e1rio Vereador Jos\u00e9 Cust\u00f3dio, com in\u00edcio \u00e0s 9 horas.<\/p>\n<p>&nbsp;<\/p>\n<p><strong>Item 01:<\/strong> Discuss\u00e3o e vota\u00e7\u00e3o, em <strong>Turno \u00danico<\/strong>, do <a href=\"http:\/\/legislativo.cmc.mg.gov.br:8080\/sapl\/consultas\/materia\/materia_mostrar_proc?cod_materia=32209\"><strong>Veto Parcial \u00e0 Proposi\u00e7\u00e3o de Lei n.\u00ba 110\/2023, origin\u00e1ria do Projeto de Lei n.\u00ba 222\/2021<\/strong><\/a>, que \u201cInstitui o Portal da Transpar\u00eancia Social, destinado ao controle das pol\u00edticas p\u00fablicas socioassistenciais.\u201d Projeto de Lei de Autoria do Vereador Denilson da Juc.<\/p>\n<p>&nbsp;<\/p>\n<p><strong>Emendas<\/strong>: N\u00e3o.<\/p>\n<p><strong>Qu\u00f3rum<\/strong>: Maioria Absoluta para rejei\u00e7\u00e3o, conforme o artigo 277 do Regimento Interno.<\/p>\n<p><strong>Vota\u00e7\u00e3o<\/strong>: Eletr\u00f4nica.<\/p>\n<p>&nbsp;<\/p>\n<p><strong>Item 02:<\/strong> Discuss\u00e3o e vota\u00e7\u00e3o, em <strong>Turno \u00danico<\/strong>, do <a href=\"http:\/\/legislativo.cmc.mg.gov.br:8080\/sapl\/consultas\/materia\/materia_mostrar_proc?cod_materia=32828\"><strong>Veto Total \u00e0 Proposi\u00e7\u00e3o de Lei n.\u00ba 101\/2023, origin\u00e1ria do Projeto de Lei n.\u00ba 034\/2022<\/strong><\/a>, que \u201cTorna obrigat\u00f3ria a presta\u00e7\u00e3o de socorro aos animais atropelados no munic\u00edpio de Contagem.\u201d Projeto de Lei de Autoria do Vereador L\u00e9o da Academia.<\/p>\n<p>&nbsp;<\/p>\n<p><strong> Emendas<\/strong>: N\u00e3o.<\/p>\n<p><strong>Qu\u00f3rum<\/strong>: Maioria Absoluta para rejei\u00e7\u00e3o, conforme o artigo 277 do Regimento Interno.<\/p>\n<p><strong>Vota\u00e7\u00e3o<\/strong>: Eletr\u00f4nica.<\/p>\n<p>&nbsp;<\/p>\n<p><strong>Item 03:<\/strong> Discuss\u00e3o e vota\u00e7\u00e3o, em <strong>Turno \u00danico<\/strong>, do<a href=\"http:\/\/legislativo.cmc.mg.gov.br:8080\/sapl\/consultas\/materia\/materia_mostrar_proc?cod_materia=40778\"> <strong>Veto Total \u00e0 Proposi\u00e7\u00e3o de Lei n.\u00ba 092\/2023, origin\u00e1ria do Projeto de Lei n.\u00ba 131\/2023<\/strong><\/a>, que \u201cDenomina Rua 61 A, no Bairro Tropical, neste Munic\u00edpio\u201d Projeto de Lei de Autoria do Vereador Daniel do Irineu.\u201d<\/p>\n<p><strong>\u00a0<\/strong><\/p>\n<p><strong>Emendas<\/strong> : N\u00e3o.<\/p>\n<p><strong>Qu\u00f3rum<\/strong>: Maioria Absoluta para rejei\u00e7\u00e3o, conforme o artigo 277 do Regimento Interno.<\/p>\n<p><strong>Vota\u00e7\u00e3o<\/strong>: Eletr\u00f4nica.<\/p>\n","protected":false},"excerpt":{"rendered":"<p>41\u00aa Reuni\u00e3o Ordin\u00e1ria da 3\u00aa Sess\u00e3o Legislativa da 19\u00aa Legislatura, prevista para o dia 5 de dezembro de 2023, ter\u00e7a-feira, no Plen\u00e1rio Vereador Jos\u00e9 Cust\u00f3dio, com in\u00edcio \u00e0s 9 horas. &nbsp; Item 01: Discuss\u00e3o e vota\u00e7\u00e3o, em Turno \u00danico, do Veto Parcial \u00e0 Proposi\u00e7\u00e3o de Lei n.\u00ba 110\/2023, origin\u00e1ria do Projeto de Lei n.\u00ba 222\/2021, &hellip; <a href=\"https:\/\/www.cmc.mg.gov.br\/?p=24359\" class=\"more-link\">Continue lendo <span class=\"screen-reader-text\">41\u00aa Reuni\u00e3o Ordin\u00e1ria de 2023<\/span> <span class=\"meta-nav\">&rarr;<\/span><\/a><\/p>\n","protected":false},"author":16,"featured_media":0,"comment_status":"open","ping_status":"open","sticky":false,"template":"","format":"standard","meta":{"_exactmetrics_skip_tracking":false,"_exactmetrics_sitenote_active":false,"_exactmetrics_sitenote_note":"","_exactmetrics_sitenote_category":0,"footnotes":""},"categories":[19],"tags":[],"class_list":["post-24359","post","type-post","status-publish","format-standard","hentry","category-ordem-do-dia"],"_links":{"self":[{"href":"https:\/\/www.cmc.mg.gov.br\/index.php?rest_route=\/wp\/v2\/posts\/24359","targetHints":{"allow":["GET"]}}],"collection":[{"href":"https:\/\/www.cmc.mg.gov.br\/index.php?rest_route=\/wp\/v2\/posts"}],"about":[{"href":"https:\/\/www.cmc.mg.gov.br\/index.php?rest_route=\/wp\/v2\/types\/post"}],"author":[{"embeddable":true,"href":"https:\/\/www.cmc.mg.gov.br\/index.php?rest_route=\/wp\/v2\/users\/16"}],"replies":[{"embeddable":true,"href":"https:\/\/www.cmc.mg.gov.br\/index.php?rest_route=%2Fwp%2Fv2%2Fcomments&post=24359"}],"version-history":[{"count":1,"href":"https:\/\/www.cmc.mg.gov.br\/index.php?rest_route=\/wp\/v2\/posts\/24359\/revisions"}],"predecessor-version":[{"id":24363,"href":"https:\/\/www.cmc.mg.gov.br\/index.php?rest_route=\/wp\/v2\/posts\/24359\/revisions\/24363"}],"wp:attachment":[{"href":"https:\/\/www.cmc.mg.gov.br\/index.php?rest_route=%2Fwp%2Fv2%2Fmedia&parent=24359"}],"wp:term":[{"taxonomy":"category","embeddable":true,"href":"https:\/\/www.cmc.mg.gov.br\/index.php?rest_route=%2Fwp%2Fv2%2Fcategories&post=24359"},{"taxonomy":"post_tag","embeddable":true,"href":"https:\/\/www.cmc.mg.gov.br\/index.php?rest_route=%2Fwp%2Fv2%2Ftags&post=24359"}],"curies":[{"name":"wp","href":"https:\/\/api.w.org\/{rel}","templated":true}]}}