
{"id":24470,"date":"2023-12-21T14:00:54","date_gmt":"2023-12-21T17:00:54","guid":{"rendered":"http:\/\/www.cmc.mg.gov.br\/?p=24470"},"modified":"2023-12-21T14:06:50","modified_gmt":"2023-12-21T17:06:50","slug":"amparo-a-imigrantes-pode-se-tornar-politica-publica-em-contagem","status":"publish","type":"post","link":"https:\/\/www.cmc.mg.gov.br\/?p=24470","title":{"rendered":"Amparo a imigrantes pode se tornar pol\u00edtica p\u00fablica em Contagem"},"content":{"rendered":"<p style=\"text-align: justify;\"><span style=\"font-weight: 400;\">J\u00e1 foi enviada \u00e0 Prefeitura, para san\u00e7\u00e3o ou veto da prefeita Mar\u00edlia Campos, a <a href=\"http:\/\/legislativo.cmc.mg.gov.br:8080\/sapl\/consultas\/materia\/materia_mostrar_proc?cod_materia=43097\" target=\"_blank\" rel=\"noopener noreferrer\">Proposi\u00e7\u00e3o n\u00ba 147\/2023<\/a>, origin\u00e1ria do <a href=\"http:\/\/legislativo.cmc.mg.gov.br:8080\/sapl\/consultas\/materia\/materia_mostrar_proc?cod_materia=32221\" target=\"_blank\" rel=\"noopener noreferrer\">Projeto de Lei 234\/2021<\/a>, de autoria da vereadora Moara Saboia (PT). A mat\u00e9ria pretende instituir a Pol\u00edtica Municipal para a Popula\u00e7\u00e3o Migrante do Munic\u00edpio de Contagem.\u00a0<\/span><\/p>\n<p style=\"text-align: justify;\"><span style=\"font-weight: 400;\">O objetivo desta pol\u00edtica municipal \u00e9 garantir ao migrante o acesso a direitos fundamentais, sociais e aos servi\u00e7os p\u00fablicos, uma vez que se instalem em Contagem. Al\u00e9m disso, a ideia \u00e9 promover o respeito \u00e0 diversidade e interculturalidade e impedir viola\u00e7\u00f5es de direitos, ao mesmo tempo em que busca-se fomentar a participa\u00e7\u00e3o social e a\u00e7\u00f5es por parte da sociedade civil.\u00a0<\/span><\/p>\n<p style=\"text-align: justify;\"><span style=\"font-weight: 400;\">O texto traz, ainda, a promo\u00e7\u00e3o da regulariza\u00e7\u00e3o da situa\u00e7\u00e3o da popula\u00e7\u00e3o migrante e sua inclus\u00e3o a servi\u00e7os, programas e benef\u00edcios sociais, incluindo os de moradia e seguridade social. Outro aspecto \u00e9 a aten\u00e7\u00e3o e prote\u00e7\u00e3o \u00e0 crian\u00e7a e adolescente migrante, garantindo inclusive o acesso \u00e0 rede de ensino p\u00fablico, nos termos do Estatuto da Crian\u00e7a e do Adolescente (ECA).<\/span><\/p>\n<p style=\"text-align: justify;\"><span style=\"font-weight: 400;\">Depois de passar pela Procuradoria Geral e pelas comiss\u00f5es de Administra\u00e7\u00e3o e Servi\u00e7os P\u00fablicos; Constitui\u00e7\u00e3o e Justi\u00e7a; Direitos Humanos e Assist\u00eancia Social, o texto foi a plen\u00e1rio para vota\u00e7\u00e3o, sofrendo um pedido de vista por parte do l\u00edder de Governo, vereador Teteco (MDB). De volta \u00e0 pauta, foi aprovado em segundo turno e reda\u00e7\u00e3o final no \u00faltimo dia 14, com apenas um voto contr\u00e1rio: o do vereador Abne Motta.\u00a0<\/span><\/p>\n<p style=\"text-align: justify;\"><b>Falta de pol\u00edticas p\u00fablicas para migrantes e refugiados<\/b><\/p>\n<p style=\"text-align: justify;\"><span style=\"font-weight: 400;\">Segundo o Instituto Brasileiro de Geografia e Estat\u00edstica (IBGE), apenas 5,5% dos munic\u00edpios com a presen\u00e7a de imigrantes oferecem algum servi\u00e7o de gest\u00e3o migrat\u00f3ria, por\u00e9m h\u00e1 imigrantes em 69% das cidades brasileiras. Ou seja, em quase 95% das cidades, as pessoas vindas do exterior que se fixam no Brasil n\u00e3o encontram um arcabou\u00e7o de amparo, prote\u00e7\u00e3o e inclus\u00e3o, resultando na marginaliza\u00e7\u00e3o e no aumento da xenofobia, entre outros aspectos negativos.<\/span><\/p>\n<p style=\"text-align: justify;\"><span style=\"font-weight: 400;\">Com a aprova\u00e7\u00e3o da nova lei de migra\u00e7\u00e3o, que se soma \u00e0s leis sobre ref\u00fagio e tr\u00e1fico de pessoas, sancionadas em 1997 e 2016, o Brasil se torna uma refer\u00eancia internacional por seu marco normativo para a governan\u00e7a migrat\u00f3ria. No entanto, sem a articula\u00e7\u00e3o dos estados e munic\u00edpios, as pol\u00edticas para imigrantes encontram dificuldade de vasculariza\u00e7\u00e3o e efetividade.\u00a0<\/span><\/p>\n<p style=\"text-align: justify;\"><span style=\"font-weight: 400;\">Por esse motivo, com a san\u00e7\u00e3o e valida\u00e7\u00e3o do Projeto de Lei 234\/2021, Contagem se aproxima da cidade de S\u00e3o Paulo, que vem construindo a sua Coordena\u00e7\u00e3o de Pol\u00edtica para Imigrantes e Promo\u00e7\u00e3o do Trabalho Decente desde 2013, sendo a \u00fanica do Brasil que tem uma pol\u00edtica municipal espec\u00edfica para as pessoas que migram para o Brasil.\u00a0<\/span><\/p>\n<p style=\"text-align: justify;\"><span style=\"font-weight: 400;\">Outras cidades, como Rio de Janeiro, Boa Vista, Bras\u00edlia, Curitiba, Manaus, Maca\u00e9 (RJ), Porto Alegre, Florian\u00f3polis e Belo Horizonte, embora n\u00e3o contem com pol\u00edticas espec\u00edficas, apresentam mecanismos de coopera\u00e7\u00e3o na promo\u00e7\u00e3o e desenvolvimento das pol\u00edticas p\u00fablicas locais voltadas aos imigrantes.\u00a0<\/span><\/p>\n<p style=\"text-align: justify;\">\n","protected":false},"excerpt":{"rendered":"<p>J\u00e1 foi enviada \u00e0 Prefeitura, para san\u00e7\u00e3o ou veto da prefeita Mar\u00edlia Campos, a Proposi\u00e7\u00e3o n\u00ba 147\/2023, origin\u00e1ria do Projeto de Lei 234\/2021, de autoria da vereadora Moara Saboia (PT). A mat\u00e9ria pretende instituir a Pol\u00edtica Municipal para a Popula\u00e7\u00e3o Migrante do Munic\u00edpio de Contagem.\u00a0 O objetivo desta pol\u00edtica municipal \u00e9 garantir ao migrante o &hellip; <a href=\"https:\/\/www.cmc.mg.gov.br\/?p=24470\" class=\"more-link\">Continue lendo <span class=\"screen-reader-text\">Amparo a imigrantes pode se tornar pol\u00edtica p\u00fablica em Contagem<\/span> <span class=\"meta-nav\">&rarr;<\/span><\/a><\/p>\n","protected":false},"author":2,"featured_media":24471,"comment_status":"open","ping_status":"open","sticky":false,"template":"","format":"standard","meta":{"_exactmetrics_skip_tracking":false,"_exactmetrics_sitenote_active":false,"_exactmetrics_sitenote_note":"","_exactmetrics_sitenote_category":0,"footnotes":""},"categories":[8,27,243],"tags":[],"class_list":["post-24470","post","type-post","status-publish","format-standard","has-post-thumbnail","hentry","category-camara","category-noticias","category-novas-noticias"],"_links":{"self":[{"href":"https:\/\/www.cmc.mg.gov.br\/index.php?rest_route=\/wp\/v2\/posts\/24470","targetHints":{"allow":["GET"]}}],"collection":[{"href":"https:\/\/www.cmc.mg.gov.br\/index.php?rest_route=\/wp\/v2\/posts"}],"about":[{"href":"https:\/\/www.cmc.mg.gov.br\/index.php?rest_route=\/wp\/v2\/types\/post"}],"author":[{"embeddable":true,"href":"https:\/\/www.cmc.mg.gov.br\/index.php?rest_route=\/wp\/v2\/users\/2"}],"replies":[{"embeddable":true,"href":"https:\/\/www.cmc.mg.gov.br\/index.php?rest_route=%2Fwp%2Fv2%2Fcomments&post=24470"}],"version-history":[{"count":3,"href":"https:\/\/www.cmc.mg.gov.br\/index.php?rest_route=\/wp\/v2\/posts\/24470\/revisions"}],"predecessor-version":[{"id":24477,"href":"https:\/\/www.cmc.mg.gov.br\/index.php?rest_route=\/wp\/v2\/posts\/24470\/revisions\/24477"}],"wp:featuredmedia":[{"embeddable":true,"href":"https:\/\/www.cmc.mg.gov.br\/index.php?rest_route=\/wp\/v2\/media\/24471"}],"wp:attachment":[{"href":"https:\/\/www.cmc.mg.gov.br\/index.php?rest_route=%2Fwp%2Fv2%2Fmedia&parent=24470"}],"wp:term":[{"taxonomy":"category","embeddable":true,"href":"https:\/\/www.cmc.mg.gov.br\/index.php?rest_route=%2Fwp%2Fv2%2Fcategories&post=24470"},{"taxonomy":"post_tag","embeddable":true,"href":"https:\/\/www.cmc.mg.gov.br\/index.php?rest_route=%2Fwp%2Fv2%2Ftags&post=24470"}],"curies":[{"name":"wp","href":"https:\/\/api.w.org\/{rel}","templated":true}]}}