
{"id":24794,"date":"2024-03-18T16:52:39","date_gmt":"2024-03-18T19:52:39","guid":{"rendered":"http:\/\/www.cmc.mg.gov.br\/?p=24794"},"modified":"2024-03-18T17:20:36","modified_gmt":"2024-03-18T20:20:36","slug":"6a-reuniao-ordinaria-de-2024","status":"publish","type":"post","link":"https:\/\/www.cmc.mg.gov.br\/?p=24794","title":{"rendered":"6\u00aa Reuni\u00e3o Ordin\u00e1ria de 2024"},"content":{"rendered":"<p style=\"text-align: justify;\"><strong>6\u00aa Reuni\u00e3o Ordin\u00e1ria<\/strong> da 4\u00aa Sess\u00e3o Legislativa da 19\u00aa Legislatura, prevista para o dia 19 de mar\u00e7o de 2024, ter\u00e7a-feira, no Plen\u00e1rio Vereador Jos\u00e9 Cust\u00f3dio, com in\u00edcio \u00e0s 9 horas.<\/p>\n<p style=\"text-align: justify;\"><strong>Item 01<\/strong>: Discuss\u00e3o e vota\u00e7\u00e3o, em Primeiro Turno, do Substitutivo ao <a href=\"http:\/\/legislativo.cmc.mg.gov.br:8080\/sapl\/consultas\/materia\/materia_mostrar_proc?cod_materia=34831\" target=\"_blank\" rel=\"noopener noreferrer\">Projeto de Lei n.\u00ba 119\/2022<\/a>, que \u201cDisp\u00f5e sobre o m\u00eas municipal de Conscientiza\u00e7\u00e3o da S\u00edndrome de Rett no munic\u00edpio de Contagem\u201d. Projeto de Lei de Autoria do Vereador L\u00e9o da Academia.<\/p>\n<p style=\"text-align: justify;\">Emendas: N\u00e3o.<br \/>\nQu\u00f3rum: Maioria Simples.<br \/>\nVota\u00e7\u00e3o: Eletr\u00f4nica.<\/p>\n<p style=\"text-align: justify;\"><strong>Item 02<\/strong>: Discuss\u00e3o e vota\u00e7\u00e3o, em Primeiro Turno, do <a href=\"http:\/\/legislativo.cmc.mg.gov.br:8080\/sapl\/consultas\/materia\/materia_mostrar_proc?cod_materia=42482\" target=\"_blank\" rel=\"noopener noreferrer\">Projeto de Lei n.\u00ba 179\/2023<\/a>, que \u201cInclui o Dia dos Jovens Crist\u00e3os no Calend\u00e1rio Oficial do Munic\u00edpio\u201d. Projeto de Lei de Autoria da Vereadora Daisy Silva.<\/p>\n<p style=\"text-align: justify;\">Emendas: N\u00e3o.<br \/>\nQu\u00f3rum: Maioria Simples.<br \/>\nVota\u00e7\u00e3o: Eletr\u00f4nica.<\/p>\n<p style=\"text-align: justify;\"><strong>Item 03<\/strong>: Discuss\u00e3o e vota\u00e7\u00e3o, em Segundo Turno e Reda\u00e7\u00e3o Final, do <a href=\"http:\/\/legislativo.cmc.mg.gov.br:8080\/sapl\/consultas\/materia\/materia_mostrar_proc?cod_materia=42926\" target=\"_blank\" rel=\"noopener noreferrer\">Projeto de Lei Complementar n.\u00ba 016\/2023<\/a>, que \u201cDisp\u00f5e sobre a cria\u00e7\u00e3o da Autarquia Municipal de Parques e Pra\u00e7as de Contagem \u2013 PARC, bem como altera a Lei Complementar n.\u00ba 247, de 29 de dezembro de 2017, a Lei Complementar n.\u00ba 257, de 11 de julho de 2018 e a Lei Complementar n.\u00ba 105, de 20 de janeiro de 2011\u201d. Projeto de Lei de Autoria do Poder Executivo.<\/p>\n<p style=\"text-align: justify;\">Emendas: N\u00e3o.<br \/>\nQu\u00f3rum: Maioria Absoluta.<br \/>\nVota\u00e7\u00e3o: Eletr\u00f4nica.<\/p>\n<p style=\"text-align: justify;\"><strong>Item 04<\/strong>: Discuss\u00e3o e vota\u00e7\u00e3o, em Segundo Turno e Reda\u00e7\u00e3o Final, do <a href=\"http:\/\/legislativo.cmc.mg.gov.br:8080\/sapl\/consultas\/materia\/materia_mostrar_proc?cod_materia=43180\" target=\"_blank\" rel=\"noopener noreferrer\">Projeto de Lei Complementar n.\u00ba 001\/2024<\/a>, que \u201cAltera a Lei Complementar n.\u00ba 104, de 20 de janeiro de 2011, que institui o Plano de Cargos, Carreiras e Vencimentos dos servidores do Munic\u00edpio de Contagem que integram o Sistema Municipal de Sa\u00fade -PCCV da Sa\u00fade e d\u00e1 outras provid\u00eancias, e a Lei Complementar n.\u00ba 105, de 20 de janeiro de 2011, que institui o Plano de Cargos, Carreiras e Vencimentos PCCV para os Servidores P\u00fablicos do Munic\u00edpio de Contagem da Administra\u00e7\u00e3o Direta que integram os Quadros Setoriais da Administra\u00e7\u00e3o, da TransCon\u201d. Projeto de Lei de Autoria do Poder Executivo.<\/p>\n<p style=\"text-align: justify;\">Emendas: N\u00e3o.<br \/>\nQu\u00f3rum: Maioria Absoluta.<br \/>\nVota\u00e7\u00e3o: Eletr\u00f4nica.<\/p>\n<p style=\"text-align: justify;\"><strong>Item 05<\/strong>: Discuss\u00e3o e vota\u00e7\u00e3o, em Segundo Turno e Reda\u00e7\u00e3o Final, do Substitutivo ao <a href=\"http:\/\/legislativo.cmc.mg.gov.br:8080\/sapl\/consultas\/materia\/materia_mostrar_proc?cod_materia=39264\" target=\"_blank\" rel=\"noopener noreferrer\">Projeto de Lei n.\u00ba 170\/2022<\/a>, que \u201cDisp\u00f5e sobre a utiliza\u00e7\u00e3o de material publicit\u00e1rio nos ve\u00edculos de transporte escolar com intuito de combater a pedofilia ou apologia \u00e0 pedofilia\u201d. Projeto de Lei de Autoria do Vereador Ronaldo Bab\u00e3o.<\/p>\n<p style=\"text-align: justify;\">Emendas: N\u00e3o.<br \/>\nQu\u00f3rum: Maioria Simples.<br \/>\nVota\u00e7\u00e3o: Eletr\u00f4nica.<\/p>\n<p style=\"text-align: justify;\"><strong>Item 06<\/strong>: Discuss\u00e3o e vota\u00e7\u00e3o, em Segundo Turno e Reda\u00e7\u00e3o Final, do <a href=\"http:\/\/legislativo.cmc.mg.gov.br:8080\/sapl\/consultas\/materia\/materia_mostrar_proc?cod_materia=36383\" target=\"_blank\" rel=\"noopener noreferrer\">Projeto de Lei n.\u00ba 189\/2022<\/a>, que \u201cDisp\u00f5e sobre a cria\u00e7\u00e3o do \u201cDia da Supera\u00e7\u00e3o\u201d no Munic\u00edpio e d\u00e1 outras provid\u00eancias\u201d. Projeto de Lei de Autoria do Vereador Ronaldo Bab\u00e3o.<\/p>\n<p style=\"text-align: justify;\">Emendas: Sim.<br \/>\nQu\u00f3rum: Maioria Simples.<br \/>\nVota\u00e7\u00e3o: Eletr\u00f4nica.<\/p>\n","protected":false},"excerpt":{"rendered":"<p>6\u00aa Reuni\u00e3o Ordin\u00e1ria da 4\u00aa Sess\u00e3o Legislativa da 19\u00aa Legislatura, prevista para o dia 19 de mar\u00e7o de 2024, ter\u00e7a-feira, no Plen\u00e1rio Vereador Jos\u00e9 Cust\u00f3dio, com in\u00edcio \u00e0s 9 horas. Item 01: Discuss\u00e3o e vota\u00e7\u00e3o, em Primeiro Turno, do Substitutivo ao Projeto de Lei n.\u00ba 119\/2022, que \u201cDisp\u00f5e sobre o m\u00eas municipal de Conscientiza\u00e7\u00e3o da &hellip; <a href=\"https:\/\/www.cmc.mg.gov.br\/?p=24794\" class=\"more-link\">Continue lendo <span class=\"screen-reader-text\">6\u00aa Reuni\u00e3o Ordin\u00e1ria de 2024<\/span> <span class=\"meta-nav\">&rarr;<\/span><\/a><\/p>\n","protected":false},"author":3,"featured_media":0,"comment_status":"open","ping_status":"open","sticky":false,"template":"","format":"standard","meta":{"_exactmetrics_skip_tracking":false,"_exactmetrics_sitenote_active":false,"_exactmetrics_sitenote_note":"","_exactmetrics_sitenote_category":0,"footnotes":""},"categories":[19],"tags":[],"class_list":["post-24794","post","type-post","status-publish","format-standard","hentry","category-ordem-do-dia"],"_links":{"self":[{"href":"https:\/\/www.cmc.mg.gov.br\/index.php?rest_route=\/wp\/v2\/posts\/24794","targetHints":{"allow":["GET"]}}],"collection":[{"href":"https:\/\/www.cmc.mg.gov.br\/index.php?rest_route=\/wp\/v2\/posts"}],"about":[{"href":"https:\/\/www.cmc.mg.gov.br\/index.php?rest_route=\/wp\/v2\/types\/post"}],"author":[{"embeddable":true,"href":"https:\/\/www.cmc.mg.gov.br\/index.php?rest_route=\/wp\/v2\/users\/3"}],"replies":[{"embeddable":true,"href":"https:\/\/www.cmc.mg.gov.br\/index.php?rest_route=%2Fwp%2Fv2%2Fcomments&post=24794"}],"version-history":[{"count":3,"href":"https:\/\/www.cmc.mg.gov.br\/index.php?rest_route=\/wp\/v2\/posts\/24794\/revisions"}],"predecessor-version":[{"id":24797,"href":"https:\/\/www.cmc.mg.gov.br\/index.php?rest_route=\/wp\/v2\/posts\/24794\/revisions\/24797"}],"wp:attachment":[{"href":"https:\/\/www.cmc.mg.gov.br\/index.php?rest_route=%2Fwp%2Fv2%2Fmedia&parent=24794"}],"wp:term":[{"taxonomy":"category","embeddable":true,"href":"https:\/\/www.cmc.mg.gov.br\/index.php?rest_route=%2Fwp%2Fv2%2Fcategories&post=24794"},{"taxonomy":"post_tag","embeddable":true,"href":"https:\/\/www.cmc.mg.gov.br\/index.php?rest_route=%2Fwp%2Fv2%2Ftags&post=24794"}],"curies":[{"name":"wp","href":"https:\/\/api.w.org\/{rel}","templated":true}]}}