
{"id":24858,"date":"2024-04-01T11:00:20","date_gmt":"2024-04-01T14:00:20","guid":{"rendered":"http:\/\/www.cmc.mg.gov.br\/?p=24858"},"modified":"2024-04-01T11:02:35","modified_gmt":"2024-04-01T14:02:35","slug":"8a-reuniao-ordinaria-de-2024","status":"publish","type":"post","link":"https:\/\/www.cmc.mg.gov.br\/?p=24858","title":{"rendered":"8\u00aa Reuni\u00e3o Ordin\u00e1ria de 2024"},"content":{"rendered":"<p style=\"text-align: justify;\"><strong>8\u00aa Reuni\u00e3o Ordin\u00e1ria<\/strong> da 4\u00aa Sess\u00e3o Legislativa da 19\u00aa Legislatura, prevista para o dia 02 de abril de 2024, ter\u00e7a-feira, no Plen\u00e1rio Vereador Jos\u00e9 Cust\u00f3dio, com in\u00edcio \u00e0s 9 horas.<\/p>\n<p style=\"text-align: justify;\">\n<p style=\"text-align: justify;\"><strong>Item 01<\/strong>: Discuss\u00e3o e vota\u00e7\u00e3o, em Segundo Turno e Reda\u00e7\u00e3o Final, do <a href=\"http:\/\/legislativo.cmc.mg.gov.br:8080\/sapl\/consultas\/materia\/materia_mostrar_proc?cod_materia=44064\">Projeto de Lei Complementar n.\u00ba 003\/2024<\/a>, que \u201cAltera a Lei Complementar n.\u00ba 104, de 20 de janeiro de 2011, que institui o Plano de Cargo, Carreiras e Vencimentos dos servidores do munic\u00edpio de Contagem que integram o Sistema Municipal de Sa\u00fade \u2013 PCCV da Sa\u00fade\u201d. Projeto de Lei de Autoria do Poder Executivo.<\/p>\n<p style=\"text-align: justify;\"><strong>Emendas<\/strong>: Sim.<br \/>\n<strong>Qu\u00f3rum<\/strong>: Maioria Absoluta.<br \/>\n<strong>Vota\u00e7\u00e3o<\/strong>: Eletr\u00f4nica.<\/p>\n<p style=\"text-align: justify;\">\n<p style=\"text-align: justify;\"><strong>Item 02<\/strong>: Discuss\u00e3o e vota\u00e7\u00e3o, em Segundo Turno e Reda\u00e7\u00e3o Final, do <a href=\"http:\/\/legislativo.cmc.mg.gov.br:8080\/sapl\/consultas\/materia\/materia_mostrar_proc?cod_materia=44273\">Projeto de Lei Complementar n.\u00ba 004\/2024<\/a>, que \u201cAltera a Lei Complementar n.\u00ba 235, de 17 de agosto de 2017, que cria e organiza a Gratifica\u00e7\u00e3o de Incentivo \u00e0 Lota\u00e7\u00e3o e \u00e0 Fixa\u00e7\u00e3o\u201d. Projeto de Lei de Autoria do Poder Executivo.<\/p>\n<p style=\"text-align: justify;\"><strong>Emendas<\/strong>: N\u00e3o.<br \/>\n<strong>Qu\u00f3rum<\/strong>: Maioria Absoluta.<br \/>\n<strong>Vota\u00e7\u00e3o<\/strong>: Eletr\u00f4nica.<\/p>\n<p style=\"text-align: justify;\">\n<p style=\"text-align: justify;\"><strong>Item 03<\/strong>: Discuss\u00e3o e vota\u00e7\u00e3o, em Segundo Turno e Reda\u00e7\u00e3o Final, do <a href=\"http:\/\/legislativo.cmc.mg.gov.br:8080\/sapl\/consultas\/materia\/materia_mostrar_proc?cod_materia=44281\">Projeto de Lei Complementar n.\u00ba 005\/2024<\/a>, que \u201cConcede a revis\u00e3o geral anual aos agentes p\u00fablicos do Poder Executivo e do piso salarial dos servidores p\u00fablicos municipais\u201d. Projeto de Lei de Autoria do Poder Executivo.<\/p>\n<p style=\"text-align: justify;\"><strong>Emendas<\/strong>: N\u00e3o.<br \/>\n<strong>Qu\u00f3rum<\/strong>: Maioria Absoluta.<br \/>\n<strong>Vota\u00e7\u00e3o<\/strong>: Eletr\u00f4nica.<\/p>\n<p style=\"text-align: justify;\">\n<p style=\"text-align: justify;\"><strong>Item 04<\/strong>: Discuss\u00e3o e vota\u00e7\u00e3o, em Segundo Turno e Reda\u00e7\u00e3o Final, do <a href=\"http:\/\/legislativo.cmc.mg.gov.br:8080\/sapl\/consultas\/materia\/materia_mostrar_proc?cod_materia=44395\">Projeto de Lei Complementar n.\u00ba 002\/2024<\/a>, que \u201cAltera a Lei complementar n.\u00ba 312, de 26 de novembro de 2021, e d\u00e1 outras provid\u00eancias\u201d. Projeto de Lei de Autoria da Mesa Diretora.<\/p>\n<p style=\"text-align: justify;\"><strong>Emendas<\/strong>: N\u00e3o.<br \/>\n<strong>Qu\u00f3rum<\/strong>: Maioria Absoluta.<br \/>\n<strong>Vota\u00e7\u00e3o<\/strong>: Eletr\u00f4nica.<\/p>\n<p style=\"text-align: justify;\"><strong>Item 05<\/strong>: Discuss\u00e3o e vota\u00e7\u00e3o, em Segundo Turno e Reda\u00e7\u00e3o Final, do <a href=\"http:\/\/legislativo.cmc.mg.gov.br:8080\/sapl\/consultas\/materia\/materia_mostrar_proc?cod_materia=44290\">Projeto de Lei n.\u00ba 001\/2024<\/a>, que \u201cAltera a Lei n.\u00ba 5.214, de 10 de mar\u00e7o de 2022, que institui o aux\u00edlio-alimenta\u00e7\u00e3o\u201d. Projeto de Lei de Autoria do Poder Executivo.<\/p>\n<p style=\"text-align: justify;\"><strong>Emendas<\/strong>: N\u00e3o.<br \/>\n<strong>Qu\u00f3rum<\/strong>: Maioria Absoluta.<br \/>\n<strong>Vota\u00e7\u00e3o<\/strong>: Eletr\u00f4nica.<\/p>\n<p style=\"text-align: justify;\">\n<p style=\"text-align: justify;\"><strong>Item 06<\/strong>: Discuss\u00e3o e vota\u00e7\u00e3o, em Segundo Turno e Reda\u00e7\u00e3o Final, do <a href=\"http:\/\/legislativo.cmc.mg.gov.br:8080\/sapl\/consultas\/materia\/materia_mostrar_proc?cod_materia=42482\">Projeto de Lei n.\u00ba 179\/2023<\/a>, que \u201cInclui o Dia dos Jovens Crist\u00e3os no Calend\u00e1rio Oficial do Munic\u00edpio\u201d.<br \/>\nProjeto de Lei de Autoria da Vereadora Daisy Silva.<\/p>\n<p style=\"text-align: justify;\"><strong>Emendas<\/strong>: N\u00e3o.<br \/>\n<strong>Qu\u00f3rum<\/strong>: Maioria Simples.<br \/>\n<strong>Vota\u00e7\u00e3o<\/strong>: Eletr\u00f4nica.<\/p>\n<p style=\"text-align: justify;\">\n<p style=\"text-align: justify;\">\n<p style=\"text-align: justify;\">\n","protected":false},"excerpt":{"rendered":"<p>8\u00aa Reuni\u00e3o Ordin\u00e1ria da 4\u00aa Sess\u00e3o Legislativa da 19\u00aa Legislatura, prevista para o dia 02 de abril de 2024, ter\u00e7a-feira, no Plen\u00e1rio Vereador Jos\u00e9 Cust\u00f3dio, com in\u00edcio \u00e0s 9 horas. Item 01: Discuss\u00e3o e vota\u00e7\u00e3o, em Segundo Turno e Reda\u00e7\u00e3o Final, do Projeto de Lei Complementar n.\u00ba 003\/2024, que \u201cAltera a Lei Complementar n.\u00ba 104, &hellip; <a href=\"https:\/\/www.cmc.mg.gov.br\/?p=24858\" class=\"more-link\">Continue lendo <span class=\"screen-reader-text\">8\u00aa Reuni\u00e3o Ordin\u00e1ria de 2024<\/span> <span class=\"meta-nav\">&rarr;<\/span><\/a><\/p>\n","protected":false},"author":16,"featured_media":0,"comment_status":"open","ping_status":"open","sticky":false,"template":"","format":"standard","meta":{"_exactmetrics_skip_tracking":false,"_exactmetrics_sitenote_active":false,"_exactmetrics_sitenote_note":"","_exactmetrics_sitenote_category":0,"footnotes":""},"categories":[19],"tags":[],"class_list":["post-24858","post","type-post","status-publish","format-standard","hentry","category-ordem-do-dia"],"_links":{"self":[{"href":"https:\/\/www.cmc.mg.gov.br\/index.php?rest_route=\/wp\/v2\/posts\/24858","targetHints":{"allow":["GET"]}}],"collection":[{"href":"https:\/\/www.cmc.mg.gov.br\/index.php?rest_route=\/wp\/v2\/posts"}],"about":[{"href":"https:\/\/www.cmc.mg.gov.br\/index.php?rest_route=\/wp\/v2\/types\/post"}],"author":[{"embeddable":true,"href":"https:\/\/www.cmc.mg.gov.br\/index.php?rest_route=\/wp\/v2\/users\/16"}],"replies":[{"embeddable":true,"href":"https:\/\/www.cmc.mg.gov.br\/index.php?rest_route=%2Fwp%2Fv2%2Fcomments&post=24858"}],"version-history":[{"count":2,"href":"https:\/\/www.cmc.mg.gov.br\/index.php?rest_route=\/wp\/v2\/posts\/24858\/revisions"}],"predecessor-version":[{"id":24860,"href":"https:\/\/www.cmc.mg.gov.br\/index.php?rest_route=\/wp\/v2\/posts\/24858\/revisions\/24860"}],"wp:attachment":[{"href":"https:\/\/www.cmc.mg.gov.br\/index.php?rest_route=%2Fwp%2Fv2%2Fmedia&parent=24858"}],"wp:term":[{"taxonomy":"category","embeddable":true,"href":"https:\/\/www.cmc.mg.gov.br\/index.php?rest_route=%2Fwp%2Fv2%2Fcategories&post=24858"},{"taxonomy":"post_tag","embeddable":true,"href":"https:\/\/www.cmc.mg.gov.br\/index.php?rest_route=%2Fwp%2Fv2%2Ftags&post=24858"}],"curies":[{"name":"wp","href":"https:\/\/api.w.org\/{rel}","templated":true}]}}