
{"id":24890,"date":"2024-04-03T11:10:20","date_gmt":"2024-04-03T14:10:20","guid":{"rendered":"http:\/\/www.cmc.mg.gov.br\/?p=24890"},"modified":"2024-04-03T15:15:32","modified_gmt":"2024-04-03T18:15:32","slug":"dia-da-conscientizacao-sobre-o-autismo-e-tema-da-tribuna-livre-da-camara","status":"publish","type":"post","link":"https:\/\/www.cmc.mg.gov.br\/?p=24890","title":{"rendered":"Dia da Conscientiza\u00e7\u00e3o sobre o Autismo \u00e9 tema da Tribuna Livre da C\u00e2mara"},"content":{"rendered":"<p style=\"text-align: justify;\"><span style=\"font-weight: 400;\">\u201cQue a Inclus\u00e3o Vire Rotina em Todos os Lugares\u201d. Com este lema, a campanha deste ano do Grupo Amais &#8211; <\/span><span style=\"font-weight: 400;\">Grupo de Apoio a Autistas, Pais e Familiares de Contagem vem, mais uma vez, conscientizar a popula\u00e7\u00e3o sobre o transtorno do espectro autista (TEA) no dia em que se celebra mundialmente o Dia de Conscientiza\u00e7\u00e3o sobre o Autismo &#8211; 2 de abril. A data foi institu\u00edda e 2007, com o objetivo de reduzir a discrimina\u00e7\u00e3o e o preconceito contra as pessoas com TEA.<\/span><\/p>\n<p style=\"text-align: justify;\"><span style=\"font-weight: 400;\">Em participa\u00e7\u00e3o na Tribuna Livre da oitava reuni\u00e3o ordin\u00e1ria da C\u00e2mara Municipal de Contagem, realizada na manh\u00e3 desta ter\u00e7a-feira, a presidente e cofundadora do grupo, Josi Silva, falou sobre os desafios, conquistas e necessidades das pessoas com TEA e seus familiares, dentre eles, a real inclus\u00e3o, a efetiva aplica\u00e7\u00e3o das leis e a luta contras estigmas e preconceitos.<\/span><\/p>\n<p style=\"text-align: justify;\"><span style=\"font-weight: 400;\">De acordo com Josi &#8211; que tem um filho autista de 17 anos e milita pela causa h\u00e1 15 &#8211; os respons\u00e1veis pelas pessoas com TEA vivem uma \u201cmontanha russa emocional e di\u00e1ria\u201d, na luta pelos direitos b\u00e1sicos, pol\u00edticas p\u00fablicas e direitos constitucionais, como sa\u00fade digna, educa\u00e7\u00e3o inclusiva e terapias essenciais, por exemplo. \u201cPor isso, temos que atuar sempre, sem se permitir cansar ou desistir\u201d, conta.<\/span><\/p>\n<p style=\"text-align: justify;\"><span style=\"font-weight: 400;\">Outra dificuldade relatada por Josi, observada tamb\u00e9m pelos pais e respons\u00e1veis por pessoas com TEA, \u00e9 a dificuldade de se obter o diagn\u00f3stico precoce pela rede p\u00fablica de sa\u00fade. \u201c\u00c9 muito triste ver uma fam\u00edlia desesperada, esperando h\u00e1 quatro anos pelo diagn\u00f3stico\u201d, relata. \u201cE \u00e9 essa realidade que n\u00f3s queremos mudar aqui em Contagem\u201d.<\/span><\/p>\n<p style=\"text-align: justify;\"><span style=\"font-weight: 400;\">Para pessoas com autismo, a estimula\u00e7\u00e3o dos neur\u00f4nios com a interven\u00e7\u00e3o precoce contribui para a melhora dos resultados funcionais do c\u00e9rebro. Isso ocorre porque a neuroplasticidade &#8211; a capacidade do c\u00e9rebro de se reorganizar, de modificar sua estrutura em resposta aos est\u00edmulos que recebe do meio ambiente externo &#8211; \u00e9 mais intensa nos primeiros anos de vida. Desta forma, s\u00e3o maiores a chance de resultados mais satisfat\u00f3rios na evolu\u00e7\u00e3o de linguagem, e habilidades motoras e sociais. <a href=\"http:\/\/www.cmc.mg.gov.br\/wordpress\/wp-content\/uploads\/2024\/04\/programa-amais.jpg\"><img loading=\"lazy\" decoding=\"async\" class=\"wp-image-24891 alignright\" src=\"http:\/\/www.cmc.mg.gov.br\/wordpress\/wp-content\/uploads\/2024\/04\/programa-amais.jpg\" alt=\"\" width=\"628\" height=\"628\" \/><\/a><\/span><\/p>\n<p style=\"text-align: justify;\"><span style=\"font-weight: 400;\">Por fim, Josi ressaltou que o Amais &#8211; que hoje conta com mais de 800 fam\u00edlias cadastradas &#8211; est\u00e1 \u00e0 disposi\u00e7\u00e3o dos vereadores que queiram mais informa\u00e7\u00f5es e que queiram levar para os bairros rodas de conversas e palestras. Ela tamb\u00e9m passou o cronograma de atividades comemorativas que acontecem em Contagem entre os dias 2 e 9 de abril.\u00a0<\/span><\/p>\n<p style=\"text-align: justify;\"><b>Manifesta\u00e7\u00e3o dos vereadores<\/b><\/p>\n<p style=\"text-align: justify;\"><span style=\"font-weight: 400;\">Arnaldo de Oliveira, em aparte \u00e0 fala de Josi, reafirmou seu compromisso com a causa das pessoas com defici\u00eancia e com a constru\u00e7\u00e3o de uma sociedade mais inclusiva. Bruno Barreiro, por sua vez, trouxe os n\u00fameros do IBGE a conhecimento dos presentes: estima-se, pelo IBGE, que no Brasil sejam 2 milh\u00f5es de autistas. Assim, parabenizou a luta das fam\u00edlias e dos profissionais que se dedicam a trazer bem-estar para essas pessoas, como fisioterapeutas, fonoaudi\u00f3logos e terapeutas ocupacionais.\u00a0<\/span><\/p>\n<p style=\"text-align: justify;\"><span style=\"font-weight: 400;\">Geg\u00ea Marreco destacou a necessidade de fazer com que a inclus\u00e3o seja pr\u00e1tica, propiciando \u00e0s pessoas com TEA ambientes em que elas se sintam valorizadas e respeitadas, e isso inclui espa\u00e7os de trabalho, educa\u00e7\u00e3o e lazer.\u00a0<\/span><\/p>\n<p style=\"text-align: justify;\"><span style=\"font-weight: 400;\">Encerrando, o presidente Alex Chiodi disse que a C\u00e2mara est\u00e1 empenhada na inclus\u00e3o, desde a modifica\u00e7\u00e3o dos seus espa\u00e7os f\u00edsicos para a mobilidade de PCD at\u00e9 a parceria com o Amais nas a\u00e7\u00f5es externas da C\u00e2mara, como nos eventos do C\u00e2mara na Rua. \u201cEsperamos que esse 2 de abril possa ecoar durante todo o ano por essa conscientiza\u00e7\u00e3o t\u00e3o importante\u201d, finalizou.\u00a0<\/span><\/p>\n<p style=\"text-align: justify;\"><b>Autismo<\/b><\/p>\n<p style=\"text-align: justify;\"><span style=\"font-weight: 400;\">O transtorno do espectro autista (TEA) \u00e9 um dist\u00farbio do neurodesenvolvimento caracterizado por desenvolvimento at\u00edpico, manifesta\u00e7\u00f5es comportamentais, d\u00e9ficits na comunica\u00e7\u00e3o e na interac\u0327\u00e3o social, padr\u00f5es de comportamentos repetitivos e estereotipados, podendo apresentar um repert\u00f3rio restrito de interesses e atividades.\u00a0<\/span><\/p>\n<p style=\"text-align: justify;\"><span style=\"font-weight: 400;\">De acordo com estat\u00edsticas do \u00f3rg\u00e3o de sa\u00fade Centers for Disease Control and Prevention (CDC), no ano 2000, os Estados Unidos registraram um caso de autismo a cada 150 crian\u00e7as. Em 2020, o n\u00famero cresceu significativamente, sendo observado um caso a cada 36 crian\u00e7as menores de oito anos de idade.\u00a0<\/span><\/p>\n<p style=\"text-align: justify;\"><b>Participe!<\/b><\/p>\n<p style=\"text-align: justify;\"><span style=\"font-weight: 400;\">Para ser um parceiro do Amais ou para fazer parte dessa rede de apoio, basta entrar em contato com um dos canais de atendimento:<\/span><span style=\"font-weight: 400;\"><br \/>\n<\/span><span style=\"font-weight: 400;\">Telefone: (31) 98332-1119<\/span><span style=\"font-weight: 400;\"><br \/>\n<\/span><span style=\"font-weight: 400;\">Email: <\/span><a href=\"mailto:amaiscontagem@yahoo.com.br\"><span style=\"font-weight: 400;\">amaiscontagem@yahoo.com.br<\/span><span style=\"font-weight: 400;\"><br \/>\n<\/span><\/a><span style=\"font-weight: 400;\">Facebook: Amais Contagem<\/span><span style=\"font-weight: 400;\"><br \/>\n<\/span><span style=\"font-weight: 400;\">Instagram: @amaiscontagem<\/span><\/p>\n<p style=\"text-align: justify;\"><span style=\"font-weight: 400;\">Pix para doa\u00e7\u00f5es: 25143680\/0001-23 (CNPJ)<\/span><\/p>\n","protected":false},"excerpt":{"rendered":"<p>\u201cQue a Inclus\u00e3o Vire Rotina em Todos os Lugares\u201d. Com este lema, a campanha deste ano do Grupo Amais &#8211; Grupo de Apoio a Autistas, Pais e Familiares de Contagem vem, mais uma vez, conscientizar a popula\u00e7\u00e3o sobre o transtorno do espectro autista (TEA) no dia em que se celebra mundialmente o Dia de Conscientiza\u00e7\u00e3o &hellip; <a href=\"https:\/\/www.cmc.mg.gov.br\/?p=24890\" class=\"more-link\">Continue lendo <span class=\"screen-reader-text\">Dia da Conscientiza\u00e7\u00e3o sobre o Autismo \u00e9 tema da Tribuna Livre da C\u00e2mara<\/span> <span class=\"meta-nav\">&rarr;<\/span><\/a><\/p>\n","protected":false},"author":2,"featured_media":24892,"comment_status":"open","ping_status":"open","sticky":false,"template":"","format":"standard","meta":{"_exactmetrics_skip_tracking":false,"_exactmetrics_sitenote_active":false,"_exactmetrics_sitenote_note":"","_exactmetrics_sitenote_category":0,"footnotes":""},"categories":[27,243,18,10],"tags":[],"class_list":["post-24890","post","type-post","status-publish","format-standard","has-post-thumbnail","hentry","category-noticias","category-novas-noticias","category-plenario","category-tribuna-livre"],"_links":{"self":[{"href":"https:\/\/www.cmc.mg.gov.br\/index.php?rest_route=\/wp\/v2\/posts\/24890","targetHints":{"allow":["GET"]}}],"collection":[{"href":"https:\/\/www.cmc.mg.gov.br\/index.php?rest_route=\/wp\/v2\/posts"}],"about":[{"href":"https:\/\/www.cmc.mg.gov.br\/index.php?rest_route=\/wp\/v2\/types\/post"}],"author":[{"embeddable":true,"href":"https:\/\/www.cmc.mg.gov.br\/index.php?rest_route=\/wp\/v2\/users\/2"}],"replies":[{"embeddable":true,"href":"https:\/\/www.cmc.mg.gov.br\/index.php?rest_route=%2Fwp%2Fv2%2Fcomments&post=24890"}],"version-history":[{"count":2,"href":"https:\/\/www.cmc.mg.gov.br\/index.php?rest_route=\/wp\/v2\/posts\/24890\/revisions"}],"predecessor-version":[{"id":24898,"href":"https:\/\/www.cmc.mg.gov.br\/index.php?rest_route=\/wp\/v2\/posts\/24890\/revisions\/24898"}],"wp:featuredmedia":[{"embeddable":true,"href":"https:\/\/www.cmc.mg.gov.br\/index.php?rest_route=\/wp\/v2\/media\/24892"}],"wp:attachment":[{"href":"https:\/\/www.cmc.mg.gov.br\/index.php?rest_route=%2Fwp%2Fv2%2Fmedia&parent=24890"}],"wp:term":[{"taxonomy":"category","embeddable":true,"href":"https:\/\/www.cmc.mg.gov.br\/index.php?rest_route=%2Fwp%2Fv2%2Fcategories&post=24890"},{"taxonomy":"post_tag","embeddable":true,"href":"https:\/\/www.cmc.mg.gov.br\/index.php?rest_route=%2Fwp%2Fv2%2Ftags&post=24890"}],"curies":[{"name":"wp","href":"https:\/\/api.w.org\/{rel}","templated":true}]}}