
{"id":24951,"date":"2024-04-19T16:46:46","date_gmt":"2024-04-19T19:46:46","guid":{"rendered":"http:\/\/www.cmc.mg.gov.br\/?p=24951"},"modified":"2024-04-19T17:02:35","modified_gmt":"2024-04-19T20:02:35","slug":"11a-reuniao-ordinaria-de-2024","status":"publish","type":"post","link":"https:\/\/www.cmc.mg.gov.br\/?p=24951","title":{"rendered":"11\u00aa Reuni\u00e3o Ordin\u00e1ria de 2024"},"content":{"rendered":"<p style=\"text-align: justify;\">11\u00aa Reuni\u00e3o Ordin\u00e1ria da 4\u00aa Sess\u00e3o Legislativa da 19\u00aa Legislatura, prevista para o dia 23 de abril de 2024, ter\u00e7a-feira, no Plen\u00e1rio Vereador Jos\u00e9 Cust\u00f3dio, com in\u00edcio \u00e0s 9 horas.<\/p>\n<p style=\"text-align: justify;\"><strong>Item 01<\/strong>: Discuss\u00e3o e vota\u00e7\u00e3o, em Turno \u00danico, do <a href=\"http:\/\/legislativo.cmc.mg.gov.br:8080\/sapl\/consultas\/materia\/materia_mostrar_proc?cod_materia=44659\" target=\"_blank\" rel=\"noopener noreferrer\">Veto Parcial \u00e0 Proposi\u00e7\u00e3o de Lei n.\u00ba 013\/2024<\/a>, origin\u00e1ria do Projeto de Lei n.\u00ba 221\/2022, que \u201cEstabelece o direito do contribuinte de ter acesso a meios e formas de pagamento digital, tais como Pix e transfer\u00eancia banc\u00e1ria, para quita\u00e7\u00e3o de d\u00e9bitos de natureza tribut\u00e1ria, taxas e contribui\u00e7\u00f5es\u201d. Projeto de Lei de Autoria do Vereador Daniel do Irineu.<\/p>\n<p style=\"text-align: justify;\">\u00a0Emendas: N\u00e3o.<br \/>\nQu\u00f3rum: Maioria Absoluta para rejei\u00e7\u00e3o, conforme o artigo 277 do Regimento Interno.<br \/>\nVota\u00e7\u00e3o: Eletr\u00f4nica.<\/p>\n<p style=\"text-align: justify;\"><strong>Item 02<\/strong>: Discuss\u00e3o e vota\u00e7\u00e3o, em <em>Primeiro Turno<\/em>, do <a href=\"http:\/\/legislativo.cmc.mg.gov.br:8080\/sapl\/consultas\/materia\/materia_mostrar_proc?cod_materia=40469\" target=\"_blank\" rel=\"noopener noreferrer\">Projeto de Lei n.\u00ba 115\/2023<\/a>, que \u201cDisp\u00f5e sobre a obrigatoriedade do uso de crach\u00e1 de identifica\u00e7\u00e3o que permita a visualiza\u00e7\u00e3o de nome, fun\u00e7\u00e3o e foto dos profissionais que prestam servi\u00e7os como seguran\u00e7as em casas noturnas, bares, restaurantes e outros locais que realizem eventos no munic\u00edpio de Contagem\u201d. Projeto de Lei de Autoria do Vereador L\u00e9o da Academia.<\/p>\n<p style=\"text-align: justify;\">Emendas: N\u00e3o.<br \/>\nQu\u00f3rum: Maioria Simples.<br \/>\nVota\u00e7\u00e3o: Eletr\u00f4nica.<\/p>\n<p style=\"text-align: justify;\"><strong>Item 03<\/strong>: Discuss\u00e3o e vota\u00e7\u00e3o, em <em>Primeiro Turno<\/em>, do <a href=\"http:\/\/legislativo.cmc.mg.gov.br:8080\/sapl\/consultas\/materia\/materia_mostrar_proc?cod_materia=40524\" target=\"_blank\" rel=\"noopener noreferrer\">Projeto de Lei n.\u00ba 123\/2023<\/a>, que \u201cDisp\u00f5e sobre a informa\u00e7\u00e3o dos temperos utilizados nos estabelecimentos aliment\u00edcios para consumidores al\u00e9rgicos no munic\u00edpio de Contagem, e d\u00e1 outras provid\u00eancias\u201d. Projeto de Lei de Autoria da Vereadora Gl\u00f3ria da Aposentadoria.<\/p>\n<p style=\"text-align: justify;\">Emendas: Sim.<br \/>\nQu\u00f3rum: Maioria Simples.<br \/>\nVota\u00e7\u00e3o: Eletr\u00f4nica.<\/p>\n<p style=\"text-align: justify;\"><strong>Item 04<\/strong>: Discuss\u00e3o e vota\u00e7\u00e3o, em <em>Segundo Turno e Reda\u00e7\u00e3o Final<\/em>, do<a href=\"http:\/\/legislativo.cmc.mg.gov.br:8080\/sapl\/consultas\/materia\/materia_mostrar_proc?cod_materia=40013\" target=\"_blank\" rel=\"noopener noreferrer\"> Projeto de Lei n.\u00ba 088\/2023<\/a>, que \u201cCria o Programa Empresa Amiga da Sa\u00fade da Mulher no munic\u00edpio de Contagem, e d\u00e1 outras provid\u00eancias\u201d. Projeto de Lei de Autoria da Vereadora Daisy Silva e Coautoria Vereador Ronaldo Bab\u00e3o.<\/p>\n<p style=\"text-align: justify;\">Emendas: Sim.<br \/>\nQu\u00f3rum: Maioria Simples.<br \/>\nVota\u00e7\u00e3o: Eletr\u00f4nica.<\/p>\n<p style=\"text-align: justify;\"><strong>Item 05<\/strong>: Discuss\u00e3o e vota\u00e7\u00e3o, em <em>Segundo Turno e Reda\u00e7\u00e3o Final<\/em>, do <a href=\"http:\/\/legislativo.cmc.mg.gov.br:8080\/sapl\/consultas\/materia\/materia_mostrar_proc?cod_materia=40901\" target=\"_blank\" rel=\"noopener noreferrer\">Projeto de Lei n.\u00ba 136\/2023<\/a>, que \u201cInstitui a campanha permanente de orienta\u00e7\u00e3o, preven\u00e7\u00e3o e conscientiza\u00e7\u00e3o do transtorno de ansiedade e da s\u00edndrome do p\u00e2nico no munic\u00edpio de Contagem\u201d. Projeto de Lei de Autoria do Vereador Daniel Carvalho.<\/p>\n<p style=\"text-align: justify;\">Emendas: Sim.<br \/>\nQu\u00f3rum: Maioria Simples.<br \/>\nVota\u00e7\u00e3o: Eletr\u00f4nica.<\/p>\n<p style=\"text-align: justify;\"><strong>Aprecia\u00e7\u00e3o Conclusiva<\/strong><\/p>\n<p style=\"text-align: justify;\"><strong>Item 01<\/strong>: Aprecia\u00e7\u00e3o conclusiva, conforme art. 97 do Regimento Interno, da Proposi\u00e7\u00e3o de Lei n\u00ba 033\/2024, origin\u00e1ria do <a href=\"http:\/\/legislativo.cmc.mg.gov.br:8080\/sapl\/consultas\/materia\/materia_mostrar_proc?cod_materia=44524\" target=\"_blank\" rel=\"noopener noreferrer\">Projeto de Lei n.\u00ba 040\/2024<\/a>, que \u201cDisp\u00f5e sobre a denomina\u00e7\u00e3o da Rua das Castanheiras no bairro Ch\u00e1caras Contagem.\u201d Autoria da Vereadora Moara Saboia.<\/p>\n<p style=\"text-align: justify;\">Devolu\u00e7\u00e3o do exame ao plen\u00e1rio: Recurso de 1\/3 dos Membros da C\u00e2mara<br \/>\nPrazo para recurso: Dois dias \u00fateis, contados da leitura da decis\u00e3o em Plen\u00e1rio.<\/p>\n<p style=\"text-align: justify;\"><strong>Item 02<\/strong>: Aprecia\u00e7\u00e3o conclusiva, conforme art. 97 do Regimento Interno, da Proposi\u00e7\u00e3o de Lei n\u00ba 034\/2024, origin\u00e1ria do <a href=\"http:\/\/legislativo.cmc.mg.gov.br:8080\/sapl\/consultas\/materia\/materia_mostrar_proc?cod_materia=44527\" target=\"_blank\" rel=\"noopener noreferrer\">Projeto de Lei n.\u00ba 041\/2024<\/a>, que \u201cDisp\u00f5e sobre a denomina\u00e7\u00e3o da Rua das Aroeiras no bairro Ch\u00e1caras Contagem.\u201d Autoria da Vereadora Moara Saboia.<\/p>\n<p style=\"text-align: justify;\">Devolu\u00e7\u00e3o do exame ao plen\u00e1rio: Recurso de 1\/3 dos Membros da C\u00e2mara<br \/>\nPrazo para recurso: Dois dias \u00fateis, contados da leitura da decis\u00e3o em Plen\u00e1rio.<\/p>\n","protected":false},"excerpt":{"rendered":"<p>11\u00aa Reuni\u00e3o Ordin\u00e1ria da 4\u00aa Sess\u00e3o Legislativa da 19\u00aa Legislatura, prevista para o dia 23 de abril de 2024, ter\u00e7a-feira, no Plen\u00e1rio Vereador Jos\u00e9 Cust\u00f3dio, com in\u00edcio \u00e0s 9 horas. Item 01: Discuss\u00e3o e vota\u00e7\u00e3o, em Turno \u00danico, do Veto Parcial \u00e0 Proposi\u00e7\u00e3o de Lei n.\u00ba 013\/2024, origin\u00e1ria do Projeto de Lei n.\u00ba 221\/2022, que &hellip; <a href=\"https:\/\/www.cmc.mg.gov.br\/?p=24951\" class=\"more-link\">Continue lendo <span class=\"screen-reader-text\">11\u00aa Reuni\u00e3o Ordin\u00e1ria de 2024<\/span> <span class=\"meta-nav\">&rarr;<\/span><\/a><\/p>\n","protected":false},"author":3,"featured_media":0,"comment_status":"open","ping_status":"open","sticky":false,"template":"","format":"standard","meta":{"_exactmetrics_skip_tracking":false,"_exactmetrics_sitenote_active":false,"_exactmetrics_sitenote_note":"","_exactmetrics_sitenote_category":0,"footnotes":""},"categories":[19],"tags":[],"class_list":["post-24951","post","type-post","status-publish","format-standard","hentry","category-ordem-do-dia"],"_links":{"self":[{"href":"https:\/\/www.cmc.mg.gov.br\/index.php?rest_route=\/wp\/v2\/posts\/24951","targetHints":{"allow":["GET"]}}],"collection":[{"href":"https:\/\/www.cmc.mg.gov.br\/index.php?rest_route=\/wp\/v2\/posts"}],"about":[{"href":"https:\/\/www.cmc.mg.gov.br\/index.php?rest_route=\/wp\/v2\/types\/post"}],"author":[{"embeddable":true,"href":"https:\/\/www.cmc.mg.gov.br\/index.php?rest_route=\/wp\/v2\/users\/3"}],"replies":[{"embeddable":true,"href":"https:\/\/www.cmc.mg.gov.br\/index.php?rest_route=%2Fwp%2Fv2%2Fcomments&post=24951"}],"version-history":[{"count":4,"href":"https:\/\/www.cmc.mg.gov.br\/index.php?rest_route=\/wp\/v2\/posts\/24951\/revisions"}],"predecessor-version":[{"id":24955,"href":"https:\/\/www.cmc.mg.gov.br\/index.php?rest_route=\/wp\/v2\/posts\/24951\/revisions\/24955"}],"wp:attachment":[{"href":"https:\/\/www.cmc.mg.gov.br\/index.php?rest_route=%2Fwp%2Fv2%2Fmedia&parent=24951"}],"wp:term":[{"taxonomy":"category","embeddable":true,"href":"https:\/\/www.cmc.mg.gov.br\/index.php?rest_route=%2Fwp%2Fv2%2Fcategories&post=24951"},{"taxonomy":"post_tag","embeddable":true,"href":"https:\/\/www.cmc.mg.gov.br\/index.php?rest_route=%2Fwp%2Fv2%2Ftags&post=24951"}],"curies":[{"name":"wp","href":"https:\/\/api.w.org\/{rel}","templated":true}]}}