
{"id":24982,"date":"2024-04-26T15:50:45","date_gmt":"2024-04-26T18:50:45","guid":{"rendered":"http:\/\/www.cmc.mg.gov.br\/?p=24982"},"modified":"2024-04-26T16:32:29","modified_gmt":"2024-04-26T19:32:29","slug":"12a-reuniao-ordinaria-de-2024","status":"publish","type":"post","link":"https:\/\/www.cmc.mg.gov.br\/?p=24982","title":{"rendered":"12\u00aa Reuni\u00e3o Ordin\u00e1ria de 2024"},"content":{"rendered":"<p style=\"text-align: justify;\"><strong>12\u00aa Reuni\u00e3o Ordin\u00e1ria<\/strong> da 4\u00aa Sess\u00e3o Legislativa da 19\u00aa Legislatura, prevista para o dia 30 de abril de 2024, ter\u00e7a-feira, no Plen\u00e1rio Vereador Jos\u00e9 Cust\u00f3dio, com in\u00edcio \u00e0s 9 horas.<\/p>\n<p style=\"text-align: justify;\">Item 01: Discuss\u00e3o e vota\u00e7\u00e3o, em Turno \u00danico, do <a href=\"http:\/\/legislativo.cmc.mg.gov.br:8080\/sapl\/consultas\/materia\/materia_mostrar_proc?cod_materia=44659\" target=\"_blank\" rel=\"noopener noreferrer\">Veto Parcial \u00e0 Proposi\u00e7\u00e3o de Lei n.\u00ba 013\/2024<\/a>, origin\u00e1ria do Projeto de Lei n.\u00ba 221\/2022, que \u201cEstabelece o direito do contribuinte de ter acesso a meios e formas de pagamento digital, tais como Pix e transfer\u00eancia banc\u00e1ria, para quita\u00e7\u00e3o de d\u00e9bitos de natureza tribut\u00e1ria, taxas e contribui\u00e7\u00f5es\u201d Projeto de Lei de Autoria do Vereador Daniel do Irineu.<\/p>\n<p style=\"text-align: justify;\">\u00a0Emendas: N\u00e3o.<br \/>\nQu\u00f3rum: Maioria Absoluta para rejei\u00e7\u00e3o, conforme o artigo 277 do Regimento Interno.<br \/>\nVota\u00e7\u00e3o: Eletr\u00f4nica.<\/p>\n<p style=\"text-align: justify;\"><strong>Item 02<\/strong>: Discuss\u00e3o e vota\u00e7\u00e3o, em Turno \u00danico, do <a href=\"http:\/\/legislativo.cmc.mg.gov.br:8080\/sapl\/consultas\/materia\/materia_mostrar_proc?cod_materia=44783\" target=\"_blank\" rel=\"noopener noreferrer\">Veto Parcial \u00e0 Proposi\u00e7\u00e3o de Lei n.\u00ba 019\/2024<\/a>, origin\u00e1ria do Projeto de Lei Complementar n.\u00ba 016\/2023, que \u201cDisp\u00f5e sobre a cria\u00e7\u00e3o da Autarquia Municipal de Parques e Pra\u00e7as de Contagem \u2013 PARC, bem como altera a Lei Complementar n.\u00ba 247, de 29 de dezembro de 2017, a Lei Complementar n.\u00ba 257, de 11 de julho de 2018 e a Lei Complementar n.\u00ba 105, de 20 de janeiro de 2011\u201d<\/p>\n<p style=\"text-align: justify;\">\u00a0Emendas: N\u00e3o.<br \/>\nQu\u00f3rum: Maioria Absoluta para rejei\u00e7\u00e3o, conforme o artigo 277 do Regimento Interno.<br \/>\nVota\u00e7\u00e3o: Eletr\u00f4nica.<\/p>\n<p style=\"text-align: justify;\"><strong>Item 03<\/strong>: Discuss\u00e3o e vota\u00e7\u00e3o, em <em>Primeiro Turno<\/em>, do <a href=\"http:\/\/legislativo.cmc.mg.gov.br:8080\/sapl\/consultas\/materia\/materia_mostrar_proc?cod_materia=42377\" target=\"_blank\" rel=\"noopener noreferrer\">Projeto de Lei n.\u00ba 024\/2023<\/a>, que \u201cAltera a Lei Municipal n.\u00ba 3.064, de 18 de maio de 1998, que disp\u00f5e sobre a concess\u00e3o dos servi\u00e7os funer\u00e1rios e necr\u00f3poles no munic\u00edpio de Contagem\u201d. Projeto de Lei de Autoria do Poder Executivo.<\/p>\n<p style=\"text-align: justify;\">Emendas: Sim.<br \/>\nQu\u00f3rum: Maioria Simples.<br \/>\nVota\u00e7\u00e3o: Eletr\u00f4nica.<\/p>\n<p style=\"text-align: justify;\"><strong>Item 04<\/strong>: Discuss\u00e3o e vota\u00e7\u00e3o, em <em>Primeiro Turno<\/em>, do <a href=\"http:\/\/legislativo.cmc.mg.gov.br:8080\/sapl\/consultas\/materia\/materia_mostrar_proc?cod_materia=42049\" target=\"_blank\" rel=\"noopener noreferrer\">Projeto de Lei n.\u00ba 167\/2023<\/a>, que \u201cAutoriza o Poder Executivo a celebrar contratos de cess\u00e3o onerosa de direito \u00e0 nomea\u00e7\u00e3o de eventos e equipamentos p\u00fablicos municipais em Contagem, \u201cNaming Rights\u201d\u201d. Projeto de Lei de Autoria do Vereador Alex Chiodi<\/p>\n<p style=\"text-align: justify;\">Emendas: Sim.<br \/>\nQu\u00f3rum: Maioria Simples.<br \/>\nVota\u00e7\u00e3o: Eletr\u00f4nica.<\/p>\n<p style=\"text-align: justify;\"><strong>Item 05<\/strong>: Discuss\u00e3o e vota\u00e7\u00e3o, em <em>Segundo Turno e Reda\u00e7\u00e3o Final<\/em>, do <a href=\"http:\/\/legislativo.cmc.mg.gov.br:8080\/sapl\/consultas\/materia\/materia_mostrar_proc?cod_materia=40469\" target=\"_blank\" rel=\"noopener noreferrer\">Projeto de Lei n.\u00ba 115\/2023<\/a>, que \u201cDisp\u00f5e sobre a obrigatoriedade do uso de crach\u00e1 de identifica\u00e7\u00e3o que permita a visualiza\u00e7\u00e3o de nome, fun\u00e7\u00e3o e foto dos profissionais que prestam servi\u00e7os como seguran\u00e7as em casas noturnas, bares, restaurantes e outros locais que realizem eventos no munic\u00edpio de Contagem\u201d. Projeto de Lei de Autoria do Vereador L\u00e9o da Academia.<\/p>\n<p style=\"text-align: justify;\">Emendas: N\u00e3o.<br \/>\nQu\u00f3rum: Maioria Simples.<br \/>\nVota\u00e7\u00e3o: Eletr\u00f4nica.<\/p>\n<p style=\"text-align: justify;\"><strong>Item 06<\/strong>: Discuss\u00e3o e vota\u00e7\u00e3o, em <em>Segundo Turno e Reda\u00e7\u00e3o Final<\/em>, do <a href=\"http:\/\/legislativo.cmc.mg.gov.br:8080\/sapl\/consultas\/materia\/materia_mostrar_proc?cod_materia=40524\" target=\"_blank\" rel=\"noopener noreferrer\">Projeto de Lei n.\u00ba 123\/2023<\/a>, que \u201cDisp\u00f5e sobre a informa\u00e7\u00e3o dos temperos utilizados nos estabelecimentos aliment\u00edcios para consumidores al\u00e9rgicos no munic\u00edpio de Contagem, e d\u00e1 outras provid\u00eancias\u201d. Projeto de Lei de Autoria da Vereadora Gl\u00f3ria da Aposentadoria.<\/p>\n<p style=\"text-align: justify;\">Emendas: Sim.<br \/>\nQu\u00f3rum: Maioria Simples.<br \/>\nVota\u00e7\u00e3o: Eletr\u00f4nica.<\/p>\n<p style=\"text-align: justify;\"><strong>Item 07<\/strong>: Discuss\u00e3o e vota\u00e7\u00e3o, em <em>Segundo Turno e Reda\u00e7\u00e3o Final<\/em>, do <a href=\"http:\/\/legislativo.cmc.mg.gov.br:8080\/sapl\/consultas\/materia\/materia_mostrar_proc?cod_materia=41461\" target=\"_blank\" rel=\"noopener noreferrer\">Projeto de Lei n.\u00ba 150\/2023<\/a>, que \u201cInstitui a \u201cSemana Municipal de Conscientiza\u00e7\u00e3o e Prote\u00e7\u00e3o ao Ciclista\u201d. Projeto de Lei de Autoria do Vereador Hugo Vila\u00e7a.<\/p>\n<p style=\"text-align: justify;\">Emendas: N\u00e3o.<br \/>\nQu\u00f3rum: Maioria Simples.<br \/>\nVota\u00e7\u00e3o: Eletr\u00f4nica.<\/p>\n<p style=\"text-align: justify;\"><strong>Aprecia\u00e7\u00e3o Conclusiva<\/strong><\/p>\n<p style=\"text-align: justify;\"><strong>Item 01<\/strong>: Aprecia\u00e7\u00e3o conclusiva, conforme art. 97 do Regimento Interno, da Proposi\u00e7\u00e3o de Lei n\u00ba 038\/2024, origin\u00e1ria do <a href=\"http:\/\/legislativo.cmc.mg.gov.br:8080\/sapl\/consultas\/materia\/materia_mostrar_proc?cod_materia=44774\" target=\"_blank\" rel=\"noopener noreferrer\">Projeto de Lei n.\u00ba 042\/2024<\/a>, que \u201cAltera a denomina\u00e7\u00e3o de logradouro p\u00fablico que menciona, neste Munic\u00edpio.\u201d Autoria do Vereador Bruno Barreiro.<\/p>\n<p style=\"text-align: justify;\">Devolu\u00e7\u00e3o do exame ao plen\u00e1rio: Recurso de 1\/3 dos Membros da C\u00e2mara<br \/>\nPrazo para recurso: Dois dias \u00fateis, contados da leitura da decis\u00e3o em Plen\u00e1rio.<\/p>\n<p style=\"text-align: justify;\"><strong>Item 02<\/strong>: Aprecia\u00e7\u00e3o conclusiva, conforme art. 97 do Regimento Interno, da Proposi\u00e7\u00e3o de Lei n\u00ba 037\/2024, origin\u00e1ria do <a href=\"http:\/\/legislativo.cmc.mg.gov.br:8080\/sapl\/consultas\/materia\/materia_mostrar_proc?cod_materia=44791\" target=\"_blank\" rel=\"noopener noreferrer\">Projeto de Lei n.\u00ba 048\/2024<\/a>, que \u201cDeclara de Utilidade P\u00fablica a \u201cEcovida \u2013 Associa\u00e7\u00e3o de Defesa da Natureza da Regi\u00e3o do Nacional.\u201d Autoria da Vereadora Moara Saboia.<\/p>\n<p style=\"text-align: justify;\">Devolu\u00e7\u00e3o do exame ao plen\u00e1rio: Recurso de 1\/3 dos Membros da C\u00e2mara<br \/>\nPrazo para recurso: Dois dias \u00fateis, contados da leitura da decis\u00e3o em Plen\u00e1rio.<\/p>\n<p style=\"text-align: justify;\"><strong>Tribuna Livre<\/strong><\/p>\n<p style=\"text-align: justify;\">Est\u00e1 inscrita, para fazer uso da palavra na Tribuna Livre<em>, <\/em>a Senhora D\u00e9bora Batista, Presidente e Fundadora do \u201cProjeto Circuito Inclus\u00e3o\u201d, que ir\u00e1 discorrer sobre o Projeto e os servi\u00e7os na comunidade.<\/p>\n<p style=\"text-align: justify;\">\n","protected":false},"excerpt":{"rendered":"<p>12\u00aa Reuni\u00e3o Ordin\u00e1ria da 4\u00aa Sess\u00e3o Legislativa da 19\u00aa Legislatura, prevista para o dia 30 de abril de 2024, ter\u00e7a-feira, no Plen\u00e1rio Vereador Jos\u00e9 Cust\u00f3dio, com in\u00edcio \u00e0s 9 horas. Item 01: Discuss\u00e3o e vota\u00e7\u00e3o, em Turno \u00danico, do Veto Parcial \u00e0 Proposi\u00e7\u00e3o de Lei n.\u00ba 013\/2024, origin\u00e1ria do Projeto de Lei n.\u00ba 221\/2022, que &hellip; <a href=\"https:\/\/www.cmc.mg.gov.br\/?p=24982\" class=\"more-link\">Continue lendo <span class=\"screen-reader-text\">12\u00aa Reuni\u00e3o Ordin\u00e1ria de 2024<\/span> <span class=\"meta-nav\">&rarr;<\/span><\/a><\/p>\n","protected":false},"author":3,"featured_media":0,"comment_status":"open","ping_status":"open","sticky":false,"template":"","format":"standard","meta":{"_exactmetrics_skip_tracking":false,"_exactmetrics_sitenote_active":false,"_exactmetrics_sitenote_note":"","_exactmetrics_sitenote_category":0,"footnotes":""},"categories":[19],"tags":[],"class_list":["post-24982","post","type-post","status-publish","format-standard","hentry","category-ordem-do-dia"],"_links":{"self":[{"href":"https:\/\/www.cmc.mg.gov.br\/index.php?rest_route=\/wp\/v2\/posts\/24982","targetHints":{"allow":["GET"]}}],"collection":[{"href":"https:\/\/www.cmc.mg.gov.br\/index.php?rest_route=\/wp\/v2\/posts"}],"about":[{"href":"https:\/\/www.cmc.mg.gov.br\/index.php?rest_route=\/wp\/v2\/types\/post"}],"author":[{"embeddable":true,"href":"https:\/\/www.cmc.mg.gov.br\/index.php?rest_route=\/wp\/v2\/users\/3"}],"replies":[{"embeddable":true,"href":"https:\/\/www.cmc.mg.gov.br\/index.php?rest_route=%2Fwp%2Fv2%2Fcomments&post=24982"}],"version-history":[{"count":5,"href":"https:\/\/www.cmc.mg.gov.br\/index.php?rest_route=\/wp\/v2\/posts\/24982\/revisions"}],"predecessor-version":[{"id":24987,"href":"https:\/\/www.cmc.mg.gov.br\/index.php?rest_route=\/wp\/v2\/posts\/24982\/revisions\/24987"}],"wp:attachment":[{"href":"https:\/\/www.cmc.mg.gov.br\/index.php?rest_route=%2Fwp%2Fv2%2Fmedia&parent=24982"}],"wp:term":[{"taxonomy":"category","embeddable":true,"href":"https:\/\/www.cmc.mg.gov.br\/index.php?rest_route=%2Fwp%2Fv2%2Fcategories&post=24982"},{"taxonomy":"post_tag","embeddable":true,"href":"https:\/\/www.cmc.mg.gov.br\/index.php?rest_route=%2Fwp%2Fv2%2Ftags&post=24982"}],"curies":[{"name":"wp","href":"https:\/\/api.w.org\/{rel}","templated":true}]}}