
{"id":24995,"date":"2024-04-30T13:45:20","date_gmt":"2024-04-30T16:45:20","guid":{"rendered":"http:\/\/www.cmc.mg.gov.br\/?p=24995"},"modified":"2024-04-30T13:45:20","modified_gmt":"2024-04-30T16:45:20","slug":"pl-aprovado-na-camara-preve-uso-de-cracha-para-profissionais-de-seguranca-privada","status":"publish","type":"post","link":"https:\/\/www.cmc.mg.gov.br\/?p=24995","title":{"rendered":"PL aprovado na C\u00e2mara prev\u00ea uso de crach\u00e1 para profissionais de seguran\u00e7a privada"},"content":{"rendered":"<p style=\"text-align: justify;\"><span style=\"font-weight: 400;\">Em locais e ocasi\u00f5es em que n\u00e3o \u00e9 poss\u00edvel contar com a seguran\u00e7a das for\u00e7as policiais, \u00e9 comum que os servi\u00e7os de vigil\u00e2ncia privada sejam contratados. Isso inclui, por exemplo, seguran\u00e7a de patrim\u00f4nio e valores &#8211; como no carro dos carros-fortes, por exemplo &#8211; e, de forma muito comum, em bares, casas noturnas e eventos.\u00a0<\/span><\/p>\n<p style=\"text-align: justify;\"><span style=\"font-weight: 400;\">A pr\u00e1tica da vigil\u00e2ncia privada \u00e9 regulada, controlada e fiscalizada pela Pol\u00edcia Federal desde 1996. A ela cabe, dentre outras coisas, garantir que estejam atuando no mercado somente profissionais devidamente capacitados pelas centenas de empresas especializadas e registradas que oferecem esse treinamento.\u00a0<\/span><\/p>\n<p style=\"text-align: justify;\"><span style=\"font-weight: 400;\">No entanto, devido ao n\u00famero elevado de profissionais que prestam esses servi\u00e7os e considerando, ainda, uma grande parte de maneira informal, a PF falha na fiscaliza\u00e7\u00e3o, dando margem a pr\u00e1ticas abusivas em que os \u201cprofissionais\u201d exageram no uso da for\u00e7a f\u00edsica e at\u00e9 mesmo lan\u00e7am m\u00e3o do uso de arma de fogo desnecessariamente.<\/span><\/p>\n<p style=\"text-align: justify;\"><span style=\"font-weight: 400;\">Com o intuito de resguardar tanto os frequentadores, quanto os pr\u00f3prios profissionais, e ao mesmo tempo permitir que este controle possa ser, em parte, feito tamb\u00e9m pela sociedade, a C\u00e2mara de Contagem aprovou, nesta ter\u00e7a-feira (30\/04), em segundo turno e reda\u00e7\u00e3o final, um projeto de lei (<a href=\"http:\/\/legislativo.cmc.mg.gov.br:8080\/sapl\/consultas\/materia\/materia_mostrar_proc?cod_materia=40469\" target=\"_blank\" rel=\"noopener noreferrer\">PL 115\/2023<\/a>) do vereador L\u00e9o da Academia (PDT).<\/span><\/p>\n<p style=\"text-align: justify;\"><span style=\"font-weight: 400;\">Segundo o PL, passa a ser obrigat\u00f3rio o uso de crach\u00e1 de identifica\u00e7\u00e3o que permita a visualiza\u00e7\u00e3o de nome, fun\u00e7\u00e3o e foto dos profissionais que prestam servi\u00e7os como seguran\u00e7as em casas noturnas, bares, restaurantes e outros locais que realizem eventos no munic\u00edpio de Contagem.\u00a0<\/span><\/p>\n<p style=\"text-align: justify;\"><span style=\"font-weight: 400;\">Na capital, um projeto semelhante, de autoria do vereador Fernando Luiz (PSD), foi aprovado na C\u00e2mara no ano passado e, ap\u00f3s receber veto parcial do prefeito Fuad Noman, entrou em vigor sob o n\u00famero de Lei Municipal 11.521\/2023. O texto preconiza o uso de crach\u00e1 de identifica\u00e7\u00e3o dos seguran\u00e7as, e que possam ser identificados nome completo e leg\u00edvel do portador, foto, cargo que ocupa e nome da empresa respons\u00e1vel pelo funcion\u00e1rio, em caso de empresa terceirizada.\u00a0<\/span><\/p>\n<p style=\"text-align: justify;\"><span style=\"font-weight: 400;\">A partir de agora, a proposi\u00e7\u00e3o seguir\u00e1 para a Prefeitura, onde dever\u00e1 receber o veto ou a san\u00e7\u00e3o da prefeita Mar\u00edlia Campos. Em caso de san\u00e7\u00e3o, a lei passar\u00e1 a valer o munic\u00edpio a partir da sua data de publica\u00e7\u00e3o em Di\u00e1rio Oficial.\u00a0<\/span><\/p>\n<p style=\"text-align: justify;\">\n","protected":false},"excerpt":{"rendered":"<p>Em locais e ocasi\u00f5es em que n\u00e3o \u00e9 poss\u00edvel contar com a seguran\u00e7a das for\u00e7as policiais, \u00e9 comum que os servi\u00e7os de vigil\u00e2ncia privada sejam contratados. Isso inclui, por exemplo, seguran\u00e7a de patrim\u00f4nio e valores &#8211; como no carro dos carros-fortes, por exemplo &#8211; e, de forma muito comum, em bares, casas noturnas e eventos.\u00a0 &hellip; <a href=\"https:\/\/www.cmc.mg.gov.br\/?p=24995\" class=\"more-link\">Continue lendo <span class=\"screen-reader-text\">PL aprovado na C\u00e2mara prev\u00ea uso de crach\u00e1 para profissionais de seguran\u00e7a privada<\/span> <span class=\"meta-nav\">&rarr;<\/span><\/a><\/p>\n","protected":false},"author":2,"featured_media":24996,"comment_status":"open","ping_status":"open","sticky":false,"template":"","format":"standard","meta":{"_exactmetrics_skip_tracking":false,"_exactmetrics_sitenote_active":false,"_exactmetrics_sitenote_note":"","_exactmetrics_sitenote_category":0,"footnotes":""},"categories":[27,243],"tags":[],"class_list":["post-24995","post","type-post","status-publish","format-standard","has-post-thumbnail","hentry","category-noticias","category-novas-noticias"],"_links":{"self":[{"href":"https:\/\/www.cmc.mg.gov.br\/index.php?rest_route=\/wp\/v2\/posts\/24995","targetHints":{"allow":["GET"]}}],"collection":[{"href":"https:\/\/www.cmc.mg.gov.br\/index.php?rest_route=\/wp\/v2\/posts"}],"about":[{"href":"https:\/\/www.cmc.mg.gov.br\/index.php?rest_route=\/wp\/v2\/types\/post"}],"author":[{"embeddable":true,"href":"https:\/\/www.cmc.mg.gov.br\/index.php?rest_route=\/wp\/v2\/users\/2"}],"replies":[{"embeddable":true,"href":"https:\/\/www.cmc.mg.gov.br\/index.php?rest_route=%2Fwp%2Fv2%2Fcomments&post=24995"}],"version-history":[{"count":1,"href":"https:\/\/www.cmc.mg.gov.br\/index.php?rest_route=\/wp\/v2\/posts\/24995\/revisions"}],"predecessor-version":[{"id":24997,"href":"https:\/\/www.cmc.mg.gov.br\/index.php?rest_route=\/wp\/v2\/posts\/24995\/revisions\/24997"}],"wp:featuredmedia":[{"embeddable":true,"href":"https:\/\/www.cmc.mg.gov.br\/index.php?rest_route=\/wp\/v2\/media\/24996"}],"wp:attachment":[{"href":"https:\/\/www.cmc.mg.gov.br\/index.php?rest_route=%2Fwp%2Fv2%2Fmedia&parent=24995"}],"wp:term":[{"taxonomy":"category","embeddable":true,"href":"https:\/\/www.cmc.mg.gov.br\/index.php?rest_route=%2Fwp%2Fv2%2Fcategories&post=24995"},{"taxonomy":"post_tag","embeddable":true,"href":"https:\/\/www.cmc.mg.gov.br\/index.php?rest_route=%2Fwp%2Fv2%2Ftags&post=24995"}],"curies":[{"name":"wp","href":"https:\/\/api.w.org\/{rel}","templated":true}]}}