
{"id":25157,"date":"2024-06-05T12:22:02","date_gmt":"2024-06-05T15:22:02","guid":{"rendered":"http:\/\/www.cmc.mg.gov.br\/?p=25157"},"modified":"2024-06-05T12:22:02","modified_gmt":"2024-06-05T15:22:02","slug":"secretaria-de-desenvolvimento-social-apresenta-numeros-e-avancos-na-tribuna-livre-da-camara","status":"publish","type":"post","link":"https:\/\/www.cmc.mg.gov.br\/?p=25157","title":{"rendered":"Secretaria de Desenvolvimento Social apresenta n\u00fameros e avan\u00e7os na Tribuna Livre da C\u00e2mara"},"content":{"rendered":"<p style=\"text-align: justify;\">Cidad\u00e3os \u00e0 margem da sociedade, sem acesso a direitos b\u00e1sicos e constitucionais como alimenta\u00e7\u00e3o, moradia, trabalho, sa\u00fade, seguran\u00e7a etc s\u00e3o um \u201cproblema\u201d de responsabilidade do Estado. Desta forma, a assist\u00eancia social desempenha um papel crucial na constru\u00e7\u00e3o de uma sociedade mais justa e equitativa.<\/p>\n<p style=\"text-align: justify;\">Em Contagem, a Secretaria Municipal de Desenvolvimento Social, Trabalho e Seguran\u00e7a Alimentar (SMDS) tem por finalidade planejar, coordenar e articular a implementa\u00e7\u00e3o das pol\u00edticas sociais, de seguran\u00e7a alimentar e de trabalho e renda do Munic\u00edpio, de forma integrada e intersetorial. E este trabalho, seus resultados e avan\u00e7os foram mostrados na \u00faltima reuni\u00e3o ordin\u00e1ria da C\u00e2mara, realizada na manh\u00e3 desta ter\u00e7a-feira (04\/06).<\/p>\n<p style=\"text-align: justify;\">A secret\u00e1ria Municipal de Desenvolvimento Social, Trabalho e Seguran\u00e7a Alimentar, Daniela Tiffany Prado de Carvalho, inscrita para a Tribuna Livre, apresentou uma an\u00e1lise das principais pol\u00edticas e a\u00e7\u00f5es da Secretaria no per\u00edodo de 2021 a abril de 2024. Segundo ela, o trabalho da pasta \u00e9 a consolida\u00e7\u00e3o dos compromissos feitos pela prefeita Mar\u00edlia Campos ao assumir o mandato, em 2021.<\/p>\n<p style=\"text-align: justify;\"><strong>N\u00fameros<\/strong><\/p>\n<p style=\"text-align: justify;\">De acordo com Daniela, a SMDS tem atua\u00e7\u00e3o multisetorial e seu objetivo \u00e9, dentre outras coisas,\u00a0 promover um circuito de transforma\u00e7\u00e3o socioexistencial, desde a\u00e7\u00f5es emergenciais at\u00e9 pol\u00edticas p\u00fablicas de mudan\u00e7as estruturais, oportunidade, acessos e direitos. Depois de elencar o p\u00fablico priorit\u00e1rio das a\u00e7\u00f5es de prote\u00e7\u00e3o social, a secret\u00e1ria apresentou os principais n\u00fameros que expressam o trabalho da Secretaria.<\/p>\n<ul style=\"text-align: justify;\">\n<li>Houve um aumento de 71% de acesso e cadastro ao CAD\u00danico, principal instrumento do governo para a sele\u00e7\u00e3o e a inclus\u00e3o de fam\u00edlias de baixa renda em programas federais, sendo usado para a concess\u00e3o de mais de 30 benef\u00edcios como Programa Bolsa Fam\u00edlia, P\u00e9 de Meia, Tarifa Social de Energia El\u00e9trica, Aux\u00edlio G\u00e1s, Minha Casa Minha Vida, entre outros. Al\u00e9m disso, ele tamb\u00e9m serve como crit\u00e9rio para a sele\u00e7\u00e3o de benefici\u00e1rios de programas oferecidos pelos governos estaduais e municipais. Agora, mais de 100 mil fam\u00edlias s\u00e3o assistidas pelo CAD\u00danico, incluindo quilombolas e pessoas em situa\u00e7\u00e3o de rua.<\/li>\n<li>Cart\u00e3o Social: Em Contagem, o cart\u00e3o social substitui, desde 2021 (por meio de uma legisla\u00e7\u00e3o aprovada pela C\u00e2mara Municipal), a distribui\u00e7\u00e3o de cestas b\u00e1sicas. Assim, as pessoas selecionadas recebem um cart\u00e3o magn\u00e9tico com o qual \u00e9 poss\u00edvel fazer compras em estabelecimentos credenciados de alimentos, g\u00e1s de cozinha, material de limpeza e higiene pessoal. Atualmente, s\u00e3o 2.250 cart\u00f5es, beneficiando mais de 4 mil fam\u00edlias &#8211; um investimento de R$ 4,9 milh\u00f5es exclusivamente do tesouro municipal.<\/li>\n<li>Amplia\u00e7\u00e3o dos atendimentos de CRAS e CREAS (assist\u00eancia social), com amplia\u00e7\u00e3o dos n\u00fameros de unidades.<\/li>\n<li>Realiza\u00e7\u00e3o do primeiro Censo da popula\u00e7\u00e3o em situa\u00e7\u00e3o de rua em Contagem (2022) e amplia\u00e7\u00e3o do atendimento delas: 3.700 pessoas atendidas no Centro de Refer\u00eancia Especializado para Pessoa em Situa\u00e7\u00e3o de Rua (Centro POP), distribui\u00e7\u00e3o n\u00e3o s\u00f3 do almo\u00e7o, mas tamb\u00e9m do jantar para essas pessoas. Acolhimento de 1.112 adultos no Abrigo Bela Vista e mais de 1.600 na casa de passagem, onde tomam banho e passam a noite.<\/li>\n<li>Avan\u00e7os nas pol\u00edticas de prote\u00e7\u00e3o \u00e0 pessoa idosa e cria\u00e7\u00e3o da primeira ILPI Municipal (Institui\u00e7\u00e3o de Longa Perman\u00eancia para Idosos), onde s\u00e3o acolhidos 70 idosos. Aumento de R$ 1,2 milh\u00e3o para R$ 7 milh\u00f5es nesta \u00e1rea.<\/li>\n<li>Restaurante Popular: de 2.300 refei\u00e7\u00f5es\/dia em 2020 para 4.662 em 2024, al\u00e9m das sete cozinhas comunit\u00e1rias que atendem mais de 500 fam\u00edlias com refei\u00e7\u00f5es gratuitas de segunda a sexta, em \u00e1reas de maior vulnerabilidade &#8211; aumento de 142,4% de pessoas atendidas entre 2021 e 2024.<\/li>\n<li>Banco de alimentos: aproveitamento de alimentos em bom estado, mas que n\u00e3o possuem valor comercial, abastecendo 56 institui\u00e7\u00f5es beneficiadas, com mais de 190 mil pessoas atendidas semanalmente.<\/li>\n<li>Agricultura Urbana e Familiar: al\u00e9m da capacita\u00e7\u00e3o de quase 3 mil pessoas, Contagem tem 140 unidades de agricultura urbana espalhados pelas oito regionais. Desde 2021, foram realizadas 172 feiras.<\/li>\n<li>Gera\u00e7\u00e3o de emprego e renda: o Sine de Contagem desenvolveu o \u201cBanco de Oportunidades\u201d, com cadastramento de curr\u00edculos online para a avalia\u00e7\u00e3o da equipe e encaminhamento seguindo perfil e potencialidades. Com o aumento do percentual de empregabilidade, o Sine passa a ser credenciado novamente no Minist\u00e9rio do Trabalho com previs\u00e3o de recursos futuros. Al\u00e9m disso, houve eleva\u00e7\u00e3o significativa nas vagas para qualifica\u00e7\u00e3o profissional de jovens e adultos, com vistas \u00e0 inclus\u00e3o ao mercado de trabalho formal.<\/li>\n<li>Economia Solid\u00e1ria: mais de mil feiras realizadas, mais de 380 empreendimentos cadastrados, gera\u00e7\u00e3o de renda para mais de mil fam\u00edlias. Realiza\u00e7\u00e3o de feiras afro e feira de trocas.<\/li>\n<li>Participa\u00e7\u00e3o Popular: a SMDS coordena quatro conselhos e participa de outros 17, al\u00e9m de sete comit\u00eas e duas comiss\u00f5es.<\/li>\n<\/ul>\n<p style=\"text-align: justify;\">Depois de refor\u00e7ar e agradecer o trabalho das entidades da sociedade civil de Contagem, cujas parcerias tornam poss\u00edveis o trabalho da Secretaria, Daniela agradeceu a parceria do Legislativo em iniciativas e projetos de lei que fortalecem as pol\u00edticas p\u00fablicas de inclus\u00e3o e garantia de direitos na cidade.<\/p>\n<p style=\"text-align: justify;\"><strong>Interven\u00e7\u00f5es dos vereadores<\/strong><\/p>\n<p style=\"text-align: justify;\"><strong>\u00a0<\/strong>Na sequ\u00eancia da fala da secret\u00e1ria Daniela Tiffany, v\u00e1rios vereadores parabenizaram a atua\u00e7\u00e3o da equipe da SMDS. O primeiro foi Arnaldo de Oliveira (SD), que destacou a import\u00e2ncia da descentraliza\u00e7\u00e3o dos pontos de cadastro do CAD\u00danico, a qualidade do atendimento da ILPI de Contagem e deixou um pedido: a previs\u00e3o, em or\u00e7amento para o pr\u00f3ximo ano, da implanta\u00e7\u00e3o do Centro-Dia, local em que os idosos passam o dia e recebem cuidados, alimenta\u00e7\u00e3o e atividades.<\/p>\n<p style=\"text-align: justify;\">J\u00e1 Moara Saboia (PT) refor\u00e7ou a luta de Daniela e da prefeita Mar\u00edlia Campos na busca de recursos estaduais e federais \u201cpara que Contagem n\u00e3o tenha que assumir de forma exclusiva o cuidado com as pessoas\u201d, fala refor\u00e7ada pelo seu correligion\u00e1rio, Z\u00e9 Ant\u00f4nio do Hospital Santa Helena, que destacou a necessidade de cobrar dos deputados federais e estaduais mais recursos para a cidade. Sobre a agricultura urbana e familiar, Moara lembrou de projetos de sua autoria sobre o tema e ressaltou a import\u00e2ncia delas para o desenvolvimento e aproveitamento das \u00e1reas rurais da cidade, embora ela seja conhecida como uma cidade industrial.<\/p>\n<p style=\"text-align: justify;\">O pedido de Ronaldo Bab\u00e3o (PSB) foi em rela\u00e7\u00e3o \u00e0 seguran\u00e7a do entorno do Abrigo Bela Vista. \u201cComo vimos, esse abrigo recebe milhares de pessoas. Recentemente, fomos atendidos com a revitaliza\u00e7\u00e3o do espa\u00e7o, mas precisamos de mais seguran\u00e7a ali\u201d, disse.<\/p>\n<p style=\"text-align: justify;\">Gl\u00f3ria da Aposentadoria (PSDB) e Geg\u00ea Marreco (Rede) fizeram a defesa das regi\u00f5es onde atuam. Parabenizando o trabalho da cozinha comunit\u00e1ria da Regional Nacional &#8211; funcionando na Escola Municipal Professor Wancleber Pacheco \u2013 a vereadora pediu que a Economia Solid\u00e1ria fosse levada para os bairros do Estrela Dalva, S\u00e3o Mateus e Tijuca. Geg\u00ea enalteceu o trabalho da Cozinha Comunit\u00e1ria do Ressaca, que funciona no Cemei C\u00e2ndida Ferreira, e fez um questionamento sobre o andamento da implanta\u00e7\u00e3o de uma horta comunit\u00e1ria na regi\u00e3o do Ressaca.<\/p>\n<p style=\"text-align: justify;\">Finalizando a Tribuna, o presidente da casa, vereador Alex Chiodi (Uni\u00e3o), considerou assertiva a vinda da secret\u00e1ria para a presta\u00e7\u00e3o de contas. \u201cObviamente, ainda temos um longo caminho e a\u00e7\u00f5es a serem implementadas, algumas ainda n\u00e3o atingiram todos os objetivos, mas \u00e9 importante saber que estamos no caminho certo\u201d, encerrou.<\/p>\n","protected":false},"excerpt":{"rendered":"<p>Cidad\u00e3os \u00e0 margem da sociedade, sem acesso a direitos b\u00e1sicos e constitucionais como alimenta\u00e7\u00e3o, moradia, trabalho, sa\u00fade, seguran\u00e7a etc s\u00e3o um \u201cproblema\u201d de responsabilidade do Estado. Desta forma, a assist\u00eancia social desempenha um papel crucial na constru\u00e7\u00e3o de uma sociedade mais justa e equitativa. Em Contagem, a Secretaria Municipal de Desenvolvimento Social, Trabalho e Seguran\u00e7a &hellip; <a href=\"https:\/\/www.cmc.mg.gov.br\/?p=25157\" class=\"more-link\">Continue lendo <span class=\"screen-reader-text\">Secretaria de Desenvolvimento Social apresenta n\u00fameros e avan\u00e7os na Tribuna Livre da C\u00e2mara<\/span> <span class=\"meta-nav\">&rarr;<\/span><\/a><\/p>\n","protected":false},"author":2,"featured_media":25158,"comment_status":"open","ping_status":"open","sticky":false,"template":"","format":"standard","meta":{"_exactmetrics_skip_tracking":false,"_exactmetrics_sitenote_active":false,"_exactmetrics_sitenote_note":"","_exactmetrics_sitenote_category":0,"footnotes":""},"categories":[27,243,10],"tags":[],"class_list":["post-25157","post","type-post","status-publish","format-standard","has-post-thumbnail","hentry","category-noticias","category-novas-noticias","category-tribuna-livre"],"_links":{"self":[{"href":"https:\/\/www.cmc.mg.gov.br\/index.php?rest_route=\/wp\/v2\/posts\/25157","targetHints":{"allow":["GET"]}}],"collection":[{"href":"https:\/\/www.cmc.mg.gov.br\/index.php?rest_route=\/wp\/v2\/posts"}],"about":[{"href":"https:\/\/www.cmc.mg.gov.br\/index.php?rest_route=\/wp\/v2\/types\/post"}],"author":[{"embeddable":true,"href":"https:\/\/www.cmc.mg.gov.br\/index.php?rest_route=\/wp\/v2\/users\/2"}],"replies":[{"embeddable":true,"href":"https:\/\/www.cmc.mg.gov.br\/index.php?rest_route=%2Fwp%2Fv2%2Fcomments&post=25157"}],"version-history":[{"count":1,"href":"https:\/\/www.cmc.mg.gov.br\/index.php?rest_route=\/wp\/v2\/posts\/25157\/revisions"}],"predecessor-version":[{"id":25159,"href":"https:\/\/www.cmc.mg.gov.br\/index.php?rest_route=\/wp\/v2\/posts\/25157\/revisions\/25159"}],"wp:featuredmedia":[{"embeddable":true,"href":"https:\/\/www.cmc.mg.gov.br\/index.php?rest_route=\/wp\/v2\/media\/25158"}],"wp:attachment":[{"href":"https:\/\/www.cmc.mg.gov.br\/index.php?rest_route=%2Fwp%2Fv2%2Fmedia&parent=25157"}],"wp:term":[{"taxonomy":"category","embeddable":true,"href":"https:\/\/www.cmc.mg.gov.br\/index.php?rest_route=%2Fwp%2Fv2%2Fcategories&post=25157"},{"taxonomy":"post_tag","embeddable":true,"href":"https:\/\/www.cmc.mg.gov.br\/index.php?rest_route=%2Fwp%2Fv2%2Ftags&post=25157"}],"curies":[{"name":"wp","href":"https:\/\/api.w.org\/{rel}","templated":true}]}}