
{"id":25161,"date":"2024-06-07T14:10:00","date_gmt":"2024-06-07T17:10:00","guid":{"rendered":"http:\/\/www.cmc.mg.gov.br\/?p=25161"},"modified":"2024-06-07T14:12:07","modified_gmt":"2024-06-07T17:12:07","slug":"18a-reuniao-ordinaria-de-2024","status":"publish","type":"post","link":"https:\/\/www.cmc.mg.gov.br\/?p=25161","title":{"rendered":"18\u00aa Reuni\u00e3o Ordin\u00e1ria de 2024"},"content":{"rendered":"<p style=\"text-align: justify;\">18\u00aa Reuni\u00e3o Ordin\u00e1ria da 4\u00aa Sess\u00e3o Legislativa da 19\u00aa Legislatura, prevista para o dia 11 de junho, ter\u00e7a-feira, no Plen\u00e1rio Vereador Jos\u00e9 Cust\u00f3dio, com in\u00edcio \u00e0s 9 horas.<\/p>\n<p style=\"text-align: justify;\">\n<p style=\"text-align: justify;\"><strong>Item 01<\/strong>: Discuss\u00e3o e vota\u00e7\u00e3o, em Segundo Turno e Reda\u00e7\u00e3o Final, do <a href=\"http:\/\/legislativo.cmc.mg.gov.br:8080\/sapl\/consultas\/materia\/materia_mostrar_proc?cod_materia=42051\">Projeto de Lei n.\u00ba 169\/2023<\/a>, que \u201cDisp\u00f5e sobre a obrigatoriedade de hospitais p\u00fablicos e privados conveniados ao Sistema \u00danico de Sa\u00fade \u2013 SUS, no \u00e2mbito do munic\u00edpio, informar sobre o direito de parturientes a acompanhante\u201d.<br \/>\nProjeto de Lei de Autoria da Vereadora Daisy Silva.<\/p>\n<p style=\"text-align: justify;\">Emendas: N\u00e3o.<br \/>\nQu\u00f3rum: Maioria Simples.<br \/>\nVota\u00e7\u00e3o: Eletr\u00f4nica.<\/p>\n<p style=\"text-align: justify;\">\n<p style=\"text-align: justify;\"><strong>Item 02<\/strong>: Discuss\u00e3o e vota\u00e7\u00e3o, em Segundo Turno e Reda\u00e7\u00e3o Final, do <a href=\"http:\/\/legislativo.cmc.mg.gov.br:8080\/sapl\/consultas\/materia\/materia_mostrar_proc?cod_materia=42480\">Projeto de Lei n.\u00ba 177\/2023<\/a>, que \u201cInstitui a Pol\u00edtica de Bem-Estar, Sa\u00fade e Qualidade de Vida no Trabalho e Valoriza\u00e7\u00e3o dos Profissionais da Educa\u00e7\u00e3o no \u00e2mbito do munic\u00edpio de Contagem e d\u00e1 outras provid\u00eancias\u201d.<br \/>\nProjeto de Lei de Autoria da Vereadora Gl\u00f3ria da Aposentadoria.<\/p>\n<p style=\"text-align: justify;\">Emendas: N\u00e3o.<br \/>\nQu\u00f3rum: Maioria Simples.<br \/>\nVota\u00e7\u00e3o: Eletr\u00f4nica.<\/p>\n<p style=\"text-align: justify;\">\n<p>&nbsp;<\/p>\n<p>&nbsp;<\/p>\n","protected":false},"excerpt":{"rendered":"<p>18\u00aa Reuni\u00e3o Ordin\u00e1ria da 4\u00aa Sess\u00e3o Legislativa da 19\u00aa Legislatura, prevista para o dia 11 de junho, ter\u00e7a-feira, no Plen\u00e1rio Vereador Jos\u00e9 Cust\u00f3dio, com in\u00edcio \u00e0s 9 horas. Item 01: Discuss\u00e3o e vota\u00e7\u00e3o, em Segundo Turno e Reda\u00e7\u00e3o Final, do Projeto de Lei n.\u00ba 169\/2023, que \u201cDisp\u00f5e sobre a obrigatoriedade de hospitais p\u00fablicos e privados &hellip; <a href=\"https:\/\/www.cmc.mg.gov.br\/?p=25161\" class=\"more-link\">Continue lendo <span class=\"screen-reader-text\">18\u00aa Reuni\u00e3o Ordin\u00e1ria de 2024<\/span> <span class=\"meta-nav\">&rarr;<\/span><\/a><\/p>\n","protected":false},"author":16,"featured_media":0,"comment_status":"open","ping_status":"open","sticky":false,"template":"","format":"standard","meta":{"_exactmetrics_skip_tracking":false,"_exactmetrics_sitenote_active":false,"_exactmetrics_sitenote_note":"","_exactmetrics_sitenote_category":0,"footnotes":""},"categories":[19],"tags":[],"class_list":["post-25161","post","type-post","status-publish","format-standard","hentry","category-ordem-do-dia"],"_links":{"self":[{"href":"https:\/\/www.cmc.mg.gov.br\/index.php?rest_route=\/wp\/v2\/posts\/25161","targetHints":{"allow":["GET"]}}],"collection":[{"href":"https:\/\/www.cmc.mg.gov.br\/index.php?rest_route=\/wp\/v2\/posts"}],"about":[{"href":"https:\/\/www.cmc.mg.gov.br\/index.php?rest_route=\/wp\/v2\/types\/post"}],"author":[{"embeddable":true,"href":"https:\/\/www.cmc.mg.gov.br\/index.php?rest_route=\/wp\/v2\/users\/16"}],"replies":[{"embeddable":true,"href":"https:\/\/www.cmc.mg.gov.br\/index.php?rest_route=%2Fwp%2Fv2%2Fcomments&post=25161"}],"version-history":[{"count":2,"href":"https:\/\/www.cmc.mg.gov.br\/index.php?rest_route=\/wp\/v2\/posts\/25161\/revisions"}],"predecessor-version":[{"id":25163,"href":"https:\/\/www.cmc.mg.gov.br\/index.php?rest_route=\/wp\/v2\/posts\/25161\/revisions\/25163"}],"wp:attachment":[{"href":"https:\/\/www.cmc.mg.gov.br\/index.php?rest_route=%2Fwp%2Fv2%2Fmedia&parent=25161"}],"wp:term":[{"taxonomy":"category","embeddable":true,"href":"https:\/\/www.cmc.mg.gov.br\/index.php?rest_route=%2Fwp%2Fv2%2Fcategories&post=25161"},{"taxonomy":"post_tag","embeddable":true,"href":"https:\/\/www.cmc.mg.gov.br\/index.php?rest_route=%2Fwp%2Fv2%2Ftags&post=25161"}],"curies":[{"name":"wp","href":"https:\/\/api.w.org\/{rel}","templated":true}]}}