
{"id":25543,"date":"2024-10-07T15:17:07","date_gmt":"2024-10-07T18:17:07","guid":{"rendered":"http:\/\/www.cmc.mg.gov.br\/?p=25543"},"modified":"2024-10-07T15:35:58","modified_gmt":"2024-10-07T18:35:58","slug":"20a-legislatura-da-camara-de-contagem-tera-recorde-de-mulheres-e-16-partidos","status":"publish","type":"post","link":"https:\/\/www.cmc.mg.gov.br\/?p=25543","title":{"rendered":"20\u00aa Legislatura da C\u00e2mara de Contagem ter\u00e1 recorde de mulheres e 16 partidos"},"content":{"rendered":"<p style=\"text-align: justify;\"><span style=\"font-weight: 400;\">Na noite deste domingo (06\/10), os contagenses conheceram os 25 vereadores que v\u00e3o compor a 20\u00aa Legislatura da C\u00e2mara Municipal de Contagem. Com o aumento de quatro cadeiras &#8211; passando de 21 para 25 vereadores &#8211; ser\u00e3o, a partir de 1\u00ba de janeiro do ano que vem, nove novos parlamentares.\u00a0<\/span><\/p>\n<p style=\"text-align: justify;\"><span style=\"font-weight: 400;\">S\u00e3o eles: Pedro Luiz (PL), Adriana Souza (PT), Mauricinho do Sandu\u00edche (PL), Tia Keyla (PL), Junior Zica (Uni\u00e3o), Adilson Lamounier (Uni\u00e3o), Carol do Teteco (MDB), Rodrigo do Posto (Mob) e Didi (PRD). N\u00e3o conseguiram a reelei\u00e7\u00e3o Abne Motta (PRD), Edgard Guedes (Republicanos), Hugo Vila\u00e7a (Avante) e Ronaldo Bab\u00e3o (PSB). E o vereador Teteco (MDB), embora n\u00e3o tenha se candidatado neste pleito, conseguiu emplacar sua filha e correligion\u00e1ria, Carol do Teteco.\u00a0\u00a0<\/span><\/p>\n<p style=\"text-align: justify;\"><b>Renova\u00e7\u00e3o e representa\u00e7\u00e3o feminina<\/b><\/p>\n<p style=\"text-align: justify;\"><span style=\"font-weight: 400;\">Considerando que 16 dos atuais 21 vereadores conseguiram se reeleger, a renova\u00e7\u00e3o da C\u00e2mara ser\u00e1 de apenas 24%, n\u00famero consideravelmente inferior ao das \u00faltimas duas legislaturas. Em 2020, a renova\u00e7\u00e3o foi de 43% (9 novos vereadores) e, em 2016, foi de 52% (11 novos vereadores).\u00a0<\/span><\/p>\n<p style=\"text-align: justify;\"><span style=\"font-weight: 400;\">A grande mudan\u00e7a fica por conta da representa\u00e7\u00e3o feminina. A C\u00e2mara, que atualmente tem quatro vereadoras, contar\u00e1 com sete mulheres a partir do ano que vem. Esse \u00e9 o recorde desde o in\u00edcio do parlamento contagense, em 1949. At\u00e9 hoje, a legislatura que havia tido mais mulheres foi a 12\u00aa (1993-1996), com cinco representantes femininas.\u00a0<\/span><\/p>\n<p style=\"text-align: justify;\"><span style=\"font-weight: 400;\">Embora a cota de g\u00eanero prevista na Lei das Elei\u00e7\u00f5es desde 2009 determine que os partidos devem preencher o m\u00ednimo de 30% e o m\u00e1ximo de 70% para candidaturas de cada sexo, a C\u00e2mara de Contagem nunca conseguiu reproduzir esta porcentagem, de fato, em candidatas eleitas na Casa. Por\u00e9m, este ano foi o que chegou mais pr\u00f3ximo: 28%.\u00a0<\/span><\/p>\n<p style=\"text-align: justify;\"><span style=\"font-weight: 400;\">O n\u00famero se torna ainda mais vultoso observando a hist\u00f3ria das mulheres no Legislativo contagense. A C\u00e2mara s\u00f3 teve representa\u00e7\u00e3o feminina 22 anos ap\u00f3s a primeira legislatura, quando Zulma Alves Dias Leal assumiu seu mandato em 1971. Quinze anos atr\u00e1s, a C\u00e2mara de Contagem iniciava a sua 16\u00aa legislatura sem nenhuma mulher.\u00a0<\/span><\/p>\n<p style=\"text-align: justify;\"><b>Fatias partid\u00e1rias<\/b><\/p>\n<p style=\"text-align: justify;\"><span style=\"font-weight: 400;\">Dezesseis partidos garantiram cadeiras na pr\u00f3xima legislatura: PDT, PL, Mobiliza, PT, PV, PSDB, PP, Uni\u00e3o, PSB, Solidariedade, Rede, Republicanos, PSD, PRD, MDB e Avante. Apenas o PL n\u00e3o possu\u00eda representantes na C\u00e2mara e agora entra com tr\u00eas vereadores em 2025. Outros partidos que aumentaram sua representa\u00e7\u00e3o no parlamento foram o PT (3 cadeiras), o Uni\u00e3o (3 cadeiras) e o Mobiliza (2 cadeiras).\u00a0<\/span><\/p>\n<p style=\"text-align: justify;\"><span style=\"font-weight: 400;\">Mant\u00eam-se com uma cadeira os partidos PP, PDT, MDB, Rede, PSDB, PSD e Solidariedade, e com duas cadeiras o PV e o PRD. J\u00e1 o Avante, o Republicanos e o PSB perderam espa\u00e7o no legislativo municipal, diminuindo de duas para apenas uma cadeira.\u00a0<\/span><\/p>\n<p style=\"text-align: justify;\"><b>Confira os eleitos e os respectivos n\u00fameros de votos:<\/b><\/p>\n<p style=\"text-align: justify;\"><span style=\"font-weight: 400;\">L\u00c9O DA ACADEMIA (PDT) <\/span><span style=\"font-weight: 400;\"><br \/>\n<\/span><span style=\"font-weight: 400;\">Eleito por QP &#8211;\u00a0 10.627 votos<\/span><\/p>\n<p style=\"text-align: justify;\"><span style=\"font-weight: 400;\">PEDRO LUIZ (PL)<\/span><\/p>\n<p style=\"text-align: justify;\"><span style=\"font-weight: 400;\">Eleito por QP &#8211; 9.330 votos<\/span><\/p>\n<p style=\"text-align: justify;\"><span style=\"font-weight: 400;\">DENILSON DA JUC (MOBILIZA)<\/span><\/p>\n<p style=\"text-align: justify;\"><span style=\"font-weight: 400;\">Eleito por QP &#8211; 9.002 votos<\/span><\/p>\n<p style=\"text-align: justify;\"><span style=\"font-weight: 400;\">ADRIANA SOUZA (PT)<\/span><\/p>\n<p style=\"text-align: justify;\"><span style=\"font-weight: 400;\">Eleito por QP &#8211; 8.205 votos<\/span><\/p>\n<p style=\"text-align: justify;\"><span style=\"font-weight: 400;\">SILVINHA DUDU (PV)<\/span><\/p>\n<p style=\"text-align: justify;\"><span style=\"font-weight: 400;\">Eleito por QP &#8211; 8.022 votos<\/span><\/p>\n<p style=\"text-align: justify;\"><span style=\"font-weight: 400;\">GL\u00d3RIA DA APOSENTADORIA (PSDB)<\/span><\/p>\n<p style=\"text-align: justify;\"><span style=\"font-weight: 400;\">Eleito por QP &#8211; 6.753 votos<\/span><\/p>\n<p style=\"text-align: justify;\"><span style=\"font-weight: 400;\">VINICIUS FARIA (PP)<\/span><\/p>\n<p style=\"text-align: justify;\"><span style=\"font-weight: 400;\">Eleito por QP &#8211; 5.997 votos<\/span><\/p>\n<p style=\"text-align: justify;\"><span style=\"font-weight: 400;\">MAURICINHO DO SANDUICHE (PL)<\/span><\/p>\n<p style=\"text-align: justify;\"><span style=\"font-weight: 400;\">Eleito por QP &#8211; 5.930 votos<\/span><\/p>\n<p style=\"text-align: justify;\"><span style=\"font-weight: 400;\">ALEX CHIODI (UNI\u00c3O)<\/span><\/p>\n<p style=\"text-align: justify;\"><span style=\"font-weight: 400;\">Eleito por QP &#8211; 5.715 votos<\/span><\/p>\n<p style=\"text-align: justify;\"><span style=\"font-weight: 400;\">TIA KEYLA (PL)<\/span><\/p>\n<p style=\"text-align: justify;\"><span style=\"font-weight: 400;\">Eleito por m\u00e9dia &#8211; 5.714 votos<\/span><\/p>\n<p style=\"text-align: justify;\"><span style=\"font-weight: 400;\">DANIEL DO IRINEU (PSB)<\/span><\/p>\n<p style=\"text-align: justify;\"><span style=\"font-weight: 400;\">Eleito por QP &#8211; 5.696 votos<\/span><\/p>\n<p style=\"text-align: justify;\"><span style=\"font-weight: 400;\">ARNALDO DE OLIVEIRA (SOLIDARIEDADE)<\/span><\/p>\n<p style=\"text-align: justify;\"><span style=\"font-weight: 400;\">Eleito por QP &#8211; 5.599 votos<\/span><\/p>\n<p style=\"text-align: justify;\"><span style=\"font-weight: 400;\">JUNIOR ZICA (UNI\u00c3O)<\/span><\/p>\n<p style=\"text-align: justify;\"><span style=\"font-weight: 400;\">Eleito por QP &#8211; 4.630 votos<\/span><\/p>\n<p style=\"text-align: justify;\"><span style=\"font-weight: 400;\">BRUNO BARREIRO (PV)<\/span><\/p>\n<p style=\"text-align: justify;\"><span style=\"font-weight: 400;\">Eleito por QP &#8211; 4.539 votos<\/span><\/p>\n<p style=\"text-align: justify;\"><span style=\"font-weight: 400;\">MOARA SABOIA (PT)<\/span><\/p>\n<p style=\"text-align: justify;\"><span style=\"font-weight: 400;\">Eleito por QP &#8211; 4.260 votos<\/span><\/p>\n<p style=\"text-align: justify;\"><span style=\"font-weight: 400;\">Z\u00c9 ANT\u00d4NIO DO HOSPITAL (PT)<\/span><\/p>\n<p style=\"text-align: justify;\"><span style=\"font-weight: 400;\">Eleito por m\u00e9dia &#8211; 4.215 votos\u00a0<\/span><\/p>\n<p style=\"text-align: justify;\"><span style=\"font-weight: 400;\">GEGE MARRECO (REDE)<\/span><\/p>\n<p style=\"text-align: justify;\"><span style=\"font-weight: 400;\">Eleito por QP &#8211; 4.206 votos<\/span><\/p>\n<p style=\"text-align: justify;\"><span style=\"font-weight: 400;\">DAISY SILVA (REPUBLICANOS)<\/span><\/p>\n<p style=\"text-align: justify;\"><span style=\"font-weight: 400;\">Eleito por QP &#8211; 4.075 votos<\/span><\/p>\n<p style=\"text-align: justify;\"><span style=\"font-weight: 400;\">DANIEL CARVALHO (PSD)<\/span><\/p>\n<p style=\"text-align: justify;\"><span style=\"font-weight: 400;\">Eleito por m\u00e9dia &#8211; 3.915 votos<\/span><\/p>\n<p style=\"text-align: justify;\"><span style=\"font-weight: 400;\">PASTOR ITAMAR (PRD)<\/span><\/p>\n<p style=\"text-align: justify;\"><span style=\"font-weight: 400;\">Eleito por QP &#8211; 3.882 votos<\/span><\/p>\n<p style=\"text-align: justify;\"><span style=\"font-weight: 400;\">ADILSON LAMOUNIER (UNI\u00c3O)<\/span><\/p>\n<p style=\"text-align: justify;\"><span style=\"font-weight: 400;\">Eleito por m\u00e9dia &#8211; 3.462 votos<\/span><\/p>\n<p style=\"text-align: justify;\"><span style=\"font-weight: 400;\">CAROL DO TETECO (MDB)<\/span><\/p>\n<p style=\"text-align: justify;\"><span style=\"font-weight: 400;\">Eleito por QP &#8211; 3.266 votos\u00a0<\/span><\/p>\n<p style=\"text-align: justify;\"><span style=\"font-weight: 400;\">JOSE CARLOS GOMES (AVANTE)<\/span><\/p>\n<p style=\"text-align: justify;\"><span style=\"font-weight: 400;\">Eleito por m\u00e9dia &#8211; 3.220 votos<\/span><\/p>\n<p style=\"text-align: justify;\"><span style=\"font-weight: 400;\">RODRIGO DO POSTO (MOBILIZA)<\/span><\/p>\n<p style=\"text-align: justify;\"><span style=\"font-weight: 400;\">Eleito por m\u00e9dia &#8211; 3.120 votos<\/span><\/p>\n<p style=\"text-align: justify;\"><span style=\"font-weight: 400;\">DIDI (PRD)\u00a0<\/span><\/p>\n<p style=\"text-align: justify;\"><span style=\"font-weight: 400;\">Eleito por m\u00e9dia &#8211;\u00a0<\/span><span style=\"font-weight: 400;\">2.829 votos<\/span><\/p>\n","protected":false},"excerpt":{"rendered":"<p>Na noite deste domingo (06\/10), os contagenses conheceram os 25 vereadores que v\u00e3o compor a 20\u00aa Legislatura da C\u00e2mara Municipal de Contagem. Com o aumento de quatro cadeiras &#8211; passando de 21 para 25 vereadores &#8211; ser\u00e3o, a partir de 1\u00ba de janeiro do ano que vem, nove novos parlamentares.\u00a0 S\u00e3o eles: Pedro Luiz (PL), &hellip; <a href=\"https:\/\/www.cmc.mg.gov.br\/?p=25543\" class=\"more-link\">Continue lendo <span class=\"screen-reader-text\">20\u00aa Legislatura da C\u00e2mara de Contagem ter\u00e1 recorde de mulheres e 16 partidos<\/span> <span class=\"meta-nav\">&rarr;<\/span><\/a><\/p>\n","protected":false},"author":2,"featured_media":25545,"comment_status":"open","ping_status":"open","sticky":false,"template":"","format":"standard","meta":{"_exactmetrics_skip_tracking":false,"_exactmetrics_sitenote_active":false,"_exactmetrics_sitenote_note":"","_exactmetrics_sitenote_category":0,"footnotes":""},"categories":[8,27,243,7],"tags":[],"class_list":["post-25543","post","type-post","status-publish","format-standard","has-post-thumbnail","hentry","category-camara","category-noticias","category-novas-noticias","category-vereadores"],"_links":{"self":[{"href":"https:\/\/www.cmc.mg.gov.br\/index.php?rest_route=\/wp\/v2\/posts\/25543","targetHints":{"allow":["GET"]}}],"collection":[{"href":"https:\/\/www.cmc.mg.gov.br\/index.php?rest_route=\/wp\/v2\/posts"}],"about":[{"href":"https:\/\/www.cmc.mg.gov.br\/index.php?rest_route=\/wp\/v2\/types\/post"}],"author":[{"embeddable":true,"href":"https:\/\/www.cmc.mg.gov.br\/index.php?rest_route=\/wp\/v2\/users\/2"}],"replies":[{"embeddable":true,"href":"https:\/\/www.cmc.mg.gov.br\/index.php?rest_route=%2Fwp%2Fv2%2Fcomments&post=25543"}],"version-history":[{"count":7,"href":"https:\/\/www.cmc.mg.gov.br\/index.php?rest_route=\/wp\/v2\/posts\/25543\/revisions"}],"predecessor-version":[{"id":25553,"href":"https:\/\/www.cmc.mg.gov.br\/index.php?rest_route=\/wp\/v2\/posts\/25543\/revisions\/25553"}],"wp:featuredmedia":[{"embeddable":true,"href":"https:\/\/www.cmc.mg.gov.br\/index.php?rest_route=\/wp\/v2\/media\/25545"}],"wp:attachment":[{"href":"https:\/\/www.cmc.mg.gov.br\/index.php?rest_route=%2Fwp%2Fv2%2Fmedia&parent=25543"}],"wp:term":[{"taxonomy":"category","embeddable":true,"href":"https:\/\/www.cmc.mg.gov.br\/index.php?rest_route=%2Fwp%2Fv2%2Fcategories&post=25543"},{"taxonomy":"post_tag","embeddable":true,"href":"https:\/\/www.cmc.mg.gov.br\/index.php?rest_route=%2Fwp%2Fv2%2Ftags&post=25543"}],"curies":[{"name":"wp","href":"https:\/\/api.w.org\/{rel}","templated":true}]}}