
{"id":25891,"date":"2024-12-17T14:00:11","date_gmt":"2024-12-17T17:00:11","guid":{"rendered":"http:\/\/www.cmc.mg.gov.br\/?p=25891"},"modified":"2024-12-20T15:22:33","modified_gmt":"2024-12-20T18:22:33","slug":"operacao-de-credito-garante-investimentos-em-mobilidade-infraestrutura-educacao-e-outras-areas","status":"publish","type":"post","link":"https:\/\/www.cmc.mg.gov.br\/?p=25891","title":{"rendered":"Opera\u00e7\u00e3o de cr\u00e9dito garante investimentos em mobilidade, infraestrutura, educa\u00e7\u00e3o e outras \u00e1reas"},"content":{"rendered":"<p style=\"text-align: justify;\"><span style=\"font-weight: 400;\">A C\u00e2mara autorizou, por meio da aprova\u00e7\u00e3o do <a href=\"http:\/\/legislativo.cmc.mg.gov.br:8080\/sapl\/consultas\/materia\/materia_mostrar_proc?cod_materia=47964\" target=\"_blank\" rel=\"noopener\">Projeto de Lei 12\/2024<\/a>, a contrata\u00e7\u00e3o de uma opera\u00e7\u00e3o de cr\u00e9dito com a Caixa Econ\u00f4mica Federal pelo Poder Executivo. A opera\u00e7\u00e3o ser\u00e1 concretizada em 2025 e pode chegar a 240 milh\u00f5es de reais.<\/span><\/p>\n<p style=\"text-align: justify;\"><span style=\"font-weight: 400;\">O valor, segundo a justificativa do governo municipal, ser\u00e1 destinado \u00e0 \u201ccomplementa\u00e7\u00e3o dos programas e a\u00e7\u00f5es desenvolvidos na \u00e1rea de infraestrutura de educa\u00e7\u00e3o, mobilidade urbana, transportes, saneamento, drenagem, habita\u00e7\u00e3o, equipamentos p\u00fablicos, consultoria e projetos, reajustamentos, bem como ao pagamento de desapropria\u00e7\u00f5es, aporte de contrapartidas e demais a\u00e7\u00f5es definidas no Plano Plurianual\u201d.<\/span><\/p>\n<p style=\"text-align: justify;\"><span style=\"font-weight: 400;\">O PL autoriza, ainda, que o munic\u00edpio, como garantia da d\u00edvida, transfira \u00e0 Caixa Econ\u00f4mica as parcelas do Imposto sobre Opera\u00e7\u00f5es Relativas \u00e0 Circula\u00e7\u00e3o de Mercadorias e sobre Presta\u00e7\u00e3o de Servi\u00e7os de Transporte Interestadual e Intermunicipal e de Comunica\u00e7\u00e3o (ICMS), do Fundo de Participa\u00e7\u00e3o dos Munic\u00edpios (FPM), e outros impostos ou receitas.<\/span><\/p>\n<p style=\"text-align: justify;\"><span style=\"font-weight: 400;\">O PL foi aprovado com uma emenda de lideran\u00e7a, que garante que a opera\u00e7\u00e3o observe os limites do art. 167 III e 167 A da Constitui\u00e7\u00e3o Federal e a Resolu\u00e7\u00e3o do Senado 043\/2001.\u00a0<\/span><\/p>\n<p style=\"text-align: justify;\"><span style=\"font-weight: 400;\">A primeira veda \u201ca realiza\u00e7\u00e3o de opera\u00e7\u00f5es de cr\u00e9dito que excedam o montante das despesas de capital, ressalvadas as autorizadas mediante cr\u00e9ditos suplementares ou especiais com finalidade precisa, aprovados pelo Poder Legislativo por maioria absoluta\u201d. A segunda, por sua vez, \u201cdisp\u00f5e sobre as opera\u00e7\u00f5es de cr\u00e9dito interno e externo dos Estados, do Distrito Federal e dos Munic\u00edpios, inclusive concess\u00e3o de garantias, seus limites e condi\u00e7\u00f5es de autoriza\u00e7\u00e3o\u201d.\u00a0<\/span><\/p>\n<p style=\"text-align: justify;\"><span style=\"font-weight: 400;\">A proposi\u00e7\u00e3o j\u00e1 foi enviada \u00e0 Prefeitura e ser\u00e1 publicada no di\u00e1rio oficial do Munic\u00edpio assim que a prefeita Mar\u00edlia campos sancionar a mat\u00e9ria. <\/span><\/p>\n","protected":false},"excerpt":{"rendered":"<p>A C\u00e2mara autorizou, por meio da aprova\u00e7\u00e3o do Projeto de Lei 12\/2024, a contrata\u00e7\u00e3o de uma opera\u00e7\u00e3o de cr\u00e9dito com a Caixa Econ\u00f4mica Federal pelo Poder Executivo. A opera\u00e7\u00e3o ser\u00e1 concretizada em 2025 e pode chegar a 240 milh\u00f5es de reais. O valor, segundo a justificativa do governo municipal, ser\u00e1 destinado \u00e0 \u201ccomplementa\u00e7\u00e3o dos programas &hellip; <a href=\"https:\/\/www.cmc.mg.gov.br\/?p=25891\" class=\"more-link\">Continue lendo <span class=\"screen-reader-text\">Opera\u00e7\u00e3o de cr\u00e9dito garante investimentos em mobilidade, infraestrutura, educa\u00e7\u00e3o e outras \u00e1reas<\/span> <span class=\"meta-nav\">&rarr;<\/span><\/a><\/p>\n","protected":false},"author":2,"featured_media":25893,"comment_status":"open","ping_status":"open","sticky":false,"template":"","format":"standard","meta":{"_exactmetrics_skip_tracking":false,"_exactmetrics_sitenote_active":false,"_exactmetrics_sitenote_note":"","_exactmetrics_sitenote_category":0,"footnotes":""},"categories":[27,243],"tags":[],"class_list":["post-25891","post","type-post","status-publish","format-standard","has-post-thumbnail","hentry","category-noticias","category-novas-noticias"],"_links":{"self":[{"href":"https:\/\/www.cmc.mg.gov.br\/index.php?rest_route=\/wp\/v2\/posts\/25891","targetHints":{"allow":["GET"]}}],"collection":[{"href":"https:\/\/www.cmc.mg.gov.br\/index.php?rest_route=\/wp\/v2\/posts"}],"about":[{"href":"https:\/\/www.cmc.mg.gov.br\/index.php?rest_route=\/wp\/v2\/types\/post"}],"author":[{"embeddable":true,"href":"https:\/\/www.cmc.mg.gov.br\/index.php?rest_route=\/wp\/v2\/users\/2"}],"replies":[{"embeddable":true,"href":"https:\/\/www.cmc.mg.gov.br\/index.php?rest_route=%2Fwp%2Fv2%2Fcomments&post=25891"}],"version-history":[{"count":1,"href":"https:\/\/www.cmc.mg.gov.br\/index.php?rest_route=\/wp\/v2\/posts\/25891\/revisions"}],"predecessor-version":[{"id":25892,"href":"https:\/\/www.cmc.mg.gov.br\/index.php?rest_route=\/wp\/v2\/posts\/25891\/revisions\/25892"}],"wp:featuredmedia":[{"embeddable":true,"href":"https:\/\/www.cmc.mg.gov.br\/index.php?rest_route=\/wp\/v2\/media\/25893"}],"wp:attachment":[{"href":"https:\/\/www.cmc.mg.gov.br\/index.php?rest_route=%2Fwp%2Fv2%2Fmedia&parent=25891"}],"wp:term":[{"taxonomy":"category","embeddable":true,"href":"https:\/\/www.cmc.mg.gov.br\/index.php?rest_route=%2Fwp%2Fv2%2Fcategories&post=25891"},{"taxonomy":"post_tag","embeddable":true,"href":"https:\/\/www.cmc.mg.gov.br\/index.php?rest_route=%2Fwp%2Fv2%2Ftags&post=25891"}],"curies":[{"name":"wp","href":"https:\/\/api.w.org\/{rel}","templated":true}]}}