
{"id":26755,"date":"2025-05-22T13:09:11","date_gmt":"2025-05-22T16:09:11","guid":{"rendered":"http:\/\/www.cmc.mg.gov.br\/?p=26755"},"modified":"2025-05-22T13:09:51","modified_gmt":"2025-05-22T16:09:51","slug":"semana-de-conscientizacao-e-protecao-dos-direitos-dos-animais-podera-integrar-calendario-oficial-de-contagem","status":"publish","type":"post","link":"https:\/\/www.cmc.mg.gov.br\/?p=26755","title":{"rendered":"Contagem pode adotar Semana de Conscientiza\u00e7\u00e3o e Prote\u00e7\u00e3o dos Direitos dos Animais"},"content":{"rendered":"<p style=\"text-align: justify;\" data-start=\"295\" data-end=\"574\">A partir deste ano, a semana do dia 4 de outubro poder\u00e1 ser dedicada aos animais no munic\u00edpio de Contagem. A medida est\u00e1 prevista no <a href=\"http:\/\/legislativo.cmc.mg.gov.br:8080\/sapl\/consultas\/materia\/materia_mostrar_proc?cod_materia=49692\" target=\"_blank\" rel=\"noopener\">Projeto de Lei n\u00ba 174, de 2025<\/a>, de autoria do vereador Didi (PRD), que institui a \u201cSemana de Conscientiza\u00e7\u00e3o e Prote\u00e7\u00e3o dos Direitos dos Animais\u201d.\u00a0A escolha da data se fundamenta na celebra\u00e7\u00e3o do Dia Internacional do Animal, comemorado anualmente em 4 de outubro, desde 1931, em diversos pa\u00edses.<\/p>\n<figure id=\"attachment_26765\" aria-describedby=\"caption-attachment-26765\" style=\"width: 275px\" class=\"wp-caption alignright\"><a href=\"http:\/\/www.cmc.mg.gov.br\/wordpress\/wp-content\/uploads\/2025\/05\/Foto-Cleide-Amaral-129.jpg\"><img loading=\"lazy\" decoding=\"async\" class=\"wp-image-26765\" src=\"http:\/\/www.cmc.mg.gov.br\/wordpress\/wp-content\/uploads\/2025\/05\/Foto-Cleide-Amaral-129.jpg\" alt=\"\" width=\"275\" height=\"183\" \/><\/a><figcaption id=\"caption-attachment-26765\" class=\"wp-caption-text\"><strong><em>Vereador Didi, autor do PL<\/em><\/strong><\/figcaption><\/figure>\n<p style=\"text-align: justify;\" data-start=\"726\" data-end=\"1170\">De acordo com o projeto, durante a referida semana, o Poder Executivo poder\u00e1 apoiar eventos relacionados ao tema, em parceria com entidades, associa\u00e7\u00f5es e organiza\u00e7\u00f5es n\u00e3o governamentais. Est\u00e1 prevista, inclusive, a autoriza\u00e7\u00e3o para o uso de espa\u00e7os p\u00fablicos com o intuito de promover cursos, palestras e atividades de cunho educacional, informativo e cultural, visando \u00e0 amplia\u00e7\u00e3o da conscientiza\u00e7\u00e3o sobre a prote\u00e7\u00e3o e os direitos dos animais.<\/p>\n<p style=\"text-align: justify;\" data-start=\"1172\" data-end=\"1332\">Caso sancionado, o projeto integrar\u00e1 o conjunto de leis municipais voltadas \u00e0 prote\u00e7\u00e3o animal. A seguir, destacam-se as principais normas em vigor no munic\u00edpio:<\/p>\n<ul style=\"text-align: justify;\" data-start=\"1334\" data-end=\"2676\">\n<li data-start=\"1334\" data-end=\"1430\">\n<p data-start=\"1336\" data-end=\"1430\"><a href=\"http:\/\/legislacao.contagem.mg.gov.br\/legislacao\/view\/033766\" target=\"_blank\" rel=\"noopener\"><strong data-start=\"1336\" data-end=\"1361\">Lei n\u00ba 4.991, de 2019<\/strong><\/a> \u2013 Institui a campanha \u201cDezembro Verde\u201d contra o abandono de animais.<\/p>\n<\/li>\n<li data-start=\"1431\" data-end=\"1560\">\n<p data-start=\"1433\" data-end=\"1560\"><a href=\"http:\/\/legislacao.contagem.mg.gov.br\/legislacao\/view\/764493\" target=\"_blank\" rel=\"noopener\"><strong data-start=\"1433\" data-end=\"1458\">Lei n\u00ba 5.175, de 2021<\/strong><\/a> \u2013 Cria o disque-den\u00fancia de viol\u00eancia contra animais, integrando-o aos canais oficiais da Prefeitura.<\/p>\n<\/li>\n<li data-start=\"1561\" data-end=\"1661\">\n<p data-start=\"1563\" data-end=\"1661\"><a href=\"http:\/\/legislacao.contagem.mg.gov.br\/legislacao\/view\/517579\" target=\"_blank\" rel=\"noopener\"><strong data-start=\"1563\" data-end=\"1588\">Lei n\u00ba 5.176, de 2021<\/strong><\/a> \u2013 Institui o \u201cAbril Laranja\u201d de preven\u00e7\u00e3o \u00e0 crueldade contra os animais.<\/p>\n<\/li>\n<li data-start=\"1662\" data-end=\"1777\">\n<p data-start=\"1664\" data-end=\"1777\"><a href=\"http:\/\/legislacao.contagem.mg.gov.br\/legislacao\/view\/697362\" target=\"_blank\" rel=\"noopener\"><strong data-start=\"1664\" data-end=\"1689\">Lei n\u00ba 5.187, de 2021<\/strong><\/a> \u2013 Obriga estabelecimentos veterin\u00e1rios a comunicarem \u00e0 pol\u00edcia ind\u00edcios de maus-tratos.<\/p>\n<\/li>\n<li data-start=\"1778\" data-end=\"1885\">\n<p data-start=\"1780\" data-end=\"1885\"><a href=\"http:\/\/legislacao.contagem.mg.gov.br\/legislacao\/view\/974627\" target=\"_blank\" rel=\"noopener\"><strong data-start=\"1780\" data-end=\"1805\">Lei n\u00ba 5.212, de 2022<\/strong><\/a> \u2013 Pro\u00edbe pr\u00e1ticas agressivas e invasivas de adestramento de animais dom\u00e9sticos.<\/p>\n<\/li>\n<li data-start=\"1886\" data-end=\"2029\">\n<p data-start=\"1888\" data-end=\"2029\"><a href=\"http:\/\/legislacao.contagem.mg.gov.br\/legislacao\/view\/570050\" target=\"_blank\" rel=\"noopener\"><strong data-start=\"1888\" data-end=\"1913\">Lei n\u00ba 5.279, de 2022<\/strong><\/a> \u2013 Determina a divulga\u00e7\u00e3o, no Di\u00e1rio Oficial e no site da Prefeitura, de imagens de animais dispon\u00edveis para ado\u00e7\u00e3o.<\/p>\n<\/li>\n<li data-start=\"2030\" data-end=\"2178\">\n<p data-start=\"2032\" data-end=\"2178\"><a href=\"http:\/\/legislacao.contagem.mg.gov.br\/legislacao\/view\/470275\" target=\"_blank\" rel=\"noopener\"><strong data-start=\"2032\" data-end=\"2057\">Lei n\u00ba 5.310, de 2022<\/strong><\/a> \u2013 Estabelece pol\u00edtica de parcerias entre o governo municipal e a sociedade civil para acolhimento e prote\u00e7\u00e3o de animais.<\/p>\n<\/li>\n<li data-start=\"2179\" data-end=\"2286\">\n<p data-start=\"2181\" data-end=\"2286\"><a href=\"http:\/\/legislacao.contagem.mg.gov.br\/legislacao\/view\/018071\" target=\"_blank\" rel=\"noopener\"><strong data-start=\"2181\" data-end=\"2206\">Lei n\u00ba 5.321, de 2022<\/strong><\/a> \u2013 Disp\u00f5e sobre a instala\u00e7\u00e3o de comedouros em pra\u00e7as p\u00fablicas para c\u00e3es e gatos.<\/p>\n<\/li>\n<li data-start=\"2287\" data-end=\"2461\">\n<p data-start=\"2289\" data-end=\"2461\"><a href=\"http:\/\/legislacao.contagem.mg.gov.br\/legislacao\/view\/771951\" target=\"_blank\" rel=\"noopener\"><strong data-start=\"2289\" data-end=\"2314\">Lei n\u00ba 5.359, de 2023<\/strong><\/a> \u2013 Exige a afixa\u00e7\u00e3o de cartazes informativos sobre crimes de viol\u00eancia contra animais em cl\u00ednicas veterin\u00e1rias, pet shops e estabelecimentos afins.<\/p>\n<\/li>\n<li data-start=\"2462\" data-end=\"2557\">\n<p data-start=\"2464\" data-end=\"2557\"><a href=\"http:\/\/legislacao.contagem.mg.gov.br\/legislacao\/view\/477872\" target=\"_blank\" rel=\"noopener\"><strong data-start=\"2464\" data-end=\"2489\">Lei n\u00ba 5.417, de 2023<\/strong><\/a> \u2013 Obriga agressores de animais a arcar com os custos do tratamento.<\/p>\n<\/li>\n<li data-start=\"2558\" data-end=\"2676\">\n<p data-start=\"2560\" data-end=\"2676\"><a href=\"http:\/\/legislacao.contagem.mg.gov.br\/legislacao\/view\/19101%20\" target=\"_blank\" rel=\"noopener\"><strong data-start=\"2560\" data-end=\"2585\">Lei n\u00ba 5.545, de 2024<\/strong><\/a> \u2013 Pro\u00edbe o uso de abra\u00e7adeiras de nylon em procedimentos cir\u00fargicos realizados em animais.<\/p>\n<\/li>\n<\/ul>\n<p style=\"text-align: justify;\" data-start=\"2678\" data-end=\"2700\"><strong data-start=\"2678\" data-end=\"2700\">Legisla\u00e7\u00e3o federal<\/strong><\/p>\n<p style=\"text-align: justify;\" data-start=\"2702\" data-end=\"2885\">Em \u00e2mbito federal, a prote\u00e7\u00e3o animal remonta a 1934, com a edi\u00e7\u00e3o do <a href=\"https:\/\/www.planalto.gov.br\/ccivil_03\/decreto\/1930-1949\/D24645.htm\" target=\"_blank\" rel=\"noopener\">Decreto n\u00ba 24.645,<\/a> assinado pelo ent\u00e3o presidente Get\u00falio Vargas, que estabeleceu medidas de prote\u00e7\u00e3o aos animais.<\/p>\n<p style=\"text-align: justify;\" data-start=\"2887\" data-end=\"3224\">Posteriormente, foi sancionada a <a href=\"https:\/\/www.planalto.gov.br\/ccivil_03\/leis\/l5197.htm#:~:text=%C3%89%20proibido%20o%20com%C3%A9rcio%20de,se%20os%20esp%C3%A9cimes%20provenientes%20legalizados.\" target=\"_blank\" rel=\"noopener\"><strong data-start=\"2920\" data-end=\"2953\">Lei Federal n\u00ba 5.197, de 1967<\/strong><\/a>, que institui a Lei de Prote\u00e7\u00e3o \u00e0 Fauna. O art. 1\u00ba da norma disp\u00f5e que os animais silvestres, em qualquer fase de desenvolvimento, bem como seus ninhos, abrigos e criadouros naturais, s\u00e3o propriedade do Estado, sendo proibida sua persegui\u00e7\u00e3o, destrui\u00e7\u00e3o, ca\u00e7a ou apanha.<\/p>\n<p style=\"text-align: justify;\" data-start=\"3226\" data-end=\"3462\">A <a href=\"https:\/\/www.planalto.gov.br\/ccivil_03\/constituicao\/constituicao.htm\" target=\"_blank\" rel=\"noopener\"><strong data-start=\"3228\" data-end=\"3260\">Constitui\u00e7\u00e3o Federal de 1988<\/strong><\/a>, em seu art. 225, \u00a71\u00ba, inciso VII, atribui ao Poder P\u00fablico a obriga\u00e7\u00e3o de proteger a fauna e a flora, vedando pr\u00e1ticas que coloquem em risco suas fun\u00e7\u00f5es ecol\u00f3gicas ou submetam os animais \u00e0 crueldade.<\/p>\n<p style=\"text-align: justify;\" data-start=\"3464\" data-end=\"3868\">A <a href=\"https:\/\/www.planalto.gov.br\/ccivil_03\/leis\/l9605.htm\" target=\"_blank\" rel=\"noopener\"><strong data-start=\"3466\" data-end=\"3491\">Lei n\u00ba 9.605, de 1998<\/strong> <\/a>(Lei de Crimes Ambientais), estabelece san\u00e7\u00f5es penais e administrativas para condutas lesivas ao meio ambiente. O art. 32 tipifica como crime o abuso, maus-tratos, ferimento ou mutila\u00e7\u00e3o de animais silvestres, dom\u00e9sticos ou domesticados, nativos ou ex\u00f3ticos, prevendo pena de deten\u00e7\u00e3o de tr\u00eas meses a um ano, al\u00e9m de multa. A penalidade \u00e9 aumentada em caso de morte do animal.<\/p>\n<p style=\"text-align: justify;\" data-start=\"3870\" data-end=\"4187\">A <a href=\"https:\/\/www.planalto.gov.br\/ccivil_03\/_ato2019-2022\/2020\/lei\/l14064.htm\" target=\"_blank\" rel=\"noopener\"><strong data-start=\"3872\" data-end=\"3898\">Lei n\u00ba 14.064, de 2020<\/strong><\/a> (Lei Sans\u00e3o), alterou a legisla\u00e7\u00e3o anterior, agravando as penas nos casos de viol\u00eancia contra c\u00e3es e gatos. A san\u00e7\u00e3o prevista \u00e9 de dois a cinco anos de reclus\u00e3o, multa e proibi\u00e7\u00e3o da guarda do animal. A pena deve ser cumprida, inclusive, em regime fechado, conforme a gravidade do delito.<\/p>\n<p style=\"text-align: justify;\" data-start=\"4189\" data-end=\"4218\"><strong data-start=\"4189\" data-end=\"4218\">Proposi\u00e7\u00f5es em tramita\u00e7\u00e3o<\/strong><\/p>\n<p style=\"text-align: justify;\" data-start=\"4220\" data-end=\"4328\">Tramitam atualmente na C\u00e2mara dos Deputados duas proposi\u00e7\u00f5es que visam ampliar a prote\u00e7\u00e3o legal aos animais:<\/p>\n<ul data-start=\"4330\" data-end=\"5229\">\n<li style=\"text-align: justify;\" data-start=\"4330\" data-end=\"4709\">\n<p data-start=\"4332\" data-end=\"4709\">O <a href=\"https:\/\/www.camara.leg.br\/proposicoesWeb\/fichadetramitacao?idProposicao=601739\" target=\"_blank\" rel=\"noopener\"><strong data-start=\"4334\" data-end=\"4370\">Projeto de Lei n\u00ba 6.054, de 2019<\/strong><\/a>, prop\u00f5e altera\u00e7\u00e3o no C\u00f3digo Civil para conferir natureza jur\u00eddica pr\u00f3pria aos animais n\u00e3o humanos, reconhecendo-lhes direitos despersonificados, com possibilidade de tutela jurisdicional em caso de viola\u00e7\u00e3o. O texto recebeu parecer favor\u00e1vel da Comiss\u00e3o de Agricultura, Pecu\u00e1ria, Abastecimento e Desenvolvimento Rural em dezembro de 2024.<\/p>\n<\/li>\n<li data-start=\"4711\" data-end=\"5229\">\n<p style=\"text-align: justify;\" data-start=\"4713\" data-end=\"5229\">O <a href=\"https:\/\/www.camara.leg.br\/proposicoesWeb\/fichadetramitacao?idProposicao=2320763#:~:text=PL%201070%2F2022%20Inteiro%20teor,Projeto%20de%20Lei&amp;text=Altera%20a%20Lei%20n%C2%BA%209.605,Rendas%2C%20e%20d%C3%A1%20outras%20provid%C3%AAncias.\" target=\"_blank\" rel=\"noopener\"><strong data-start=\"4715\" data-end=\"4751\">Projeto de Lei n\u00ba 1.070, de 2022<\/strong><\/a>, estabelece a Pol\u00edtica de Prote\u00e7\u00e3o e Bem-Estar dos Animais Dom\u00e9sticos. A proposta obriga os tutores a garantir o bem-estar f\u00edsico e mental dos animais, incluindo cuidados com nutri\u00e7\u00e3o, higiene, sa\u00fade e acomoda\u00e7\u00e3o, al\u00e9m de instituir a identifica\u00e7\u00e3o obrigat\u00f3ria de tutores e animais. A mat\u00e9ria j\u00e1 foi aprovada pela Comiss\u00e3o de Meio Ambiente e Desenvolvimento Sustent\u00e1vel e aguarda an\u00e1lise pelas comiss\u00f5es de Finan\u00e7as e Tributa\u00e7\u00e3o e de Constitui\u00e7\u00e3o e Justi\u00e7a e de Cidadania (CCJ).<\/p>\n<\/li>\n<\/ul>\n","protected":false},"excerpt":{"rendered":"<p>A partir deste ano, a semana do dia 4 de outubro poder\u00e1 ser dedicada aos animais no munic\u00edpio de Contagem. A medida est\u00e1 prevista no Projeto de Lei n\u00ba 174, de 2025, de autoria do vereador Didi (PRD), que institui a \u201cSemana de Conscientiza\u00e7\u00e3o e Prote\u00e7\u00e3o dos Direitos dos Animais\u201d.\u00a0A escolha da data se fundamenta &hellip; <a href=\"https:\/\/www.cmc.mg.gov.br\/?p=26755\" class=\"more-link\">Continue lendo <span class=\"screen-reader-text\">Contagem pode adotar Semana de Conscientiza\u00e7\u00e3o e Prote\u00e7\u00e3o dos Direitos dos Animais<\/span> <span class=\"meta-nav\">&rarr;<\/span><\/a><\/p>\n","protected":false},"author":2,"featured_media":26764,"comment_status":"open","ping_status":"open","sticky":false,"template":"","format":"standard","meta":{"_exactmetrics_skip_tracking":false,"_exactmetrics_sitenote_active":false,"_exactmetrics_sitenote_note":"","_exactmetrics_sitenote_category":0,"footnotes":""},"categories":[27,243],"tags":[],"class_list":["post-26755","post","type-post","status-publish","format-standard","has-post-thumbnail","hentry","category-noticias","category-novas-noticias"],"_links":{"self":[{"href":"https:\/\/www.cmc.mg.gov.br\/index.php?rest_route=\/wp\/v2\/posts\/26755","targetHints":{"allow":["GET"]}}],"collection":[{"href":"https:\/\/www.cmc.mg.gov.br\/index.php?rest_route=\/wp\/v2\/posts"}],"about":[{"href":"https:\/\/www.cmc.mg.gov.br\/index.php?rest_route=\/wp\/v2\/types\/post"}],"author":[{"embeddable":true,"href":"https:\/\/www.cmc.mg.gov.br\/index.php?rest_route=\/wp\/v2\/users\/2"}],"replies":[{"embeddable":true,"href":"https:\/\/www.cmc.mg.gov.br\/index.php?rest_route=%2Fwp%2Fv2%2Fcomments&post=26755"}],"version-history":[{"count":2,"href":"https:\/\/www.cmc.mg.gov.br\/index.php?rest_route=\/wp\/v2\/posts\/26755\/revisions"}],"predecessor-version":[{"id":26767,"href":"https:\/\/www.cmc.mg.gov.br\/index.php?rest_route=\/wp\/v2\/posts\/26755\/revisions\/26767"}],"wp:featuredmedia":[{"embeddable":true,"href":"https:\/\/www.cmc.mg.gov.br\/index.php?rest_route=\/wp\/v2\/media\/26764"}],"wp:attachment":[{"href":"https:\/\/www.cmc.mg.gov.br\/index.php?rest_route=%2Fwp%2Fv2%2Fmedia&parent=26755"}],"wp:term":[{"taxonomy":"category","embeddable":true,"href":"https:\/\/www.cmc.mg.gov.br\/index.php?rest_route=%2Fwp%2Fv2%2Fcategories&post=26755"},{"taxonomy":"post_tag","embeddable":true,"href":"https:\/\/www.cmc.mg.gov.br\/index.php?rest_route=%2Fwp%2Fv2%2Ftags&post=26755"}],"curies":[{"name":"wp","href":"https:\/\/api.w.org\/{rel}","templated":true}]}}