
{"id":26947,"date":"2025-06-12T14:49:31","date_gmt":"2025-06-12T17:49:31","guid":{"rendered":"http:\/\/www.cmc.mg.gov.br\/?p=26947"},"modified":"2025-06-12T14:49:31","modified_gmt":"2025-06-12T17:49:31","slug":"camara-cria-procuradoria-de-protecao-a-crianca-e-ao-adolescente","status":"publish","type":"post","link":"https:\/\/www.cmc.mg.gov.br\/?p=26947","title":{"rendered":"C\u00e2mara cria Procuradoria de Prote\u00e7\u00e3o \u00e0 Crian\u00e7a e ao Adolescente"},"content":{"rendered":"<p style=\"text-align: justify;\">A prote\u00e7\u00e3o \u00e0 crian\u00e7a e ao adolescente \u00e9 garantida pela Constitui\u00e7\u00e3o Federal de 1988 e pelo Estatuto da Crian\u00e7a e do Adolescente (ECA &#8211; Lei n\u00ba 8.069 de 1990). Em Contagem, um novo dispositivo legal foi aprovado pelos vereadores para fortalecer essas pol\u00edticas de apoio aos menores. O <a href=\"http:\/\/legislativo.cmc.mg.gov.br:8080\/sapl\/consultas\/materia\/materia_mostrar_proc?cod_materia=50700\">Projeto de Resolu\u00e7\u00e3o 08 de 2025<\/a>, de autoria de Tia Keyla (PL), cria a Procuradoria da Prote\u00e7\u00e3o da Crian\u00e7a e do Adolescente na C\u00e2mara.<\/p>\n<p style=\"text-align: justify;\">\nA Procuradoria tem por finalidades: zelar pelo cumprimento de pol\u00edticas municipais voltadas \u00e0 prote\u00e7\u00e3o integral de crian\u00e7as e adolescentes; contribuir para o enfrentamento de discrimina\u00e7\u00f5es e viol\u00eancias contra esse grupo e receber den\u00fancias de viola\u00e7\u00f5es dos seus direitos a fim de encaminh\u00e1-las aos \u00f3rg\u00e3os competentes; promover debates e campanhas educativas; contribuir com a execu\u00e7\u00e3o de programas municipais relacionados \u00e0 educa\u00e7\u00e3o, sa\u00fade, assist\u00eancia social e seguran\u00e7a de crian\u00e7as e adolescentes; articular-se ao Poder Executivo para fortalecer a rede de prote\u00e7\u00e3o; promover maior efetividade das pol\u00edticas p\u00fablicas, a\u00e7\u00f5es e programas para enfrentamento de viol\u00eancias contra esse p\u00fablico; realizar a\u00e7\u00f5es educativas, campanhas de conscientiza\u00e7\u00e3o, palestras e semin\u00e1rios relacionados a viol\u00eancias e a discrimina\u00e7\u00e3o contra as crian\u00e7as e os adolescentes, bem como a participa\u00e7\u00e3o e a representatividade deles nos espa\u00e7os decis\u00f3rios e de poder nas esferas institucionais.<\/p>\n<figure id=\"attachment_26948\" aria-describedby=\"caption-attachment-26948\" style=\"width: 272px\" class=\"wp-caption alignleft\"><a href=\"http:\/\/www.cmc.mg.gov.br\/wordpress\/wp-content\/uploads\/2025\/06\/Foto-Cleide-Amaral-91.jpg\"><img loading=\"lazy\" decoding=\"async\" class=\"wp-image-26948\" src=\"http:\/\/www.cmc.mg.gov.br\/wordpress\/wp-content\/uploads\/2025\/06\/Foto-Cleide-Amaral-91.jpg\" alt=\"\" width=\"272\" height=\"181\" \/><\/a><figcaption id=\"caption-attachment-26948\" class=\"wp-caption-text\"><em>Vereadora Tia Keyla (PL). Foto: Cleide Amaral.<\/em><\/figcaption><\/figure>\n<p style=\"text-align: justify;\">De acordo com a vereadora autora, a Procuradoria \u201c\u00e9 fundamental para fiscalizar e criar leis que fortalecem pol\u00edticas p\u00fablicas para prote\u00e7\u00e3o da crian\u00e7a e do adolescente na nossa cidade\u201d. Tia Keyla ainda ressaltou que a C\u00e2mara \u201ctem demonstrado interesse cada vez maior em proteger integralmente esse p\u00fablico. Essa Procuradoria \u00e9 um marco na nossa cidade na prote\u00e7\u00e3o dos vulner\u00e1veis\u201d.<\/p>\n<p style=\"text-align: justify;\">\nCom aprova\u00e7\u00e3o un\u00e2nime, diversos parlamentares pediram \u00e0 palavra, dentre eles: Mauricinho do Sandu\u00edche (PL), Fatinha do Manancial (Uni\u00e3o Brasil), Pastor Itamar (PRD), Arnaldo de Oliveira (SD), Z\u00e9 Ant\u00f4nio do Hospital Santa Helena (PT), Carol do Teteco (MDB) e Pedro Luiz (PL). Os vereadores parabenizaram a vereadora autora pelo seu trabalho na causa e manifestaram a import\u00e2ncia do Legislativo se empenhar no combate \u00e0 viola\u00e7\u00e3o de direitos de crian\u00e7as e adolescentes.<\/p>\n<p>&nbsp;<\/p>\n","protected":false},"excerpt":{"rendered":"<p>A prote\u00e7\u00e3o \u00e0 crian\u00e7a e ao adolescente \u00e9 garantida pela Constitui\u00e7\u00e3o Federal de 1988 e pelo Estatuto da Crian\u00e7a e do Adolescente (ECA &#8211; Lei n\u00ba 8.069 de 1990). Em Contagem, um novo dispositivo legal foi aprovado pelos vereadores para fortalecer essas pol\u00edticas de apoio aos menores. O Projeto de Resolu\u00e7\u00e3o 08 de 2025, de &hellip; <a href=\"https:\/\/www.cmc.mg.gov.br\/?p=26947\" class=\"more-link\">Continue lendo <span class=\"screen-reader-text\">C\u00e2mara cria Procuradoria de Prote\u00e7\u00e3o \u00e0 Crian\u00e7a e ao Adolescente<\/span> <span class=\"meta-nav\">&rarr;<\/span><\/a><\/p>\n","protected":false},"author":16,"featured_media":26949,"comment_status":"open","ping_status":"open","sticky":false,"template":"","format":"standard","meta":{"_exactmetrics_skip_tracking":false,"_exactmetrics_sitenote_active":false,"_exactmetrics_sitenote_note":"","_exactmetrics_sitenote_category":0,"footnotes":""},"categories":[27],"tags":[],"class_list":["post-26947","post","type-post","status-publish","format-standard","has-post-thumbnail","hentry","category-noticias"],"_links":{"self":[{"href":"https:\/\/www.cmc.mg.gov.br\/index.php?rest_route=\/wp\/v2\/posts\/26947","targetHints":{"allow":["GET"]}}],"collection":[{"href":"https:\/\/www.cmc.mg.gov.br\/index.php?rest_route=\/wp\/v2\/posts"}],"about":[{"href":"https:\/\/www.cmc.mg.gov.br\/index.php?rest_route=\/wp\/v2\/types\/post"}],"author":[{"embeddable":true,"href":"https:\/\/www.cmc.mg.gov.br\/index.php?rest_route=\/wp\/v2\/users\/16"}],"replies":[{"embeddable":true,"href":"https:\/\/www.cmc.mg.gov.br\/index.php?rest_route=%2Fwp%2Fv2%2Fcomments&post=26947"}],"version-history":[{"count":1,"href":"https:\/\/www.cmc.mg.gov.br\/index.php?rest_route=\/wp\/v2\/posts\/26947\/revisions"}],"predecessor-version":[{"id":26950,"href":"https:\/\/www.cmc.mg.gov.br\/index.php?rest_route=\/wp\/v2\/posts\/26947\/revisions\/26950"}],"wp:featuredmedia":[{"embeddable":true,"href":"https:\/\/www.cmc.mg.gov.br\/index.php?rest_route=\/wp\/v2\/media\/26949"}],"wp:attachment":[{"href":"https:\/\/www.cmc.mg.gov.br\/index.php?rest_route=%2Fwp%2Fv2%2Fmedia&parent=26947"}],"wp:term":[{"taxonomy":"category","embeddable":true,"href":"https:\/\/www.cmc.mg.gov.br\/index.php?rest_route=%2Fwp%2Fv2%2Fcategories&post=26947"},{"taxonomy":"post_tag","embeddable":true,"href":"https:\/\/www.cmc.mg.gov.br\/index.php?rest_route=%2Fwp%2Fv2%2Ftags&post=26947"}],"curies":[{"name":"wp","href":"https:\/\/api.w.org\/{rel}","templated":true}]}}