
{"id":26987,"date":"2025-06-18T15:58:35","date_gmt":"2025-06-18T18:58:35","guid":{"rendered":"http:\/\/www.cmc.mg.gov.br\/?p=26987"},"modified":"2025-06-18T15:58:35","modified_gmt":"2025-06-18T18:58:35","slug":"campanha-do-junho-vermelho-na-camara-supera-expectativas-e-reforca-estoque-de-sangue-em-minas","status":"publish","type":"post","link":"https:\/\/www.cmc.mg.gov.br\/?p=26987","title":{"rendered":"Campanha do Junho Vermelho na C\u00e2mara supera expectativas e refor\u00e7a estoque de sangue em Minas"},"content":{"rendered":"<p style=\"text-align: justify;\">Na ter\u00e7a-feira, 17 de junho, parte do pr\u00e9dio da C\u00e2mara Municipal de Contagem foi cuidadosamente preparada para uma atividade especial: uma campanha de doa\u00e7\u00e3o de sangue, realizada pelo Legislativo em parceria com o Grupo Pulsa Minas Gerais. A iniciativa faz parte das a\u00e7\u00f5es da C\u00e2mara no Junho Vermelho, m\u00eas dedicado \u00e0 conscientiza\u00e7\u00e3o sobre a import\u00e2ncia da doa\u00e7\u00e3o de sangue.<\/p>\n<p style=\"text-align: justify;\" data-start=\"528\" data-end=\"905\">A divulga\u00e7\u00e3o da campanha, iniciada no come\u00e7o do m\u00eas, ganhou grande propor\u00e7\u00e3o com a distribui\u00e7\u00e3o de materiais impressos, postagens nos canais de comunica\u00e7\u00e3o oficiais da C\u00e2mara, no site institucional e tamb\u00e9m com as publica\u00e7\u00f5es dos pr\u00f3prios vereadores em suas redes sociais. O p\u00fablico-alvo da campanha era tanto os funcion\u00e1rios do Legislativo quanto os cidad\u00e3os de toda a cidade.<\/p>\n<p style=\"text-align: justify;\" data-start=\"907\" data-end=\"1260\">A servidora Maria Eduarda Galv\u00e3o, do gabinete do vereador Pedro Luiz, deu sua contribui\u00e7\u00e3o logo cedo. Doando sangue pela primeira vez, considerou o processo r\u00e1pido e tranquilo, e enalteceu a iniciativa da C\u00e2mara: \u201c\u00c0s vezes a gente fica postergando porque tem que se deslocar, e sendo aqui, \u00e9 muito mais f\u00e1cil. Se tivesse mais vezes, seria \u00f3timo\u201d, disse.<\/p>\n<p style=\"text-align: justify;\" data-start=\"1262\" data-end=\"1695\">J\u00e1 Lidiane de Souza Alves, moradora do bairro \u00c1gua Branca, soube da a\u00e7\u00e3o por meio da divulga\u00e7\u00e3o da equipe do vereador e presidente da C\u00e2mara, Bruno Barreiro. Ela, que j\u00e1 \u00e9 doadora de sangue, acredita que n\u00e3o basta doar: \u00e9 preciso disseminar esse ato de solidariedade. Registrou o momento em que abria e fechava a m\u00e3o e refletiu que o gesto parecia um convite. \u201cVem tamb\u00e9m fazer a diferen\u00e7a! Vou postar isso nas minhas redes sociais.\u201d<\/p>\n<p style=\"text-align: justify;\" data-start=\"1697\" data-end=\"1991\">A coleta foi realizada entre 8h e 16h e, mesmo sendo orientado o agendamento pr\u00e9vio, muitas pessoas que compareceram ao local sem cadastro tamb\u00e9m conseguiram fazer a doa\u00e7\u00e3o. O processo era simples: primeiro, o poss\u00edvel doador passava por um cadastro inicial, para o registro dos dados pessoais.<\/p>\n<p style=\"text-align: justify;\" data-start=\"1993\" data-end=\"2355\">Em seguida, passava por uma triagem com m\u00e9dicos e enfermeiros, quando eram feitas as perguntas essenciais. Nesse momento, algumas pessoas que n\u00e3o estavam aptas \u00e0 doa\u00e7\u00e3o eram dispensadas. No entanto, de acordo com S\u00f4nia Lima, funcion\u00e1ria do Grupo Pulsa respons\u00e1vel pelo cadastramento, dos 138 cadastros efetivados pessoalmente, 106 se tornaram, de fato, doadores.<\/p>\n<p style=\"text-align: justify;\" data-start=\"2357\" data-end=\"2637\">Ao final dos trabalhos, \u00e0s 16h, o estoque do hemon\u00facleo ganhou um refor\u00e7o de quase 50 litros de sangue. Segundo Sibelle Maria Alves, gerente assistencial do Grupo Pulsa Minas Gerais, o material beneficiar\u00e1 mais de 300 pacientes internados que necessitam de transfus\u00f5es frequentes.<\/p>\n<p style=\"text-align: justify;\" data-start=\"2639\" data-end=\"2963\">Para Leandro Borba, ouvidor da C\u00e2mara de Contagem e um dos principais idealizadores do evento, a primeira campanha de doa\u00e7\u00e3o de sangue da C\u00e2mara foi um verdadeiro sucesso. \u201cConseguimos ultrapassar a meta esperada e refor\u00e7ar os estoques do Grupo Pulsa. A solidariedade fez a diferen\u00e7a e muitas vidas ser\u00e3o salvas\u201d, enfatizou.<\/p>\n<p style=\"text-align: justify;\" data-start=\"2965\" data-end=\"3388\">O presidente Bruno Barreiro, em visita r\u00e1pida ao centro de coleta \u2014 j\u00e1 que acontecia, paralelamente, a 19\u00aa reuni\u00e3o ordin\u00e1ria da C\u00e2mara no plen\u00e1rio \u2014, ficou satisfeito com o que viu. \u201cEste \u00e9 um fato in\u00e9dito aqui na C\u00e2mara, e \u00e9 muito legal ver tantas pessoas sendo solid\u00e1rias. Quero agradecer a todos que vieram dar a sua contribui\u00e7\u00e3o e tamb\u00e9m \u00e0 equipe da C\u00e2mara, que se organizou para que esse evento se tornasse realidade.\u201d<\/p>\n<p>&nbsp;<\/p>\n","protected":false},"excerpt":{"rendered":"<p>Na ter\u00e7a-feira, 17 de junho, parte do pr\u00e9dio da C\u00e2mara Municipal de Contagem foi cuidadosamente preparada para uma atividade especial: uma campanha de doa\u00e7\u00e3o de sangue, realizada pelo Legislativo em parceria com o Grupo Pulsa Minas Gerais. A iniciativa faz parte das a\u00e7\u00f5es da C\u00e2mara no Junho Vermelho, m\u00eas dedicado \u00e0 conscientiza\u00e7\u00e3o sobre a import\u00e2ncia &hellip; <a href=\"https:\/\/www.cmc.mg.gov.br\/?p=26987\" class=\"more-link\">Continue lendo <span class=\"screen-reader-text\">Campanha do Junho Vermelho na C\u00e2mara supera expectativas e refor\u00e7a estoque de sangue em Minas<\/span> <span class=\"meta-nav\">&rarr;<\/span><\/a><\/p>\n","protected":false},"author":2,"featured_media":26988,"comment_status":"open","ping_status":"open","sticky":false,"template":"","format":"standard","meta":{"_exactmetrics_skip_tracking":false,"_exactmetrics_sitenote_active":false,"_exactmetrics_sitenote_note":"","_exactmetrics_sitenote_category":0,"footnotes":""},"categories":[25,11,27,243,3,212],"tags":[],"class_list":["post-26987","post","type-post","status-publish","format-standard","has-post-thumbnail","hentry","category-colaboradores","category-eventos","category-noticias","category-novas-noticias","category-projetos-sociais","category-servicos"],"_links":{"self":[{"href":"https:\/\/www.cmc.mg.gov.br\/index.php?rest_route=\/wp\/v2\/posts\/26987","targetHints":{"allow":["GET"]}}],"collection":[{"href":"https:\/\/www.cmc.mg.gov.br\/index.php?rest_route=\/wp\/v2\/posts"}],"about":[{"href":"https:\/\/www.cmc.mg.gov.br\/index.php?rest_route=\/wp\/v2\/types\/post"}],"author":[{"embeddable":true,"href":"https:\/\/www.cmc.mg.gov.br\/index.php?rest_route=\/wp\/v2\/users\/2"}],"replies":[{"embeddable":true,"href":"https:\/\/www.cmc.mg.gov.br\/index.php?rest_route=%2Fwp%2Fv2%2Fcomments&post=26987"}],"version-history":[{"count":1,"href":"https:\/\/www.cmc.mg.gov.br\/index.php?rest_route=\/wp\/v2\/posts\/26987\/revisions"}],"predecessor-version":[{"id":26989,"href":"https:\/\/www.cmc.mg.gov.br\/index.php?rest_route=\/wp\/v2\/posts\/26987\/revisions\/26989"}],"wp:featuredmedia":[{"embeddable":true,"href":"https:\/\/www.cmc.mg.gov.br\/index.php?rest_route=\/wp\/v2\/media\/26988"}],"wp:attachment":[{"href":"https:\/\/www.cmc.mg.gov.br\/index.php?rest_route=%2Fwp%2Fv2%2Fmedia&parent=26987"}],"wp:term":[{"taxonomy":"category","embeddable":true,"href":"https:\/\/www.cmc.mg.gov.br\/index.php?rest_route=%2Fwp%2Fv2%2Fcategories&post=26987"},{"taxonomy":"post_tag","embeddable":true,"href":"https:\/\/www.cmc.mg.gov.br\/index.php?rest_route=%2Fwp%2Fv2%2Ftags&post=26987"}],"curies":[{"name":"wp","href":"https:\/\/api.w.org\/{rel}","templated":true}]}}