
{"id":27047,"date":"2025-07-02T13:01:37","date_gmt":"2025-07-02T16:01:37","guid":{"rendered":"http:\/\/www.cmc.mg.gov.br\/?p=27047"},"modified":"2025-07-02T13:01:37","modified_gmt":"2025-07-02T16:01:37","slug":"camara-aprova-remissao-de-iptu-para-imoveis-interditados-no-monte-castelo","status":"publish","type":"post","link":"https:\/\/www.cmc.mg.gov.br\/?p=27047","title":{"rendered":"C\u00e2mara aprova remiss\u00e3o de IPTU para im\u00f3veis interditados no Monte Castelo"},"content":{"rendered":"<h6 data-start=\"243\" data-end=\"617\"><em>*Foto Ricardo Lima &#8211; PMC<\/em><\/h6>\n<p style=\"text-align: justify;\" data-start=\"243\" data-end=\"617\">A C\u00e2mara Municipal de Contagem aprovou, nesta ter\u00e7a-feira (1\u00ba de julho), o <a href=\"http:\/\/legislativo.cmc.mg.gov.br:8080\/sapl\/consultas\/materia\/materia_mostrar_proc?cod_materia=52045\" target=\"_blank\" rel=\"noopener\">Projeto de Lei Complementar n\u00ba 06\/2025<\/a>, de autoria do Poder Executivo, que prop\u00f5e a remiss\u00e3o do Imposto sobre a Propriedade Predial e Territorial Urbana (IPTU) para im\u00f3veis que sofreram restri\u00e7\u00e3o total de uso em decorr\u00eancia de eventos hidrol\u00f3gicos e geol\u00f3gicos ocorridos no bairro Monte Castelo, especialmente nas ruas Corcovado, Cubat\u00e3o e Cara\u00e7a.<\/p>\n<p style=\"text-align: justify;\" data-start=\"619\" data-end=\"977\">A remiss\u00e3o ser\u00e1 concedida, retroativamente a 2021, aos im\u00f3veis que possuam laudo e parecer t\u00e9cnico emitidos pela Defesa Civil de Contagem e que foram interditados em raz\u00e3o dos vazamentos provocados pelo sistema de abastecimento da Copasa na regi\u00e3o. No local, ocorrem constantes vazamentos na rede de \u00e1gua e de esgoto, provocando fissuras nos im\u00f3veis e nas vias, o que resultou na interdi\u00e7\u00e3o dessas resid\u00eancias diante do aumento do risco geol\u00f3gico na regi\u00e3o. Al\u00e9m da interdi\u00e7\u00e3o, essas resid\u00eancias tamb\u00e9m ser\u00e3o objeto de desapropria\u00e7\u00e3o por parte da Companhia.<\/p>\n<p style=\"text-align: justify;\" data-start=\"979\" data-end=\"1245\">De acordo com a justificativa do projeto encaminhada pelo Executivo, \u201ca medida visa assegurar justi\u00e7a fiscal diante de situa\u00e7\u00f5es excepcionais, promovendo equidade no tratamento tribut\u00e1rio em contextos de comprometimento involunt\u00e1rio da posse e do uso do bem im\u00f3vel\u201d.<\/p>\n<p style=\"text-align: justify;\" data-start=\"1247\" data-end=\"1641\">A proposta atende a uma recomenda\u00e7\u00e3o do Centro de Autocomposi\u00e7\u00e3o de Conflitos e Seguran\u00e7a Jur\u00eddica do Minist\u00e9rio P\u00fablico de Minas Gerais e, segundo o texto do PLC n\u00ba 06\/2025, sua concess\u00e3o n\u00e3o infringe a Lei de Responsabilidade Fiscal, uma vez que se trata de \u201cmedida reparat\u00f3ria justificada, de interesse p\u00fablico, e que n\u00e3o resultar\u00e1 em ren\u00fancia efetiva de receita por parte da administra\u00e7\u00e3o\u201d.<\/p>\n<p style=\"text-align: justify;\" data-start=\"1643\" data-end=\"1998\">Ainda conforme a estimativa de impacto or\u00e7ament\u00e1rio-financeiro do projeto, a remiss\u00e3o do IPTU n\u00e3o comprometer\u00e1 o cumprimento das metas de arrecada\u00e7\u00e3o estabelecidas para o exerc\u00edcio corrente e os subsequentes. \u201cAdemais, os benef\u00edcios a serem concedidos ser\u00e3o compensados por meio dos esfor\u00e7os de arrecada\u00e7\u00e3o e cobran\u00e7a da d\u00edvida ativa\u201d, afirma o documento.<\/p>\n<p style=\"text-align: justify;\" data-start=\"2000\" data-end=\"2343\">Os vereadores Vin\u00edcius Faria (PP) e Leo da Academia (PDT), que acompanham a situa\u00e7\u00e3o dos moradores e as desapropria\u00e7\u00f5es desde 2021, comemoraram a aprova\u00e7\u00e3o da proposta. Faria acrescentou, ainda, a import\u00e2ncia de se discutir, futuramente, uma nova avalia\u00e7\u00e3o dos valores venais dos im\u00f3veis do bairro Monte Castelo, para fins de cobran\u00e7a do IPTU.<\/p>\n<p style=\"text-align: justify;\" data-start=\"2345\" data-end=\"2653\">Segundo os parlamentares, os im\u00f3veis da regi\u00e3o v\u00eam sofrendo desvaloriza\u00e7\u00e3o h\u00e1 alguns anos, em raz\u00e3o dos problemas hidrol\u00f3gicos causados pela Copasa. Ao final, o vereador Leo solicitou o empenho da Prefeitura na zeladoria dos im\u00f3veis desapropriados, diante de den\u00fancias de ocupa\u00e7\u00f5es irregulares nesses locais.<\/p>\n<p style=\"text-align: justify;\" data-start=\"2655\" data-end=\"3181\">O projeto tamb\u00e9m promove altera\u00e7\u00e3o relativa \u00e0 Contribui\u00e7\u00e3o para o Custeio do Servi\u00e7o de Ilumina\u00e7\u00e3o P\u00fablica (CCSIP). Com a inclus\u00e3o do art. 142-F no <a href=\"https:\/\/legislacao.contagem.mg.gov.br\/legislacao\/view\/405740\" target=\"_blank\" rel=\"noopener\">C\u00f3digo Tribut\u00e1rio Municipal<\/a>, em conformidade com a nova reda\u00e7\u00e3o dada ao art. 149-A da <a href=\"https:\/\/www.planalto.gov.br\/ccivil_03\/constituicao\/constituicao.htm\" target=\"_blank\" rel=\"noopener\">Constitui\u00e7\u00e3o Federal<\/a> pela <a href=\"https:\/\/www.planalto.gov.br\/ccivil_03\/constituicao\/emendas\/emc\/emc132.htm\" target=\"_blank\" rel=\"noopener\">Emenda Constitucional n\u00ba 132<\/a>, de 2023, a medida visa conferir seguran\u00e7a jur\u00eddica \u00e0 legisla\u00e7\u00e3o local e viabilizar a implementa\u00e7\u00e3o de pol\u00edticas p\u00fablicas mais eficazes nas \u00e1reas de ilumina\u00e7\u00e3o e seguran\u00e7a urbanas, em conson\u00e2ncia com os interesses coletivos da popula\u00e7\u00e3o.<\/p>\n","protected":false},"excerpt":{"rendered":"<p>*Foto Ricardo Lima &#8211; PMC A C\u00e2mara Municipal de Contagem aprovou, nesta ter\u00e7a-feira (1\u00ba de julho), o Projeto de Lei Complementar n\u00ba 06\/2025, de autoria do Poder Executivo, que prop\u00f5e a remiss\u00e3o do Imposto sobre a Propriedade Predial e Territorial Urbana (IPTU) para im\u00f3veis que sofreram restri\u00e7\u00e3o total de uso em decorr\u00eancia de eventos hidrol\u00f3gicos &hellip; <a href=\"https:\/\/www.cmc.mg.gov.br\/?p=27047\" class=\"more-link\">Continue lendo <span class=\"screen-reader-text\">C\u00e2mara aprova remiss\u00e3o de IPTU para im\u00f3veis interditados no Monte Castelo<\/span> <span class=\"meta-nav\">&rarr;<\/span><\/a><\/p>\n","protected":false},"author":2,"featured_media":27048,"comment_status":"open","ping_status":"open","sticky":false,"template":"","format":"standard","meta":{"_exactmetrics_skip_tracking":false,"_exactmetrics_sitenote_active":false,"_exactmetrics_sitenote_note":"","_exactmetrics_sitenote_category":0,"footnotes":""},"categories":[27,243],"tags":[],"class_list":["post-27047","post","type-post","status-publish","format-standard","has-post-thumbnail","hentry","category-noticias","category-novas-noticias"],"_links":{"self":[{"href":"https:\/\/www.cmc.mg.gov.br\/index.php?rest_route=\/wp\/v2\/posts\/27047","targetHints":{"allow":["GET"]}}],"collection":[{"href":"https:\/\/www.cmc.mg.gov.br\/index.php?rest_route=\/wp\/v2\/posts"}],"about":[{"href":"https:\/\/www.cmc.mg.gov.br\/index.php?rest_route=\/wp\/v2\/types\/post"}],"author":[{"embeddable":true,"href":"https:\/\/www.cmc.mg.gov.br\/index.php?rest_route=\/wp\/v2\/users\/2"}],"replies":[{"embeddable":true,"href":"https:\/\/www.cmc.mg.gov.br\/index.php?rest_route=%2Fwp%2Fv2%2Fcomments&post=27047"}],"version-history":[{"count":1,"href":"https:\/\/www.cmc.mg.gov.br\/index.php?rest_route=\/wp\/v2\/posts\/27047\/revisions"}],"predecessor-version":[{"id":27049,"href":"https:\/\/www.cmc.mg.gov.br\/index.php?rest_route=\/wp\/v2\/posts\/27047\/revisions\/27049"}],"wp:featuredmedia":[{"embeddable":true,"href":"https:\/\/www.cmc.mg.gov.br\/index.php?rest_route=\/wp\/v2\/media\/27048"}],"wp:attachment":[{"href":"https:\/\/www.cmc.mg.gov.br\/index.php?rest_route=%2Fwp%2Fv2%2Fmedia&parent=27047"}],"wp:term":[{"taxonomy":"category","embeddable":true,"href":"https:\/\/www.cmc.mg.gov.br\/index.php?rest_route=%2Fwp%2Fv2%2Fcategories&post=27047"},{"taxonomy":"post_tag","embeddable":true,"href":"https:\/\/www.cmc.mg.gov.br\/index.php?rest_route=%2Fwp%2Fv2%2Ftags&post=27047"}],"curies":[{"name":"wp","href":"https:\/\/api.w.org\/{rel}","templated":true}]}}