
{"id":27077,"date":"2025-07-07T12:34:11","date_gmt":"2025-07-07T15:34:11","guid":{"rendered":"http:\/\/www.cmc.mg.gov.br\/?p=27077"},"modified":"2025-07-07T12:47:23","modified_gmt":"2025-07-07T15:47:23","slug":"27077","status":"publish","type":"post","link":"https:\/\/www.cmc.mg.gov.br\/?p=27077","title":{"rendered":"C\u00e2mara de Contagem avan\u00e7a na implanta\u00e7\u00e3o de canal pr\u00f3prio de TV"},"content":{"rendered":"<p style=\"text-align: justify;\" data-start=\"260\" data-end=\"746\">Os dias 3 e 4 de julho foram marcados por um grande avan\u00e7o da C\u00e2mara Municipal de Contagem no que se refere \u00e0 comunica\u00e7\u00e3o, \u00e0 transpar\u00eancia e \u00e0 intera\u00e7\u00e3o com a popula\u00e7\u00e3o. Representado pelo presidente, vereador Bruno Barreiro (PV), o Legislativo esteve em Bras\u00edlia (DF) para a assinatura do termo de coopera\u00e7\u00e3o t\u00e9cnica com a C\u00e2mara dos Deputados, por meio da Rede Legislativa de R\u00e1dio e TV, visando \u00e0 instala\u00e7\u00e3o de uma emissora pr\u00f3pria de televis\u00e3o na cidade, com sinal aberto e gratuito.<\/p>\n<p style=\"text-align: justify;\" data-start=\"748\" data-end=\"1229\">Contagem foi uma das cidades contempladas pelo Programa Brasil Digital, no \u00e2mbito do edital n\u00ba 222\/2024, publicado no fim do ano passado, por meio de parceria com o Centro Federal de Educa\u00e7\u00e3o Tecnol\u00f3gica de Minas Gerais (Cefet-MG) e com a Rede Nacional de Comunica\u00e7\u00e3o P\u00fablica (RNCP). Ap\u00f3s manifestar interesse em integrar o programa, o munic\u00edpio foi selecionado e receber\u00e1 os equipamentos de transmiss\u00e3o \u2014 transmissores e antenas \u2014, sendo respons\u00e1vel por sua opera\u00e7\u00e3o e manuten\u00e7\u00e3o.<\/p>\n<p style=\"text-align: justify;\" data-start=\"1231\" data-end=\"1600\">Com esses equipamentos, a C\u00e2mara poder\u00e1 dispor de seu pr\u00f3prio canal de TV para transmitir reuni\u00f5es plen\u00e1rias, solenidades, eventos e programas institucionais. Al\u00e9m do canal da C\u00e2mara Municipal, a popula\u00e7\u00e3o de Contagem tamb\u00e9m ter\u00e1 acesso aos demais canais da Rede Legislativa, composta pelos canais da C\u00e2mara dos Deputados, do Senado Federal e da Assembleia Legislativa.<a href=\"http:\/\/www.cmc.mg.gov.br\/wordpress\/wp-content\/uploads\/2025\/07\/bruno-ok-1.png\"><img loading=\"lazy\" decoding=\"async\" class=\"alignright  wp-image-27085\" src=\"http:\/\/www.cmc.mg.gov.br\/wordpress\/wp-content\/uploads\/2025\/07\/bruno-ok-1.png\" alt=\"\" width=\"397\" height=\"317\" \/><\/a><\/p>\n<p style=\"text-align: justify;\" data-start=\"1602\" data-end=\"2072\">Atualmente, das cinco etapas necess\u00e1rias para o efetivo funcionamento do canal, Contagem encontra-se na terceira fase: a da reserva do canal. Isso significa que o pedido j\u00e1 foi encaminhado ao Minist\u00e9rio das Comunica\u00e7\u00f5es, que, por sua vez, solicitou \u00e0 Anatel o estudo de viabilidade t\u00e9cnica. O resultado apontou a exist\u00eancia de canal dispon\u00edvel para concess\u00e3o na localidade. Os pr\u00f3ximos passos s\u00e3o a consigna\u00e7\u00e3o do canal, seguida do licenciamento e, por fim, da opera\u00e7\u00e3o.<\/p>\n<p style=\"text-align: justify;\" data-start=\"2074\" data-end=\"2534\">Segundo o presidente Bruno Barreiro, um canal de TV com sinal aberto consolida a C\u00e2mara Municipal de Contagem como uma das mais acess\u00edveis de Minas Gerais. \u201cDesde a minha posse como presidente da Casa, comprometi-me com a transpar\u00eancia e com uma comunica\u00e7\u00e3o clara e direta com a popula\u00e7\u00e3o. Fico muito feliz por esse grande passo ter sido dado na minha gest\u00e3o. E, no que depender de nosso esfor\u00e7o e dedica\u00e7\u00e3o, esse sonho se tornar\u00e1 realidade em breve\u201d, afirmou.<\/p>\n<p style=\"text-align: justify;\" data-start=\"2541\" data-end=\"2570\"><strong data-start=\"2541\" data-end=\"2570\">O Programa Brasil Digital<\/strong><\/p>\n<p style=\"text-align: justify;\" data-start=\"2572\" data-end=\"2856\">Institu\u00eddo pela Portaria n\u00ba 13.345\/2024, do Minist\u00e9rio das Comunica\u00e7\u00f5es, o Programa Brasil Digital conta com recursos assegurados pelo Novo PAC (Programa de Acelera\u00e7\u00e3o do Crescimento) para a aquisi\u00e7\u00e3o e instala\u00e7\u00e3o de equipamentos de transmiss\u00e3o em cerca de 250 munic\u00edpios brasileiros.<\/p>\n<p style=\"text-align: justify;\" data-start=\"2858\" data-end=\"3072\">O objetivo \u00e9 implantar esta\u00e7\u00f5es transmissoras de televis\u00e3o em localidades onde a Empresa Brasil de Comunica\u00e7\u00e3o (EBC) e a C\u00e2mara dos Deputados ainda n\u00e3o disponham de esta\u00e7\u00e3o licenciada para execu\u00e7\u00e3o desses servi\u00e7os.<\/p>\n<p style=\"text-align: justify;\" data-start=\"3074\" data-end=\"3393\">Para isso, o programa selecionou institui\u00e7\u00f5es parceiras, respons\u00e1veis pela gest\u00e3o do local de instala\u00e7\u00e3o, pela infraestrutura b\u00e1sica necess\u00e1ria \u00e0 oferta do servi\u00e7o de televis\u00e3o digital, bem como pela implanta\u00e7\u00e3o das esta\u00e7\u00f5es e pela recep\u00e7\u00e3o dos equipamentos transmissores doados, destinados \u00e0 veicula\u00e7\u00e3o da programa\u00e7\u00e3o.<\/p>\n","protected":false},"excerpt":{"rendered":"<p>Os dias 3 e 4 de julho foram marcados por um grande avan\u00e7o da C\u00e2mara Municipal de Contagem no que se refere \u00e0 comunica\u00e7\u00e3o, \u00e0 transpar\u00eancia e \u00e0 intera\u00e7\u00e3o com a popula\u00e7\u00e3o. Representado pelo presidente, vereador Bruno Barreiro (PV), o Legislativo esteve em Bras\u00edlia (DF) para a assinatura do termo de coopera\u00e7\u00e3o t\u00e9cnica com a &hellip; <a href=\"https:\/\/www.cmc.mg.gov.br\/?p=27077\" class=\"more-link\">Continue lendo <span class=\"screen-reader-text\">C\u00e2mara de Contagem avan\u00e7a na implanta\u00e7\u00e3o de canal pr\u00f3prio de TV<\/span> <span class=\"meta-nav\">&rarr;<\/span><\/a><\/p>\n","protected":false},"author":2,"featured_media":27086,"comment_status":"open","ping_status":"open","sticky":false,"template":"","format":"standard","meta":{"_exactmetrics_skip_tracking":false,"_exactmetrics_sitenote_active":false,"_exactmetrics_sitenote_note":"","_exactmetrics_sitenote_category":0,"footnotes":""},"categories":[27,243],"tags":[],"class_list":["post-27077","post","type-post","status-publish","format-standard","has-post-thumbnail","hentry","category-noticias","category-novas-noticias"],"_links":{"self":[{"href":"https:\/\/www.cmc.mg.gov.br\/index.php?rest_route=\/wp\/v2\/posts\/27077","targetHints":{"allow":["GET"]}}],"collection":[{"href":"https:\/\/www.cmc.mg.gov.br\/index.php?rest_route=\/wp\/v2\/posts"}],"about":[{"href":"https:\/\/www.cmc.mg.gov.br\/index.php?rest_route=\/wp\/v2\/types\/post"}],"author":[{"embeddable":true,"href":"https:\/\/www.cmc.mg.gov.br\/index.php?rest_route=\/wp\/v2\/users\/2"}],"replies":[{"embeddable":true,"href":"https:\/\/www.cmc.mg.gov.br\/index.php?rest_route=%2Fwp%2Fv2%2Fcomments&post=27077"}],"version-history":[{"count":4,"href":"https:\/\/www.cmc.mg.gov.br\/index.php?rest_route=\/wp\/v2\/posts\/27077\/revisions"}],"predecessor-version":[{"id":27087,"href":"https:\/\/www.cmc.mg.gov.br\/index.php?rest_route=\/wp\/v2\/posts\/27077\/revisions\/27087"}],"wp:featuredmedia":[{"embeddable":true,"href":"https:\/\/www.cmc.mg.gov.br\/index.php?rest_route=\/wp\/v2\/media\/27086"}],"wp:attachment":[{"href":"https:\/\/www.cmc.mg.gov.br\/index.php?rest_route=%2Fwp%2Fv2%2Fmedia&parent=27077"}],"wp:term":[{"taxonomy":"category","embeddable":true,"href":"https:\/\/www.cmc.mg.gov.br\/index.php?rest_route=%2Fwp%2Fv2%2Fcategories&post=27077"},{"taxonomy":"post_tag","embeddable":true,"href":"https:\/\/www.cmc.mg.gov.br\/index.php?rest_route=%2Fwp%2Fv2%2Ftags&post=27077"}],"curies":[{"name":"wp","href":"https:\/\/api.w.org\/{rel}","templated":true}]}}