
{"id":27239,"date":"2025-08-13T16:12:30","date_gmt":"2025-08-13T19:12:30","guid":{"rendered":"http:\/\/www.cmc.mg.gov.br\/?p=27239"},"modified":"2025-08-13T16:22:51","modified_gmt":"2025-08-13T19:22:51","slug":"combate-ao-abuso-infantil-contagem-quer-avancar-com-capacitacao-de-profissionais-da-educacao","status":"publish","type":"post","link":"https:\/\/www.cmc.mg.gov.br\/?p=27239","title":{"rendered":"Combate ao abuso infantil: Contagem quer avan\u00e7ar com capacita\u00e7\u00e3o de profissionais da educa\u00e7\u00e3o"},"content":{"rendered":"<p style=\"text-align: justify;\"><span style=\"font-weight: 400;\">O relat\u00f3rio mais recente do <\/span><i><span style=\"font-weight: 400;\">Panorama da Viol\u00eancia Letal e Sexual contra Crian\u00e7as e Adolescentes no Brasil<\/span><\/i><span style=\"font-weight: 400;\"> mostrou que, entre 2021 e 2023, o Pa\u00eds registrou 164.199 casos de viol\u00eancia sexual contra crian\u00e7as e adolescentes de at\u00e9 19 anos. S\u00f3 em 2023, foram 63.430 casos, o que corresponde a uma ocorr\u00eancia a cada oito minutos.<\/span><\/p>\n<p style=\"text-align: justify;\"><span style=\"font-weight: 400;\">No entanto, esse n\u00famero tende a ser muito maior devido \u00e0 subnotifica\u00e7\u00e3o: segundo levantamento do Instituto de Pesquisa Econ\u00f4mica Aplicada (Ipea), apenas 8,5% dos epis\u00f3dios s\u00e3o reportados \u00e0s autoridades policiais, permitindo sua formaliza\u00e7\u00e3o e inclus\u00e3o em registros oficiais.<\/span><\/p>\n<p style=\"text-align: justify;\"><span style=\"font-weight: 400;\">Com o objetivo de fortalecer a legisla\u00e7\u00e3o municipal de prote\u00e7\u00e3o \u00e0 crian\u00e7a e ao adolescente em Contagem e reduzir a omiss\u00e3o nos casos de abuso, a C\u00e2mara aprovou, em primeiro turno, nesta ter\u00e7a-feira (12\/08), o <a href=\"http:\/\/legislativo.cmc.mg.gov.br:8080\/sapl\/consultas\/materia\/materia_mostrar_proc?cod_materia=49169\" target=\"_blank\" rel=\"noopener\">Projeto de Lei PL 025\/2025<\/a>. A proposta cria mecanismos que possibilitam aos profissionais da \u00e1rea de educa\u00e7\u00e3o identificar e denunciar sinais de abuso moral, f\u00edsico, sexual e explora\u00e7\u00e3o sexual infantil, tanto presencial quanto digital.<\/span><\/p>\n<p style=\"text-align: justify;\"><span style=\"font-weight: 400;\">Segundo a proposta, o Poder Executivo poder\u00e1 promover capacita\u00e7\u00e3o e treinamento de todos os profissionais da educa\u00e7\u00e3o que tenham contato direto ou indireto com crian\u00e7as e adolescentes em escolas e creches. Isso inclui professores titulares, auxiliares e substitutos, diretores e vice-diretores, coordenadores e demais funcion\u00e1rios do ambiente escolar.<\/span><\/p>\n<p style=\"text-align: justify;\"><span style=\"font-weight: 400;\">As capacita\u00e7\u00f5es abordar\u00e3o pelo menos nove pontos essenciais, incluindo identifica\u00e7\u00e3o de sinais de abuso, formas pr\u00e1ticas e efetivas de abordagem e den\u00fancia, com a participa\u00e7\u00e3o de m\u00e9dicos, psic\u00f3logos, enfermeiros, assistentes sociais, pedagogos e profissionais da \u00e1rea jur\u00eddica.<\/span><\/p>\n<p style=\"text-align: justify;\"><span style=\"font-weight: 400;\">De acordo com o autor do projeto, vereador Daniel Carvalho (PSD), a maioria dos casos de abuso \u00e9 descoberta por meio das escolas. \u201cEsses dados evidenciam a import\u00e2ncia dos profissionais da educa\u00e7\u00e3o na identifica\u00e7\u00e3o e combate \u00e0 viol\u00eancia contra crian\u00e7as e adolescentes\u201d, afirmou.<\/span><\/p>\n<p style=\"text-align: justify;\"><span style=\"font-weight: 400;\">O projeto retorna ao plen\u00e1rio na pr\u00f3xima semana para aprecia\u00e7\u00e3o em segundo turno e reda\u00e7\u00e3o final, antes da avalia\u00e7\u00e3o e san\u00e7\u00e3o do Executivo. \u201c\u00c9 um tema muito atual e importante, amplamente debatido hoje em plen\u00e1rio. Tenho certeza de que ser\u00e1 aprovado em segundo turno e sancionado, se tornando lei\u201d, finalizou Daniel.<\/span><\/p>\n<h3 style=\"text-align: justify;\"><b>Legisla\u00e7\u00e3o municipal<\/b><\/h3>\n<p style=\"text-align: justify;\"><span style=\"font-weight: 400;\">Conhe\u00e7a as principais leis municipais que garantem a prote\u00e7\u00e3o da integridade e dos direitos de crian\u00e7as e adolescentes em Contagem:<\/span><\/p>\n<ul>\n<li style=\"font-weight: 400; text-align: justify;\" aria-level=\"1\"><a href=\"https:\/\/legislacao.contagem.mg.gov.br\/legislacao\/view\/19332%20\" target=\"_blank\" rel=\"noopener\"><b>Lei 5594\/2025<\/b><\/a><span style=\"font-weight: 400;\">: institui, no Calend\u00e1rio Oficial do Munic\u00edpio, a \u201cPasseata do Combate ao Abuso e \u00e0 Explora\u00e7\u00e3o Sexual de Crian\u00e7as e Adolescentes\u201d, a ser realizada anualmente no segundo s\u00e1bado de maio, pr\u00f3xima ao Dia Nacional de Combate ao Abuso e \u00e0 Explora\u00e7\u00e3o Sexual, celebrado em 18 de maio.<\/span><\/li>\n<li style=\"font-weight: 400; text-align: justify;\" aria-level=\"1\"><b>Resolu\u00e7\u00e3o 05\/2025<\/b><span style=\"font-weight: 400;\">: cria a Procuradoria da Crian\u00e7a na C\u00e2mara, que zela pelo cumprimento das pol\u00edticas municipais voltadas \u00e0 prote\u00e7\u00e3o integral de crian\u00e7as e adolescentes.<\/span><\/li>\n<li style=\"font-weight: 400; text-align: justify;\" aria-level=\"1\"><a href=\"https:\/\/legislacao.contagem.mg.gov.br\/legislacao\/view\/932594\" target=\"_blank\" rel=\"noopener\"><b>Lei 5332\/2023<\/b><\/a><span style=\"font-weight: 400;\">: trata da Pol\u00edtica Municipal de Atendimento aos Direitos da Crian\u00e7a e do Adolescente, valorizando conselheiros tutelares, orientando sobre pol\u00edticas de atendimento, definindo diretrizes do Fundo Municipal da Crian\u00e7a e do Adolescente, estabelecendo compet\u00eancias do Conselho Municipal dos Direitos da Crian\u00e7a e do Adolescente e dos Conselhos Tutelares, e prevendo a realiza\u00e7\u00e3o de uma Confer\u00eancia Municipal sobre o tema.<\/span><\/li>\n<li style=\"font-weight: 400; text-align: justify;\" aria-level=\"1\"><a href=\"https:\/\/legislacao.contagem.mg.gov.br\/legislacao\/view\/201442\" target=\"_blank\" rel=\"noopener\"><b>Lei 5334\/2023<\/b><\/a><span style=\"font-weight: 400;\">: prev\u00ea a divulga\u00e7\u00e3o de n\u00fameros de telefone para den\u00fancia de viol\u00eancia dom\u00e9stica e familiar nas faturas de \u00e1gua, luz e g\u00e1s em Contagem, incluindo casos de abuso infantil.<\/span><\/li>\n<li style=\"font-weight: 400; text-align: justify;\" aria-level=\"1\"><a href=\"https:\/\/legislacao.contagem.mg.gov.br\/legislacao\/view\/483703\" target=\"_blank\" rel=\"noopener\"><b>Lei 5369\/2023<\/b><\/a><span style=\"font-weight: 400;\">: Imp\u00f5e aos condom\u00ednios residenciais e comerciais no Munic\u00edpio de Contagem a obrigatoriedade de comunicar aos \u00f3rg\u00e3os de seguran\u00e7a p\u00fablica a ocorr\u00eancia ou ind\u00edcios de epis\u00f3dios de viol\u00eancia dom\u00e9stica e familiar contra mulheres, crian\u00e7as, adolescentes ou idosos.<\/span><\/li>\n<li style=\"font-weight: 400; text-align: justify;\" aria-level=\"1\"><a href=\"https:\/\/legislacao.contagem.mg.gov.br\/legislacao\/view\/532167\" target=\"_blank\" rel=\"noopener\"><b>Lei 5234\/2022<\/b><\/a><span style=\"font-weight: 400;\">: anula a nomea\u00e7\u00e3o ou contrata\u00e7\u00e3o para cargos que lidem diretamente com crian\u00e7as e adolescentes de pessoas condenadas por crimes sexuais contra esse p\u00fablico.<\/span><\/li>\n<li style=\"font-weight: 400; text-align: justify;\" aria-level=\"1\"><a href=\"https:\/\/legislacao.contagem.mg.gov.br\/legislacao\/view\/134052\" target=\"_blank\" rel=\"noopener\"><b>Lei 5008\/2019<\/b><\/a><span style=\"font-weight: 400;\">: institui a campanha \u201cMaio Laranja\u201d, promovendo a\u00e7\u00f5es durante o m\u00eas voltadas \u00e0 preven\u00e7\u00e3o e combate \u00e0 viola\u00e7\u00e3o dos direitos e explora\u00e7\u00e3o sexual infantojuvenil.<\/span><\/li>\n<li style=\"font-weight: 400; text-align: justify;\" aria-level=\"1\"><a href=\"https:\/\/legislacao.contagem.mg.gov.br\/legislacao\/view\/329950\" target=\"_blank\" rel=\"noopener\"><b>Lei 4586\/2013<\/b><\/a><span style=\"font-weight: 400;\">: institui a Semana de Combate \u00e0 Pedofilia, a ser celebrada municipalmente pr\u00f3xima ao Dia Nacional de Combate ao Abuso e \u00e0 Explora\u00e7\u00e3o Sexual de Crian\u00e7as e Adolescentes.<\/span><\/li>\n<\/ul>\n","protected":false},"excerpt":{"rendered":"<p>O relat\u00f3rio mais recente do Panorama da Viol\u00eancia Letal e Sexual contra Crian\u00e7as e Adolescentes no Brasil mostrou que, entre 2021 e 2023, o Pa\u00eds registrou 164.199 casos de viol\u00eancia sexual contra crian\u00e7as e adolescentes de at\u00e9 19 anos. S\u00f3 em 2023, foram 63.430 casos, o que corresponde a uma ocorr\u00eancia a cada oito minutos. &hellip; <a href=\"https:\/\/www.cmc.mg.gov.br\/?p=27239\" class=\"more-link\">Continue lendo <span class=\"screen-reader-text\">Combate ao abuso infantil: Contagem quer avan\u00e7ar com capacita\u00e7\u00e3o de profissionais da educa\u00e7\u00e3o<\/span> <span class=\"meta-nav\">&rarr;<\/span><\/a><\/p>\n","protected":false},"author":2,"featured_media":27242,"comment_status":"open","ping_status":"open","sticky":false,"template":"","format":"standard","meta":{"_exactmetrics_skip_tracking":false,"_exactmetrics_sitenote_active":false,"_exactmetrics_sitenote_note":"","_exactmetrics_sitenote_category":0,"footnotes":""},"categories":[27,243],"tags":[],"class_list":["post-27239","post","type-post","status-publish","format-standard","has-post-thumbnail","hentry","category-noticias","category-novas-noticias"],"_links":{"self":[{"href":"https:\/\/www.cmc.mg.gov.br\/index.php?rest_route=\/wp\/v2\/posts\/27239","targetHints":{"allow":["GET"]}}],"collection":[{"href":"https:\/\/www.cmc.mg.gov.br\/index.php?rest_route=\/wp\/v2\/posts"}],"about":[{"href":"https:\/\/www.cmc.mg.gov.br\/index.php?rest_route=\/wp\/v2\/types\/post"}],"author":[{"embeddable":true,"href":"https:\/\/www.cmc.mg.gov.br\/index.php?rest_route=\/wp\/v2\/users\/2"}],"replies":[{"embeddable":true,"href":"https:\/\/www.cmc.mg.gov.br\/index.php?rest_route=%2Fwp%2Fv2%2Fcomments&post=27239"}],"version-history":[{"count":4,"href":"https:\/\/www.cmc.mg.gov.br\/index.php?rest_route=\/wp\/v2\/posts\/27239\/revisions"}],"predecessor-version":[{"id":27245,"href":"https:\/\/www.cmc.mg.gov.br\/index.php?rest_route=\/wp\/v2\/posts\/27239\/revisions\/27245"}],"wp:featuredmedia":[{"embeddable":true,"href":"https:\/\/www.cmc.mg.gov.br\/index.php?rest_route=\/wp\/v2\/media\/27242"}],"wp:attachment":[{"href":"https:\/\/www.cmc.mg.gov.br\/index.php?rest_route=%2Fwp%2Fv2%2Fmedia&parent=27239"}],"wp:term":[{"taxonomy":"category","embeddable":true,"href":"https:\/\/www.cmc.mg.gov.br\/index.php?rest_route=%2Fwp%2Fv2%2Fcategories&post=27239"},{"taxonomy":"post_tag","embeddable":true,"href":"https:\/\/www.cmc.mg.gov.br\/index.php?rest_route=%2Fwp%2Fv2%2Ftags&post=27239"}],"curies":[{"name":"wp","href":"https:\/\/api.w.org\/{rel}","templated":true}]}}