
{"id":27580,"date":"2025-09-17T14:16:04","date_gmt":"2025-09-17T17:16:04","guid":{"rendered":"http:\/\/www.cmc.mg.gov.br\/?p=27580"},"modified":"2025-09-23T14:38:24","modified_gmt":"2025-09-23T17:38:24","slug":"associacao-pela-musica-de-contagem-defende-atualizacao-de-legislacoes-culturais-na-camara","status":"publish","type":"post","link":"https:\/\/www.cmc.mg.gov.br\/?p=27580","title":{"rendered":"Associa\u00e7\u00e3o pela M\u00fasica de Contagem defende atualiza\u00e7\u00e3o de legisla\u00e7\u00f5es culturais na C\u00e2mara"},"content":{"rendered":"<p style=\"text-align: justify;\"><span style=\"font-weight: 400;\">A Tribuna Livre da \u00faltima ter\u00e7a-feira (16\/09) foi utilizada pela AMC \u2013 Associa\u00e7\u00e3o pela M\u00fasica de Contagem, representada, na ocasi\u00e3o, por seu presidente, Jones Luiz, e pelo vice-presidente, Wallace Soares. Al\u00e9m de relatarem a hist\u00f3ria e a funda\u00e7\u00e3o da entidade, eles solicitaram a ajuda da C\u00e2mara Municipal na revis\u00e3o de legisla\u00e7\u00f5es municipais referentes aos agentes culturais da cidade.<\/span><\/p>\n<p style=\"text-align: justify;\"><span style=\"font-weight: 400;\">A primeira delas \u00e9 a <a href=\"https:\/\/legislacao.contagem.mg.gov.br\/legislacao\/view\/732187\" target=\"_blank\" rel=\"noopener\">Lei Municipal n\u00ba 5.000\/2019<\/a>, conhecida como \u201cLei Vander Lee\u201d, que disp\u00f5e sobre a apresenta\u00e7\u00e3o cultural de artistas de rua nos logradouros p\u00fablicos do Munic\u00edpio de Contagem. A outra \u00e9 a <a href=\"https:\/\/legislacao.contagem.mg.gov.br\/legislacao\/view\/460486\" target=\"_blank\" rel=\"noopener\">Lei n\u00ba 5.336\/2023<\/a>, que cria a a\u00e7\u00e3o \u201cNossos Talentos\u201d para priorizar a participa\u00e7\u00e3o de artistas de diversos segmentos culturais da cidade na abertura de eventos art\u00edsticos e musicais com financiamento p\u00fablico municipal.<\/span><\/p>\n<p style=\"text-align: justify;\"><span style=\"font-weight: 400;\">Sobre esta \u00faltima, Jones citou como exemplo o show promovido pela Prefeitura de Contagem no Espa\u00e7o Popular, por ocasi\u00e3o do anivers\u00e1rio da cidade. Antes da apresenta\u00e7\u00e3o principal, de Nando Reis, alguns artistas locais tiveram a oportunidade de se apresentar ao p\u00fablico.<\/span><\/p>\n<p style=\"text-align: justify;\"><span style=\"font-weight: 400;\">\u201cAlguns artistas da nossa associa\u00e7\u00e3o se apresentaram para milhares de pessoas, coisa que, em suas hist\u00f3rias de mais de 20 anos de m\u00fasica, n\u00e3o tiveram oportunidade\u201d, disse Jones, pedindo ainda que o acesso desses agentes culturais seja mais transparente e democr\u00e1tico, com oportunidades para todos.<\/span><\/p>\n<p style=\"text-align: justify;\"><b>Origem e fortalecimento<\/b><\/p>\n<figure id=\"attachment_27581\" aria-describedby=\"caption-attachment-27581\" style=\"width: 401px\" class=\"wp-caption alignright\"><a href=\"http:\/\/www.cmc.mg.gov.br\/wordpress\/wp-content\/uploads\/2025\/09\/54792033246_849cde66a5_h.jpg\"><img loading=\"lazy\" decoding=\"async\" class=\"wp-image-27581\" src=\"http:\/\/www.cmc.mg.gov.br\/wordpress\/wp-content\/uploads\/2025\/09\/54792033246_849cde66a5_h.jpg\" alt=\"\" width=\"401\" height=\"225\" \/><\/a><figcaption id=\"caption-attachment-27581\" class=\"wp-caption-text\"><strong><em>Wallace Soares, vice-presidente da AMC<\/em><\/strong><\/figcaption><\/figure>\n<p style=\"text-align: justify;\"><span style=\"font-weight: 400;\">Segundo Wallace Soares, a AMC surgiu no contexto da pandemia de Covid-19, diante das restri\u00e7\u00f5es impostas por decretos municipais que limitavam aglomera\u00e7\u00f5es. \u201cMesmo depois da flexibiliza\u00e7\u00e3o do funcionamento dos bares, os m\u00fasicos continuaram impedidos de trabalhar. Fizemos um \u201capanhado\u201d, uma manifesta\u00e7\u00e3o e, em poucas horas, j\u00e1 t\u00ednhamos mais de mil m\u00fasicos adeptos, com mais de 6 mil pessoas envolvidas indiretamente\u201d, explicou, ressaltando que a mobiliza\u00e7\u00e3o da classe no munic\u00edpio era um sonho de pelo menos 20 anos.<\/span><\/p>\n<p style=\"text-align: justify;\"><span style=\"font-weight: 400;\">Desde ent\u00e3o, conforme o vice-presidente, a associa\u00e7\u00e3o tem mantido e ampliado o di\u00e1logo com diversos setores, inclusive com o poder p\u00fablico. \u201cA Associa\u00e7\u00e3o \u00e9 apartid\u00e1ria, e queremos manter di\u00e1logo com todos, porque Contagem \u00e9 um celeiro de artistas, tem muita gente boa na cidade que precisa ter, cada vez mais, a sensa\u00e7\u00e3o de pertencimento com o munic\u00edpio\u201d, destacou Jones.<\/span><\/p>\n<p style=\"text-align: justify;\"><span style=\"font-weight: 400;\">Fruto dessas intera\u00e7\u00f5es, a entidade conquistou recentemente sua primeira sede, localizada na parte inferior do Espa\u00e7o Popular de Contagem. Segundo Jones, o local, que estava abandonado e servia de abrigo para pessoas em situa\u00e7\u00e3o de rua, foi revitalizado e hoje representa um espa\u00e7o de reuni\u00e3o e inclus\u00e3o. A AMC pretende ainda utiliz\u00e1-lo para oficinas, cursos e at\u00e9 mesmo um est\u00fadio popular.<\/span><\/p>\n<p style=\"text-align: justify;\"><span style=\"font-weight: 400;\">Encerrando a Tribuna Livre, o presidente da C\u00e2mara, vereador Bruno Barreiro (PV), comprometeu-se a agendar reuni\u00e3o com a Comiss\u00e3o de Cultura da Casa, composta pelos vereadores Moara Saboia (PT), Fatinha Manancial (Uni\u00e3o) e Junior Zica (Uni\u00e3o), a fim de discutir a possibilidade de revis\u00e3o das legisla\u00e7\u00f5es aprovadas pelo Legislativo que tratam da atua\u00e7\u00e3o dos artistas da cidade.<\/span><\/p>\n","protected":false},"excerpt":{"rendered":"<p>A Tribuna Livre da \u00faltima ter\u00e7a-feira (16\/09) foi utilizada pela AMC \u2013 Associa\u00e7\u00e3o pela M\u00fasica de Contagem, representada, na ocasi\u00e3o, por seu presidente, Jones Luiz, e pelo vice-presidente, Wallace Soares. Al\u00e9m de relatarem a hist\u00f3ria e a funda\u00e7\u00e3o da entidade, eles solicitaram a ajuda da C\u00e2mara Municipal na revis\u00e3o de legisla\u00e7\u00f5es municipais referentes aos agentes &hellip; <a href=\"https:\/\/www.cmc.mg.gov.br\/?p=27580\" class=\"more-link\">Continue lendo <span class=\"screen-reader-text\">Associa\u00e7\u00e3o pela M\u00fasica de Contagem defende atualiza\u00e7\u00e3o de legisla\u00e7\u00f5es culturais na C\u00e2mara<\/span> <span class=\"meta-nav\">&rarr;<\/span><\/a><\/p>\n","protected":false},"author":2,"featured_media":27582,"comment_status":"open","ping_status":"open","sticky":false,"template":"","format":"standard","meta":{"_exactmetrics_skip_tracking":false,"_exactmetrics_sitenote_active":false,"_exactmetrics_sitenote_note":"","_exactmetrics_sitenote_category":0,"footnotes":""},"categories":[15,27,243,10],"tags":[],"class_list":["post-27580","post","type-post","status-publish","format-standard","has-post-thumbnail","hentry","category-comissoes","category-noticias","category-novas-noticias","category-tribuna-livre"],"_links":{"self":[{"href":"https:\/\/www.cmc.mg.gov.br\/index.php?rest_route=\/wp\/v2\/posts\/27580","targetHints":{"allow":["GET"]}}],"collection":[{"href":"https:\/\/www.cmc.mg.gov.br\/index.php?rest_route=\/wp\/v2\/posts"}],"about":[{"href":"https:\/\/www.cmc.mg.gov.br\/index.php?rest_route=\/wp\/v2\/types\/post"}],"author":[{"embeddable":true,"href":"https:\/\/www.cmc.mg.gov.br\/index.php?rest_route=\/wp\/v2\/users\/2"}],"replies":[{"embeddable":true,"href":"https:\/\/www.cmc.mg.gov.br\/index.php?rest_route=%2Fwp%2Fv2%2Fcomments&post=27580"}],"version-history":[{"count":1,"href":"https:\/\/www.cmc.mg.gov.br\/index.php?rest_route=\/wp\/v2\/posts\/27580\/revisions"}],"predecessor-version":[{"id":27583,"href":"https:\/\/www.cmc.mg.gov.br\/index.php?rest_route=\/wp\/v2\/posts\/27580\/revisions\/27583"}],"wp:featuredmedia":[{"embeddable":true,"href":"https:\/\/www.cmc.mg.gov.br\/index.php?rest_route=\/wp\/v2\/media\/27582"}],"wp:attachment":[{"href":"https:\/\/www.cmc.mg.gov.br\/index.php?rest_route=%2Fwp%2Fv2%2Fmedia&parent=27580"}],"wp:term":[{"taxonomy":"category","embeddable":true,"href":"https:\/\/www.cmc.mg.gov.br\/index.php?rest_route=%2Fwp%2Fv2%2Fcategories&post=27580"},{"taxonomy":"post_tag","embeddable":true,"href":"https:\/\/www.cmc.mg.gov.br\/index.php?rest_route=%2Fwp%2Fv2%2Ftags&post=27580"}],"curies":[{"name":"wp","href":"https:\/\/api.w.org\/{rel}","templated":true}]}}