
{"id":27689,"date":"2025-10-08T14:55:12","date_gmt":"2025-10-08T17:55:12","guid":{"rendered":"http:\/\/www.cmc.mg.gov.br\/?p=27689"},"modified":"2025-10-08T15:59:08","modified_gmt":"2025-10-08T18:59:08","slug":"projeto-valoriza-carrinho-de-rolima-como-pratica-esportiva-e-cultural-de-contagem","status":"publish","type":"post","link":"https:\/\/www.cmc.mg.gov.br\/?p=27689","title":{"rendered":"Projeto valoriza carrinho de rolim\u00e3 como pr\u00e1tica esportiva e cultural de Contagem"},"content":{"rendered":"<p style=\"text-align: justify;\">O carrinho de rolim\u00e3 \u00e9 um brinquedo artesanal tradicional, popular no Brasil sobretudo entre as d\u00e9cadas de 1950 e 1970, que consiste em um ve\u00edculo de madeira e rolamentos de a\u00e7o, usado para descer ladeiras movido apenas pela for\u00e7a da gravidade. Exemplo de divers\u00e3o simples e criativa, ele marcou muitas gera\u00e7\u00f5es de brasileiros, se convertendo em patrim\u00f4nio da cultura popular e da mem\u00f3ria afetiva de muitas inf\u00e2ncias.<\/p>\n<p style=\"text-align: justify;\">Com o objetivo de valorizar essa atividade, os vereadores de Contagem acabam de aprovar o Projeto de Lei 422\/2025, que institui, em 23 de julho, o Dia Municipal do Carrinho de Rolim\u00e3, al\u00e9m de reconhecer a corrida de carrinho de rolim\u00e3 como pr\u00e1tica esportiva, cultural e de lazer em Contagem.<\/p>\n<figure id=\"attachment_27693\" aria-describedby=\"caption-attachment-27693\" style=\"width: 350px\" class=\"wp-caption alignright\"><a href=\"http:\/\/www.cmc.mg.gov.br\/wordpress\/wp-content\/uploads\/2025\/10\/IMG_2700.jpg\"><img loading=\"lazy\" decoding=\"async\" class=\"wp-image-27693\" src=\"http:\/\/www.cmc.mg.gov.br\/wordpress\/wp-content\/uploads\/2025\/10\/IMG_2700.jpg\" alt=\"\" width=\"350\" height=\"361\" \/><\/a><figcaption id=\"caption-attachment-27693\" class=\"wp-caption-text\">Autor do projeto, vereador Denilson da Juc<\/figcaption><\/figure>\n<p style=\"text-align: justify;\">Em sua fala em plen\u00e1rio, o autor da proposi\u00e7\u00e3o, vereador Denilson da Juc (Mobiliza), lembrou que, h\u00e1 alguns anos, quando foi subsecret\u00e1rio de Esporte, Lazer e Juventude de Contagem, chegou a promover, no Eldorado, um evento de carrinho de rolim\u00e3, que reuniu muitos entusiastas da atividade. E, no \u00faltimo final de semana, foi a vez da atual gest\u00e3o municipal realizar, com sucesso, a \u201cPrimeira Descida Radical de Carrinho de Rolim\u00e3\u201d, no bairro Novo Eldorado, \u201cmarcando ainda mais a import\u00e2ncia da pr\u00e1tica na cidade\u201d.<\/p>\n<p style=\"text-align: justify;\">\u201cO carrinho de rolim\u00e3 \u00e9 mais do que uma simples brincadeira. Ele representa uma parte viva da nossa hist\u00f3ria, da criatividade popular e da conviv\u00eancia comunit\u00e1ria que marcou gera\u00e7\u00f5es. Em Contagem, essa tradi\u00e7\u00e3o se mant\u00e9m forte e continua a reunir crian\u00e7as, jovens e adultos em momentos de alegria, integra\u00e7\u00e3o e aprendizado. Com esse projeto, buscamos valorizar uma manifesta\u00e7\u00e3o cultural aut\u00eantica, promover o esporte recreativo e incentivar h\u00e1bitos saud\u00e1veis, sempre com responsabilidade e seguran\u00e7a\u201d, justificou.<\/p>\n<p style=\"text-align: justify;\">O texto do projeto tamb\u00e9m traz alguns dispositivos \u2013 reajustados por emendas \u2013 com o objetivo de incentivar realiza\u00e7\u00e3o de eventos oficiais ou autorizados, al\u00e9m da utiliza\u00e7\u00e3o de itens de prote\u00e7\u00e3o individual que garantam a integridade f\u00edsica do praticante.<\/p>\n<p style=\"text-align: justify;\">A proposi\u00e7\u00e3o segue agora para a Prefeitura de Contagem, e passa a valer como Lei a partir de sua publica\u00e7\u00e3o no Di\u00e1rio Oficial do Munic\u00edpio. \u201cNa pr\u00f3xima semana, a prefeita (<em>Mar\u00edlia Campos<\/em>), vai chamar a Femcar (<em>Federa\u00e7\u00e3o Mineira de Carrinhos de Rolim\u00e3<\/em>), juntamente com o secret\u00e1rio de Esportes (<em>Alex Chiodi<\/em>), com a nossa presen\u00e7a, para sancionar e publicar a nova legisla\u00e7\u00e3o&#8221;, concluiu Denilson.<\/p>\n<p style=\"text-align: right;\">* Foto de capa: Ricardo Lima\/PMC.<\/p>\n","protected":false},"excerpt":{"rendered":"<p>O carrinho de rolim\u00e3 \u00e9 um brinquedo artesanal tradicional, popular no Brasil sobretudo entre as d\u00e9cadas de 1950 e 1970, que consiste em um ve\u00edculo de madeira e rolamentos de a\u00e7o, usado para descer ladeiras movido apenas pela for\u00e7a da gravidade. Exemplo de divers\u00e3o simples e criativa, ele marcou muitas gera\u00e7\u00f5es de brasileiros, se convertendo &hellip; <a href=\"https:\/\/www.cmc.mg.gov.br\/?p=27689\" class=\"more-link\">Continue lendo <span class=\"screen-reader-text\">Projeto valoriza carrinho de rolim\u00e3 como pr\u00e1tica esportiva e cultural de Contagem<\/span> <span class=\"meta-nav\">&rarr;<\/span><\/a><\/p>\n","protected":false},"author":3,"featured_media":27691,"comment_status":"open","ping_status":"open","sticky":false,"template":"","format":"standard","meta":{"_exactmetrics_skip_tracking":false,"_exactmetrics_sitenote_active":false,"_exactmetrics_sitenote_note":"","_exactmetrics_sitenote_category":0,"footnotes":""},"categories":[27],"tags":[],"class_list":["post-27689","post","type-post","status-publish","format-standard","has-post-thumbnail","hentry","category-noticias"],"_links":{"self":[{"href":"https:\/\/www.cmc.mg.gov.br\/index.php?rest_route=\/wp\/v2\/posts\/27689","targetHints":{"allow":["GET"]}}],"collection":[{"href":"https:\/\/www.cmc.mg.gov.br\/index.php?rest_route=\/wp\/v2\/posts"}],"about":[{"href":"https:\/\/www.cmc.mg.gov.br\/index.php?rest_route=\/wp\/v2\/types\/post"}],"author":[{"embeddable":true,"href":"https:\/\/www.cmc.mg.gov.br\/index.php?rest_route=\/wp\/v2\/users\/3"}],"replies":[{"embeddable":true,"href":"https:\/\/www.cmc.mg.gov.br\/index.php?rest_route=%2Fwp%2Fv2%2Fcomments&post=27689"}],"version-history":[{"count":5,"href":"https:\/\/www.cmc.mg.gov.br\/index.php?rest_route=\/wp\/v2\/posts\/27689\/revisions"}],"predecessor-version":[{"id":27696,"href":"https:\/\/www.cmc.mg.gov.br\/index.php?rest_route=\/wp\/v2\/posts\/27689\/revisions\/27696"}],"wp:featuredmedia":[{"embeddable":true,"href":"https:\/\/www.cmc.mg.gov.br\/index.php?rest_route=\/wp\/v2\/media\/27691"}],"wp:attachment":[{"href":"https:\/\/www.cmc.mg.gov.br\/index.php?rest_route=%2Fwp%2Fv2%2Fmedia&parent=27689"}],"wp:term":[{"taxonomy":"category","embeddable":true,"href":"https:\/\/www.cmc.mg.gov.br\/index.php?rest_route=%2Fwp%2Fv2%2Fcategories&post=27689"},{"taxonomy":"post_tag","embeddable":true,"href":"https:\/\/www.cmc.mg.gov.br\/index.php?rest_route=%2Fwp%2Fv2%2Ftags&post=27689"}],"curies":[{"name":"wp","href":"https:\/\/api.w.org\/{rel}","templated":true}]}}