
{"id":27775,"date":"2025-10-14T15:04:33","date_gmt":"2025-10-14T18:04:33","guid":{"rendered":"http:\/\/www.cmc.mg.gov.br\/?p=27775"},"modified":"2025-10-14T15:10:09","modified_gmt":"2025-10-14T18:10:09","slug":"autoestima-feminina-e-tema-de-projeto-de-lei-em-contagem","status":"publish","type":"post","link":"https:\/\/www.cmc.mg.gov.br\/?p=27775","title":{"rendered":"Autoestima feminina \u00e9 tema de projeto de lei em Contagem"},"content":{"rendered":"<p style=\"text-align: justify;\"><span style=\"font-weight: 400;\">Segundo o dicion\u00e1rio, autoestima \u00e9 \u201cqualidade de quem se valoriza, se contenta com seu modo de ser e demonstra, consequentemente, confian\u00e7a em seus atos e julgamentos\u201d. Trata-se, segundo especialistas, de um dos pilares fundamentais para a manuten\u00e7\u00e3o da sa\u00fade mental, influenciando diversos aspectos da vida \u2014 desde os relacionamentos interpessoais at\u00e9 o desempenho profissional.<\/span><\/p>\n<p style=\"text-align: justify;\"><span style=\"font-weight: 400;\">Em Contagem, a C\u00e2mara Municipal acaba de aprovar o <a href=\"http:\/\/legislativo.cmc.mg.gov.br:8080\/sapl\/consultas\/materia\/materia_mostrar_proc?cod_materia=54388\" target=\"_blank\" rel=\"noopener\">Projeto de Lei n\u00ba 437\/2025<\/a>, de autoria da vereadora Carol do Teteco (MDB), que institui o Dia Municipal da Autoestima da Mulher, a ser celebrado anualmente em 21 de setembro. A vota\u00e7\u00e3o em segundo turno e reda\u00e7\u00e3o final aconteceu na reuni\u00e3o plen\u00e1ria desta ter\u00e7a-feira (14\/10).<\/span><\/p>\n<p style=\"text-align: justify;\"><span style=\"font-weight: 400;\">O objetivo da proposta \u00e9 promover a autoestima feminina, difundir pr\u00e1ticas de autocuidado e bem-estar, valorizar a identidade, a diversidade e a dignidade das mulheres e, tamb\u00e9m, combater a viol\u00eancia psicol\u00f3gica contra a mulher. Dessa forma, a inten\u00e7\u00e3o \u00e9 \u201cvalorizar a mulher em sua integralidade, contemplando aspectos f\u00edsicos, emocionais, sociais e profissionais\u201d, de acordo com a justificativa do projeto.<a href=\"http:\/\/www.cmc.mg.gov.br\/wordpress\/wp-content\/uploads\/2025\/10\/materia.jpg\"><img loading=\"lazy\" decoding=\"async\" class=\"alignright wp-image-27778\" src=\"http:\/\/www.cmc.mg.gov.br\/wordpress\/wp-content\/uploads\/2025\/10\/materia.jpg\" alt=\"\" width=\"237\" height=\"284\" \/><\/a><\/span><\/p>\n<p style=\"text-align: justify;\"><span style=\"font-weight: 400;\">Segundo a autora, a proposta foi inspirada no projeto \u201cFlorescer da Autoestima\u201d, promovido pelo Conselho Empresarial da Mulher da ACIC, que mobiliza a sociedade civil na valoriza\u00e7\u00e3o da trajet\u00f3ria, do valor e da dignidade de cada mulher. \u201c\u00c9 um chamado para que n\u00f3s, mulheres, que somos multifun\u00e7\u00f5es e temos muitas tarefas na sociedade, paremos um pouquinho para olhar para dentro e cuidar da nossa sa\u00fade f\u00edsica e mental\u201d, disse.<\/span><\/p>\n<p style=\"text-align: justify;\"><span style=\"font-weight: 400;\">Ainda segundo Carol, a aprova\u00e7\u00e3o do projeto em outubro \u00e9 especialmente simb\u00f3lica, considerando ser o m\u00eas dedicado ao autocuidado e \u00e0 preven\u00e7\u00e3o do c\u00e2ncer de mama. \u201cInclusive, fica aqui o recado para que as mulheres fa\u00e7am o autoexame e a mamografia no tempo certo.\u201d<\/span><\/p>\n<p style=\"text-align: justify;\"><span style=\"font-weight: 400;\">Em Belo Horizonte, a Lei Municipal n\u00ba 11.636\/2023, que institui o Dia do Florescer da Autoestima da Mulher, apresentada pela vereadora Fl\u00e1via Borja, teve influ\u00eancia do Conselho Empresarial da Mulher Empreendedora da Associa\u00e7\u00e3o Comercial e Empresarial de Minas \u2013 ACMinas.<\/span><\/p>\n<p style=\"text-align: justify;\"><span style=\"font-weight: 400;\">J\u00e1 na Assembleia Legislativa de Minas Gerais, tramita um projeto semelhante, de autoria do deputado Jo\u00e3o Magalh\u00e3es (MDB), atualmente em an\u00e1lise na Comiss\u00e3o de Constitui\u00e7\u00e3o e Justi\u00e7a da ALMG. A proposta pretende incluir o Dia da Autoestima da Mulher, em 21 de setembro, no calend\u00e1rio oficial de eventos do Estado.<\/span><\/p>\n","protected":false},"excerpt":{"rendered":"<p>Segundo o dicion\u00e1rio, autoestima \u00e9 \u201cqualidade de quem se valoriza, se contenta com seu modo de ser e demonstra, consequentemente, confian\u00e7a em seus atos e julgamentos\u201d. Trata-se, segundo especialistas, de um dos pilares fundamentais para a manuten\u00e7\u00e3o da sa\u00fade mental, influenciando diversos aspectos da vida \u2014 desde os relacionamentos interpessoais at\u00e9 o desempenho profissional. Em &hellip; <a href=\"https:\/\/www.cmc.mg.gov.br\/?p=27775\" class=\"more-link\">Continue lendo <span class=\"screen-reader-text\">Autoestima feminina \u00e9 tema de projeto de lei em Contagem<\/span> <span class=\"meta-nav\">&rarr;<\/span><\/a><\/p>\n","protected":false},"author":2,"featured_media":27776,"comment_status":"open","ping_status":"open","sticky":false,"template":"","format":"standard","meta":{"_exactmetrics_skip_tracking":false,"_exactmetrics_sitenote_active":false,"_exactmetrics_sitenote_note":"","_exactmetrics_sitenote_category":0,"footnotes":""},"categories":[27,243],"tags":[],"class_list":["post-27775","post","type-post","status-publish","format-standard","has-post-thumbnail","hentry","category-noticias","category-novas-noticias"],"_links":{"self":[{"href":"https:\/\/www.cmc.mg.gov.br\/index.php?rest_route=\/wp\/v2\/posts\/27775","targetHints":{"allow":["GET"]}}],"collection":[{"href":"https:\/\/www.cmc.mg.gov.br\/index.php?rest_route=\/wp\/v2\/posts"}],"about":[{"href":"https:\/\/www.cmc.mg.gov.br\/index.php?rest_route=\/wp\/v2\/types\/post"}],"author":[{"embeddable":true,"href":"https:\/\/www.cmc.mg.gov.br\/index.php?rest_route=\/wp\/v2\/users\/2"}],"replies":[{"embeddable":true,"href":"https:\/\/www.cmc.mg.gov.br\/index.php?rest_route=%2Fwp%2Fv2%2Fcomments&post=27775"}],"version-history":[{"count":3,"href":"https:\/\/www.cmc.mg.gov.br\/index.php?rest_route=\/wp\/v2\/posts\/27775\/revisions"}],"predecessor-version":[{"id":27781,"href":"https:\/\/www.cmc.mg.gov.br\/index.php?rest_route=\/wp\/v2\/posts\/27775\/revisions\/27781"}],"wp:featuredmedia":[{"embeddable":true,"href":"https:\/\/www.cmc.mg.gov.br\/index.php?rest_route=\/wp\/v2\/media\/27776"}],"wp:attachment":[{"href":"https:\/\/www.cmc.mg.gov.br\/index.php?rest_route=%2Fwp%2Fv2%2Fmedia&parent=27775"}],"wp:term":[{"taxonomy":"category","embeddable":true,"href":"https:\/\/www.cmc.mg.gov.br\/index.php?rest_route=%2Fwp%2Fv2%2Fcategories&post=27775"},{"taxonomy":"post_tag","embeddable":true,"href":"https:\/\/www.cmc.mg.gov.br\/index.php?rest_route=%2Fwp%2Fv2%2Ftags&post=27775"}],"curies":[{"name":"wp","href":"https:\/\/api.w.org\/{rel}","templated":true}]}}