
{"id":27794,"date":"2025-10-15T12:36:58","date_gmt":"2025-10-15T15:36:58","guid":{"rendered":"http:\/\/www.cmc.mg.gov.br\/?p=27794"},"modified":"2025-10-15T12:36:58","modified_gmt":"2025-10-15T15:36:58","slug":"projeto-autoriza-desafetacao-de-imovel-no-cidade-industrial","status":"publish","type":"post","link":"https:\/\/www.cmc.mg.gov.br\/?p=27794","title":{"rendered":"Projeto autoriza desafeta\u00e7\u00e3o de im\u00f3vel no Cidade Industrial"},"content":{"rendered":"<p style=\"text-align: justify;\">A C\u00e2mara Municipal de Contagem aprovou, na ter\u00e7a-feira (14\/10), o <a href=\"http:\/\/legislativo.cmc.mg.gov.br:8080\/sapl\/consultas\/materia\/materia_mostrar_proc?cod_materia=53259\">Projeto de Lei n\u00ba 12\/ 2025<\/a>, que autoriza a desafeta\u00e7\u00e3o de bem p\u00fablico localizado no bairro Cidade Industrial. Enviado pela prefeita Mar\u00edlia Campos (PT), o projeto refere-se a um im\u00f3vel situado em parte do terreno onde atualmente funciona a empresa Vilma Alimentos. Com \u00e1rea de dez mil metros quadrados, o terreno havia sido, a princ\u00edpio, destinado \u00e0 constru\u00e7\u00e3o de vias p\u00fablicas, mas nunca foi utilizado para essa finalidade.<\/p>\n<p>&nbsp;<\/p>\n<p style=\"text-align: justify;\">Com a desafeta\u00e7\u00e3o, o im\u00f3vel deixa de estar vinculado \u00e0 destina\u00e7\u00e3o original, permitindo que a Prefeitura indique outro uso. O artigo 2\u00ba do projeto prev\u00ea, ainda, que o terreno poder\u00e1 ser objeto de aliena\u00e7\u00e3o onerosa, possibilitando sua venda futura. De acordo com o laudo t\u00e9cnico que acompanha a proposta, o valor estimado do im\u00f3vel \u00e9 de R$ 8 milh\u00f5es e 647 mil.<\/p>\n<p>&nbsp;<\/p>\n<p style=\"text-align: justify;\">Na mensagem que encaminhou ao Legislativo, a chefe do Executivo municipal justificou que \u201cembora a \u00e1rea tenha sido formalmente vinculada ao sistema vi\u00e1rio, a via p\u00fablica jamais foi implementada. Assim, a proposta visa viabilizar a adequa\u00e7\u00e3o legal e urban\u00edstica do im\u00f3vel para aproveitamento em benef\u00edcio do cidad\u00e3o contagense\u201d.<\/p>\n<p>&nbsp;<\/p>\n<figure id=\"attachment_27795\" aria-describedby=\"caption-attachment-27795\" style=\"width: 300px\" class=\"wp-caption alignleft\"><a href=\"http:\/\/www.cmc.mg.gov.br\/wordpress\/wp-content\/uploads\/2025\/10\/54853940407_f06fbbe20b_w.jpg\"><img loading=\"lazy\" decoding=\"async\" class=\"wp-image-27795\" src=\"http:\/\/www.cmc.mg.gov.br\/wordpress\/wp-content\/uploads\/2025\/10\/54853940407_f06fbbe20b_w.jpg\" alt=\"\" width=\"300\" height=\"200\" \/><\/a><figcaption id=\"caption-attachment-27795\" class=\"wp-caption-text\">Vereador Mauricinho do Sandu\u00edche (PL). Foto: Cleide Amaral.<\/figcaption><\/figure>\n<p style=\"text-align: justify;\">O projeto foi aprovado em segundo turno, com votos contr\u00e1rios apenas dos vereadores Mauricinho do Sandu\u00edche (PL) e Pedro Luiz (PL). Durante a vota\u00e7\u00e3o, Mauricinho questionou os crit\u00e9rios utilizados na avalia\u00e7\u00e3o do im\u00f3vel e a falta de clareza quanto \u00e0 futura destina\u00e7\u00e3o do terreno. \u201cO laudo de avalia\u00e7\u00e3o foi feito com base em terrenos residenciais e mistos. A gente fica em d\u00favida: qual vale mais, o terreno residencial ou misto, ou, como j\u00e1 est\u00e1 em uma \u00e1rea desenvolvida\/industrial, se o valor n\u00e3o seria superior?\u201d, questionou o parlamentar. Ele tamb\u00e9m destacou a necessidade de contrapartidas da empresa ao munic\u00edpio.<\/p>\n<p>&nbsp;<\/p>\n<p style=\"text-align: justify;\">No primeiro turno, o l\u00edder de governo, vereador Daniel do Irineu (PSB), esclareceu que o projeto trata apenas da desafeta\u00e7\u00e3o, e que a destina\u00e7\u00e3o posterior dever\u00e1 ser definida em outra proposta a ser enviada futuramente pelo Poder Executivo \u00e0 C\u00e2mara. O vereador Arnaldo de Oliveira (SD) destacou o hist\u00f3rico da empresa no munic\u00edpio e os compromissos assumidos por ela em outras ocasi\u00f5es, mencionando o trabalho social realizado pela Vilma Alimentos por meio do programa Ser Parte.<\/p>\n<p>&nbsp;<\/p>\n<p style=\"text-align: justify;\">O projeto segue agora para san\u00e7\u00e3o do Poder Executivo e, como n\u00e3o recebeu emendas, deve se tornar lei.<\/p>\n<p>&nbsp;<\/p>\n<div class=\"ladoP1\">\n<div class=\"oPost\">\n<div class=\"oConteudoPost\">\n<p><em>Foto de capa: Site Vilma<\/em><\/p>\n<p>&nbsp;<\/p>\n<\/div>\n<\/div>\n<\/div>\n","protected":false},"excerpt":{"rendered":"<p>A C\u00e2mara Municipal de Contagem aprovou, na ter\u00e7a-feira (14\/10), o Projeto de Lei n\u00ba 12\/ 2025, que autoriza a desafeta\u00e7\u00e3o de bem p\u00fablico localizado no bairro Cidade Industrial. Enviado pela prefeita Mar\u00edlia Campos (PT), o projeto refere-se a um im\u00f3vel situado em parte do terreno onde atualmente funciona a empresa Vilma Alimentos. Com \u00e1rea de &hellip; <a href=\"https:\/\/www.cmc.mg.gov.br\/?p=27794\" class=\"more-link\">Continue lendo <span class=\"screen-reader-text\">Projeto autoriza desafeta\u00e7\u00e3o de im\u00f3vel no Cidade Industrial<\/span> <span class=\"meta-nav\">&rarr;<\/span><\/a><\/p>\n","protected":false},"author":16,"featured_media":27796,"comment_status":"open","ping_status":"open","sticky":false,"template":"","format":"standard","meta":{"_exactmetrics_skip_tracking":false,"_exactmetrics_sitenote_active":false,"_exactmetrics_sitenote_note":"","_exactmetrics_sitenote_category":0,"footnotes":""},"categories":[27],"tags":[],"class_list":["post-27794","post","type-post","status-publish","format-standard","has-post-thumbnail","hentry","category-noticias"],"_links":{"self":[{"href":"https:\/\/www.cmc.mg.gov.br\/index.php?rest_route=\/wp\/v2\/posts\/27794","targetHints":{"allow":["GET"]}}],"collection":[{"href":"https:\/\/www.cmc.mg.gov.br\/index.php?rest_route=\/wp\/v2\/posts"}],"about":[{"href":"https:\/\/www.cmc.mg.gov.br\/index.php?rest_route=\/wp\/v2\/types\/post"}],"author":[{"embeddable":true,"href":"https:\/\/www.cmc.mg.gov.br\/index.php?rest_route=\/wp\/v2\/users\/16"}],"replies":[{"embeddable":true,"href":"https:\/\/www.cmc.mg.gov.br\/index.php?rest_route=%2Fwp%2Fv2%2Fcomments&post=27794"}],"version-history":[{"count":1,"href":"https:\/\/www.cmc.mg.gov.br\/index.php?rest_route=\/wp\/v2\/posts\/27794\/revisions"}],"predecessor-version":[{"id":27797,"href":"https:\/\/www.cmc.mg.gov.br\/index.php?rest_route=\/wp\/v2\/posts\/27794\/revisions\/27797"}],"wp:featuredmedia":[{"embeddable":true,"href":"https:\/\/www.cmc.mg.gov.br\/index.php?rest_route=\/wp\/v2\/media\/27796"}],"wp:attachment":[{"href":"https:\/\/www.cmc.mg.gov.br\/index.php?rest_route=%2Fwp%2Fv2%2Fmedia&parent=27794"}],"wp:term":[{"taxonomy":"category","embeddable":true,"href":"https:\/\/www.cmc.mg.gov.br\/index.php?rest_route=%2Fwp%2Fv2%2Fcategories&post=27794"},{"taxonomy":"post_tag","embeddable":true,"href":"https:\/\/www.cmc.mg.gov.br\/index.php?rest_route=%2Fwp%2Fv2%2Ftags&post=27794"}],"curies":[{"name":"wp","href":"https:\/\/api.w.org\/{rel}","templated":true}]}}