
{"id":27799,"date":"2025-10-15T17:46:52","date_gmt":"2025-10-15T20:46:52","guid":{"rendered":"http:\/\/www.cmc.mg.gov.br\/?p=27799"},"modified":"2025-10-15T17:53:17","modified_gmt":"2025-10-15T20:53:17","slug":"comissoes-externas-voltam-a-atuar-na-camara-apos-quatro-anos","status":"publish","type":"post","link":"https:\/\/www.cmc.mg.gov.br\/?p=27799","title":{"rendered":"Comiss\u00f5es Externas voltam a atuar na C\u00e2mara ap\u00f3s quatro anos"},"content":{"rendered":"<p style=\"text-align: justify;\">O segundo semestre Legislativo de 2025 j\u00e1 \u00e9 marcado pelo retorno das Comiss\u00f5es Externas da C\u00e2mara de Contagem, ap\u00f3s quatro anos inativas na Legislatura anterior (2021\/2024). Neste ano, foram reativadas as comiss\u00f5es do Idoso, da Crian\u00e7a e do Adolescente, de Seguran\u00e7a P\u00fablica e da Cultura.<\/p>\n<p style=\"text-align: justify;\">De acordo com o Regimento Interno da C\u00e2mara, \u201c\u00e0s Comiss\u00f5es Externas competem a fiscaliza\u00e7\u00e3o, a vigil\u00e2ncia e o controle sobre atividades definidas da administra\u00e7\u00e3o municipal\u201d, sobretudo as pol\u00edticas e sistemas desenvolvidos nas \u00e1reas tem\u00e1ticas de sua compet\u00eancia. Ao contr\u00e1rio das Comiss\u00f5es Permanentes, elas n\u00e3o s\u00e3o respons\u00e1veis pelo in\u00edcio do processo legislativo, n\u00e3o tendo como atribui\u00e7\u00e3o a emiss\u00e3o de pareceres sobre os projetos de lei; e podem ter, em sua composi\u00e7\u00e3o, membros da Mesa Diretora e da Lideran\u00e7a de Governo.<\/p>\n<p style=\"text-align: justify;\">Embora o Regimento Interno liste 14 Comiss\u00f5es Externas \u2013 todas existentes at\u00e9 o final do ano de 2020 e muitas delas de mesma tem\u00e1tica de algumas Comiss\u00f5es Permanentes \u2013 apenas quatro foram formadas neste ano, e divulgadas por meio da Portaria 14\/2025, publicada em agosto no Di\u00e1rio Oficial de Contagem.<\/p>\n<p style=\"text-align: justify;\">COMISS\u00c3O EXTERNA DO IDOSO<\/p>\n<p style=\"text-align: justify;\"><strong>Titulares<br \/>\n<\/strong>Presidente: Gl\u00f3ria da Aposentadoria (PSDB)<br \/>\nVice-Presidente: Vin\u00edcius Faria (PP)<br \/>\nRelator: Fatinha Manancial (Uni\u00e3o)<\/p>\n<p style=\"text-align: justify;\"><strong>Suplentes<br \/>\n<\/strong>Presidente: Didi (PRD)<br \/>\nVice-Presidente: Moara Saboia (PT)<br \/>\nRelator: Rodrigo do Posto (Mobiliza)<\/p>\n<p style=\"text-align: justify;\">COMISS\u00c3O EXTERNA DA CRIAN\u00c7A E DO ADOLESCENTE<\/p>\n<p style=\"text-align: justify;\"><strong>Titulares<br \/>\n<\/strong>Presidente: Tia Keyla (PL)<br \/>\nVice-Presidente: Z\u00e9 Ant\u00f4nio do Hospital (PT)<br \/>\nRelator: Rodrigo do Posto (Mobiliza)<\/p>\n<p style=\"text-align: justify;\"><strong>Suplentes<br \/>\n<\/strong>Presidente: Daniel Carvalho (PSD)<br \/>\nVice-Presidente: Moara Saboia (PT)<br \/>\nRelator: Fatinha Manancial (Uni\u00e3o)<\/p>\n<p style=\"text-align: justify;\">COMISS\u00c3O EXTERNA DE SEGURAN\u00c7A P\u00daBLICA<\/p>\n<p style=\"text-align: justify;\"><strong>Titulares<br \/>\n<\/strong>Presidente: Jos\u00e9 Carlos Gomes (Avante)<br \/>\nVice-Presidente: Z\u00e9 Ant\u00f4nio do Hospital (PT)<br \/>\nRelator: Mauricinho do Sandu\u00edche (PL)<\/p>\n<p style=\"text-align: justify;\"><strong>Suplentes<br \/>\n<\/strong>Presidente: Pastor Itamar (PRD)<br \/>\nVice-Presidente: Vin\u00edcius Faria (PP)<br \/>\nRelator: Fatinha Manancial (Uni\u00e3o)<\/p>\n<p style=\"text-align: justify;\">COMISS\u00c3O EXTERNA DE CULTURA<\/p>\n<p style=\"text-align: justify;\"><strong>Titulares<br \/>\n<\/strong>Presidente: Moara Saboia (PT)<br \/>\nVice-Presidente: Fatinha Manancial (Uni\u00e3o)<br \/>\nRelator: Junior Zica (Uni\u00e3o)<\/p>\n<p style=\"text-align: justify;\"><strong>Suplentes<br \/>\n<\/strong>Presidente: Gl\u00f3ria da Aposentadoria (PSDB)<br \/>\nVice-Presidente: Arnaldo de Oliveira (Solidariedade)<br \/>\nRelator: Z\u00e9 Ant\u00f4nio do Hospital (PT)<\/p>\n","protected":false},"excerpt":{"rendered":"<p>O segundo semestre Legislativo de 2025 j\u00e1 \u00e9 marcado pelo retorno das Comiss\u00f5es Externas da C\u00e2mara de Contagem, ap\u00f3s quatro anos inativas na Legislatura anterior (2021\/2024). Neste ano, foram reativadas as comiss\u00f5es do Idoso, da Crian\u00e7a e do Adolescente, de Seguran\u00e7a P\u00fablica e da Cultura. De acordo com o Regimento Interno da C\u00e2mara, \u201c\u00e0s Comiss\u00f5es &hellip; <a href=\"https:\/\/www.cmc.mg.gov.br\/?p=27799\" class=\"more-link\">Continue lendo <span class=\"screen-reader-text\">Comiss\u00f5es Externas voltam a atuar na C\u00e2mara ap\u00f3s quatro anos<\/span> <span class=\"meta-nav\">&rarr;<\/span><\/a><\/p>\n","protected":false},"author":3,"featured_media":27802,"comment_status":"open","ping_status":"open","sticky":false,"template":"","format":"standard","meta":{"_exactmetrics_skip_tracking":false,"_exactmetrics_sitenote_active":false,"_exactmetrics_sitenote_note":"","_exactmetrics_sitenote_category":0,"footnotes":""},"categories":[27],"tags":[],"class_list":["post-27799","post","type-post","status-publish","format-standard","has-post-thumbnail","hentry","category-noticias"],"_links":{"self":[{"href":"https:\/\/www.cmc.mg.gov.br\/index.php?rest_route=\/wp\/v2\/posts\/27799","targetHints":{"allow":["GET"]}}],"collection":[{"href":"https:\/\/www.cmc.mg.gov.br\/index.php?rest_route=\/wp\/v2\/posts"}],"about":[{"href":"https:\/\/www.cmc.mg.gov.br\/index.php?rest_route=\/wp\/v2\/types\/post"}],"author":[{"embeddable":true,"href":"https:\/\/www.cmc.mg.gov.br\/index.php?rest_route=\/wp\/v2\/users\/3"}],"replies":[{"embeddable":true,"href":"https:\/\/www.cmc.mg.gov.br\/index.php?rest_route=%2Fwp%2Fv2%2Fcomments&post=27799"}],"version-history":[{"count":1,"href":"https:\/\/www.cmc.mg.gov.br\/index.php?rest_route=\/wp\/v2\/posts\/27799\/revisions"}],"predecessor-version":[{"id":27801,"href":"https:\/\/www.cmc.mg.gov.br\/index.php?rest_route=\/wp\/v2\/posts\/27799\/revisions\/27801"}],"wp:featuredmedia":[{"embeddable":true,"href":"https:\/\/www.cmc.mg.gov.br\/index.php?rest_route=\/wp\/v2\/media\/27802"}],"wp:attachment":[{"href":"https:\/\/www.cmc.mg.gov.br\/index.php?rest_route=%2Fwp%2Fv2%2Fmedia&parent=27799"}],"wp:term":[{"taxonomy":"category","embeddable":true,"href":"https:\/\/www.cmc.mg.gov.br\/index.php?rest_route=%2Fwp%2Fv2%2Fcategories&post=27799"},{"taxonomy":"post_tag","embeddable":true,"href":"https:\/\/www.cmc.mg.gov.br\/index.php?rest_route=%2Fwp%2Fv2%2Ftags&post=27799"}],"curies":[{"name":"wp","href":"https:\/\/api.w.org\/{rel}","templated":true}]}}