
{"id":27803,"date":"2025-10-16T10:14:28","date_gmt":"2025-10-16T13:14:28","guid":{"rendered":"http:\/\/www.cmc.mg.gov.br\/?p=27803"},"modified":"2025-11-13T15:48:22","modified_gmt":"2025-11-13T18:48:22","slug":"edital-de-licitacao-no-004-2025-processo-administrativo-no-021-2025-pregao-eletronico-no-004-2025-link-de-internet-e-telefonia","status":"publish","type":"post","link":"https:\/\/www.cmc.mg.gov.br\/?p=27803","title":{"rendered":"Edital de Licita\u00e7\u00e3o n\u00ba 004\/2025 &#8211; Processo Administrativo n\u00ba 021\/2025 &#8211; Preg\u00e3o Eletr\u00f4nico n\u00ba 004\/2025 &#8211; Link de internet e telefonia"},"content":{"rendered":"<p>AVISO DE LICITA\u00c7\u00c3O \u2013 A C\u00e2mara Municipal de Contagem-MG, torna p\u00fablico para conhecimento dos interessados, que far\u00e1 realizar licita\u00e7\u00e3o na modalidade Preg\u00e3o Eletr\u00f4nico n\u00ba 004\/2025, Processo Administrativo n\u00ba 021\/2025, TIPO MENOR PRE\u00c7O, cujo o objeto \u00e9 CONTRATA\u00c7\u00c3O DE EMPRESA ESPECIALIZADA PARA PRESTA\u00c7\u00c3O DE DOIS SERVI\u00c7OS DISTINTOS: O FORNECIMENTO, INSTALA\u00c7\u00c3O E CONFIGURA\u00c7\u00c3O DE DOIS LINKS DEDICADOS DE INTERNET DE 1 GBPS, COM PROTE\u00c7\u00c3O CONTRA ATAQUES DOS\/DDOS E UMA SOLU\u00c7\u00c3O DE SEGURAN\u00c7A INTEGRADA (FIREWALL UTM\/NGFW), E A PRESTA\u00c7\u00c3O DE SERVI\u00c7O DE COMUNICA\u00c7\u00c3O MULTIM\u00cdDIA (SAAS), QUE INCLUI UMA SOLU\u00c7\u00c3O DE PABX VIRTUAL EM NUVEM BASEADA EM PROTOCOLO SIP\/VOIP, COM RAMAIS DDR E CAPACIDADE PARA TR\u00c1FEGO ILIMITADO EM LIGA\u00c7\u00d5ES LOCAIS E NACIONAIS (FIXO-FIXO E FIXO-M\u00d3VEL) PARA ATENDER AS DEMANDAS DA C\u00c2MARA MUNICIPAL DE CONTAGEM, CONFORME CONDI\u00c7\u00d5ES, QUANTIDADES E EXIG\u00caNCIAS ESTABELECIDAS NO EDITAL E SEUS ANEXOS. Data: 29 (vinte e nove) de outubro de 2025, a partir das 09h30min. Local (site): https:\/\/licitar.digital\/. Consultas ao Edital e Divulga\u00e7\u00e3o de Informa\u00e7\u00f5es: http:\/\/www.cmc.mg.gov.br e https:\/\/licitar.digital\/, ou na sala do Agente de Contrata\u00e7\u00e3o\/Comiss\u00e3o de Contrata\u00e7\u00e3o, \u00e0 Pra\u00e7a S\u00e3o Gon\u00e7alo, 18 &#8211; Centro, Contagem &#8211; MG, 32017-730. Contagem, 16 de outubro de 2025. Bruno Braga Batista &#8211; Presidente.<\/p>\n<ul>\n<li><a href=\"http:\/\/www.cmc.mg.gov.br\/wordpress\/wp-content\/uploads\/2025\/10\/EDITAL-LINK-DE-INTERNET-E-TELEFONIA.pdf\">EDITAL LINK DE INTERNET E TELEFONIA<\/a><\/li>\n<li><a href=\"http:\/\/www.cmc.mg.gov.br\/wordpress\/wp-content\/uploads\/2025\/10\/RESPOSTA-AO-PEDIDO-DE-ESCLARECIMENTO-1.pdf\" target=\"_blank\" rel=\"noopener\">RESPOSTA AO PEDIDO DE ESCLARECIMENTO 1<\/a> &#8211; 24\/10\/2025.<\/li>\n<li><a href=\"http:\/\/www.cmc.mg.gov.br\/wordpress\/wp-content\/uploads\/2025\/10\/RESPOSTA-AO-PEDIDO-DE-ESCLARECIMENTO-2.pdf\" target=\"_blank\" rel=\"noopener\">RESPOSTA AO PEDIDO DE ESCLARECIMENTO 2<\/a> &#8211; 28\/10\/2025.<\/li>\n<li><a href=\"http:\/\/www.cmc.mg.gov.br\/wordpress\/wp-content\/uploads\/2025\/10\/RESPOSTA-AO-PEDIDO-DE-ESCLARECIMENTO-3.pdf\" target=\"_blank\" rel=\"noopener\">RESPOSTA AO PEDIDO DE ESCLARECIMENTO 3<\/a> &#8211; 28\/10\/2025.<\/li>\n<li><a href=\"http:\/\/www.cmc.mg.gov.br\/wordpress\/wp-content\/uploads\/2025\/10\/RESPOSTA-AO-PEDIDO-DE-ESCLARECIMENTO-4.pdf\" target=\"_blank\" rel=\"noopener\">RESPOSTA AO PEDIDO DE ESCLARECIMENTO 4<\/a> &#8211; 28\/10\/2025.<\/li>\n<li><a href=\"http:\/\/www.cmc.mg.gov.br\/wordpress\/wp-content\/uploads\/2025\/10\/RESPOSTA-AO-PEDIDO-DE-ESCLARECIMENTO-5.pdf\" target=\"_blank\" rel=\"noopener\">RESPOSTA AO PEDIDO DE ESCLARECIMENTO 5<\/a> &#8211; 28\/10\/2025.<\/li>\n<li><a href=\"http:\/\/www.cmc.mg.gov.br\/wordpress\/wp-content\/uploads\/2025\/10\/RESPOSTA-AO-PEDIDO-DE-ESCLARECIMENTO-6.pdf\" target=\"_blank\" rel=\"noopener\">RESPOSTA AO PEDIDO DE ESCLARECIMENTO 6<\/a> &#8211; 28\/10\/2025.<\/li>\n<li><a href=\"http:\/\/www.cmc.mg.gov.br\/wordpress\/wp-content\/uploads\/2025\/10\/RESPOSTA-AO-PEDIDO-DE-ESCLARECIMENTO-7.pdf\" target=\"_blank\" rel=\"noopener\">RESPOSTA AO PEDIDO DE ESCLARECIMENTO 7<\/a> &#8211; 28\/10\/2025.<\/li>\n<li><a href=\"http:\/\/www.cmc.mg.gov.br\/wordpress\/wp-content\/uploads\/2025\/10\/RESPOSTA-AO-PEDIDO-DE-ESCLARECIMENTO-8.pdf\" target=\"_blank\" rel=\"noopener\">RESPOSTA AO PEDIDO DE ESCLARECIMENTO 8<\/a> &#8211; 28\/10\/2025.<\/li>\n<li><a href=\"http:\/\/www.cmc.mg.gov.br\/wordpress\/wp-content\/uploads\/2025\/10\/RETIFICACAO.pdf\" target=\"_blank\" rel=\"noopener\">RETIFICA\u00c7\u00c3O<\/a> &#8211; 28\/10\/2025.<\/li>\n<li><a href=\"http:\/\/www.cmc.mg.gov.br\/wordpress\/wp-content\/uploads\/PDF\/RESPOSTA_1_RECURSO_PP_004-2025.pdf\">RESPOSTA AO PEDIDO DE RECURSO 1<\/a> &#8211; 13\/11\/2025.<\/li>\n<\/ul>\n","protected":false},"excerpt":{"rendered":"<p>AVISO DE LICITA\u00c7\u00c3O \u2013 A C\u00e2mara Municipal de Contagem-MG, torna p\u00fablico para conhecimento dos interessados, que far\u00e1 realizar licita\u00e7\u00e3o na modalidade Preg\u00e3o Eletr\u00f4nico n\u00ba 004\/2025, Processo Administrativo n\u00ba 021\/2025, TIPO MENOR PRE\u00c7O, cujo o objeto \u00e9 CONTRATA\u00c7\u00c3O DE EMPRESA ESPECIALIZADA PARA PRESTA\u00c7\u00c3O DE DOIS SERVI\u00c7OS DISTINTOS: O FORNECIMENTO, INSTALA\u00c7\u00c3O E CONFIGURA\u00c7\u00c3O DE DOIS LINKS DEDICADOS &hellip; <a href=\"https:\/\/www.cmc.mg.gov.br\/?p=27803\" class=\"more-link\">Continue lendo <span class=\"screen-reader-text\">Edital de Licita\u00e7\u00e3o n\u00ba 004\/2025 &#8211; Processo Administrativo n\u00ba 021\/2025 &#8211; Preg\u00e3o Eletr\u00f4nico n\u00ba 004\/2025 &#8211; Link de internet e telefonia<\/span> <span class=\"meta-nav\">&rarr;<\/span><\/a><\/p>\n","protected":false},"author":16,"featured_media":0,"comment_status":"open","ping_status":"open","sticky":false,"template":"","format":"standard","meta":{"_exactmetrics_skip_tracking":false,"_exactmetrics_sitenote_active":false,"_exactmetrics_sitenote_note":"","_exactmetrics_sitenote_category":0,"footnotes":""},"categories":[21],"tags":[],"class_list":["post-27803","post","type-post","status-publish","format-standard","hentry","category-licitacoes"],"_links":{"self":[{"href":"https:\/\/www.cmc.mg.gov.br\/index.php?rest_route=\/wp\/v2\/posts\/27803","targetHints":{"allow":["GET"]}}],"collection":[{"href":"https:\/\/www.cmc.mg.gov.br\/index.php?rest_route=\/wp\/v2\/posts"}],"about":[{"href":"https:\/\/www.cmc.mg.gov.br\/index.php?rest_route=\/wp\/v2\/types\/post"}],"author":[{"embeddable":true,"href":"https:\/\/www.cmc.mg.gov.br\/index.php?rest_route=\/wp\/v2\/users\/16"}],"replies":[{"embeddable":true,"href":"https:\/\/www.cmc.mg.gov.br\/index.php?rest_route=%2Fwp%2Fv2%2Fcomments&post=27803"}],"version-history":[{"count":7,"href":"https:\/\/www.cmc.mg.gov.br\/index.php?rest_route=\/wp\/v2\/posts\/27803\/revisions"}],"predecessor-version":[{"id":28030,"href":"https:\/\/www.cmc.mg.gov.br\/index.php?rest_route=\/wp\/v2\/posts\/27803\/revisions\/28030"}],"wp:attachment":[{"href":"https:\/\/www.cmc.mg.gov.br\/index.php?rest_route=%2Fwp%2Fv2%2Fmedia&parent=27803"}],"wp:term":[{"taxonomy":"category","embeddable":true,"href":"https:\/\/www.cmc.mg.gov.br\/index.php?rest_route=%2Fwp%2Fv2%2Fcategories&post=27803"},{"taxonomy":"post_tag","embeddable":true,"href":"https:\/\/www.cmc.mg.gov.br\/index.php?rest_route=%2Fwp%2Fv2%2Ftags&post=27803"}],"curies":[{"name":"wp","href":"https:\/\/api.w.org\/{rel}","templated":true}]}}