
{"id":27822,"date":"2025-10-19T11:03:24","date_gmt":"2025-10-19T14:03:24","guid":{"rendered":"http:\/\/www.cmc.mg.gov.br\/?p=27822"},"modified":"2025-10-19T11:16:39","modified_gmt":"2025-10-19T14:16:39","slug":"19-de-outubro-dia-mundial-de-combate-ao-cancer-de-mama","status":"publish","type":"post","link":"https:\/\/www.cmc.mg.gov.br\/?p=27822","title":{"rendered":"19 de outubro: Dia Mundial de Combate ao C\u00e2ncer de Mama"},"content":{"rendered":"<p style=\"text-align: justify;\"><em>Contagem \u00e9 destaque em pol\u00edticas p\u00fablicas voltadas para a sa\u00fade da mulher.<\/em><\/p>\n<p style=\"text-align: justify;\">Tradicionalmente, todo m\u00eas de outubro a C\u00e2mara Municipal de Contagem se engaja na campanha mundial de conscientiza\u00e7\u00e3o sobre a preven\u00e7\u00e3o e o diagn\u00f3stico precoce do c\u00e2ncer de mama e do colo do \u00fatero \u2013 Outubro Rosa. Durante todo o m\u00eas, o pr\u00e9dio do Legislativo \u00e9 iluminado com a cor da campanha, e v\u00e1rias a\u00e7\u00f5es e atividades s\u00e3o realizadas para lembrar da import\u00e2ncia do autocuidado, de consultar regularmente um m\u00e9dico e do desenvolvimento e execu\u00e7\u00e3o de pol\u00edticas p\u00fablicas de sa\u00fade voltadas para as contagenses.<\/p>\n<p style=\"text-align: justify;\">Para al\u00e9m de lembrar do tema em 19 de outubro &#8211; Dia Mundial de Combate ao C\u00e2ncer de Mama \u2013 ou participar da campanha do Outubro Rosa, a C\u00e2mara de Contagem tem trabalhado no debate, proposi\u00e7\u00e3o e desenvolvimento de pol\u00edticas p\u00fablicas voltadas para a sa\u00fade da mulher.<\/p>\n<p style=\"text-align: justify;\">Recentemente, os vereadores aprovaram a <a href=\"http:\/\/legislativo.cmc.mg.gov.br:8080\/sapl\/consultas\/norma_juridica\/norma_juridica_mostrar_proc?cod_norma=4169\" target=\"_blank\" rel=\"noopener\">Lei 5526\/2024<\/a>, origin\u00e1ria de um projeto da ent\u00e3o vereadora Daisy Silva, que garante prioridade na realiza\u00e7\u00e3o de exame de mamografia em mulheres com idade a partir de 40 anos, com hist\u00f3rico familiar de c\u00e2ncer de mama ou n\u00f3dulos, em toda a rede de sa\u00fade p\u00fablica do Munic\u00edpio. A mesma prioridade deve ser aplicada a mulheres que necessitam de avalia\u00e7\u00e3o peri\u00f3dica das mamas, as que se encontram em tratamento oncol\u00f3gico mam\u00e1rio e \u00e0s que necessitam de urg\u00eancia no exame, por determina\u00e7\u00e3o m\u00e9dica.<\/p>\n<p style=\"text-align: justify;\">Outra proposi\u00e7\u00e3o importante aprovada na C\u00e2mara foi a <a href=\"http:\/\/legislativo.cmc.mg.gov.br:8080\/sapl\/consultas\/norma_juridica\/norma_juridica_mostrar_proc?cod_norma=3338\" target=\"_blank\" rel=\"noopener\">Lei 5376\/2023<\/a>, projeto da vereadora Moara Saboia, que institui a Pol\u00edtica Municipal de Sa\u00fade das Mulheres. Ela traz uma s\u00e9rie de diretrizes para a formula\u00e7\u00e3o e implementa\u00e7\u00e3o de pol\u00edticas p\u00fablicas para mulheres no sistema de sa\u00fade de Contagem, com o foco em \u201cpromover a melhoria de condi\u00e7\u00f5es de vida e sa\u00fade das mulheres, mediante garantia de direitos e amplia\u00e7\u00e3o do acesso aos meios e servi\u00e7os de promo\u00e7\u00e3o, preven\u00e7\u00e3o, assist\u00eancia e recupera\u00e7\u00e3o da sa\u00fade\u201d. Entre os objetivos espec\u00edficos, est\u00e3o: ampliar e qualificar a aten\u00e7\u00e3o cl\u00ednico-ginecol\u00f3gica e reduzir a morbimortalidade por c\u00e2ncer na popula\u00e7\u00e3o feminina.<\/p>\n<p style=\"text-align: justify;\">Ainda sobre a sa\u00fade da mulher, foram propostas debatidas e aprovadas pelo Legislativo leis que tratam da Semana da Sa\u00fade da Mulher Servidora Municipal (<a href=\"http:\/\/legislativo.cmc.mg.gov.br:8080\/sapl\/consultas\/norma_juridica\/norma_juridica_mostrar_proc?cod_norma=3243\" target=\"_blank\" rel=\"noopener\">Lei 5340\/2023<\/a>), a Pol\u00edtica Municipal de Educa\u00e7\u00e3o Preventiva e de Enfrentamento \u00e0 Endometriose (<a href=\"http:\/\/legislativo.cmc.mg.gov.br:8080\/sapl\/consultas\/norma_juridica\/norma_juridica_mostrar_proc?cod_norma=2825\" target=\"_blank\" rel=\"noopener\">Lei 5301\/2022<\/a>), Semana de Preven\u00e7\u00e3o e Combate \u00e0 Depress\u00e3o P\u00f3s-Parto (<a href=\"http:\/\/legislativo.cmc.mg.gov.br:8080\/sapl\/consultas\/norma_juridica\/norma_juridica_mostrar_proc?cod_norma=2531\" target=\"_blank\" rel=\"noopener\">Lei 5150\/2021<\/a>), e a <a href=\"http:\/\/legislativo.cmc.mg.gov.br:8080\/sapl\/consultas\/norma_juridica\/norma_juridica_mostrar_proc?cod_norma=4449\" target=\"_blank\" rel=\"noopener\">Lei 5566\/2025<\/a>, que trata dos direitos da parturiente de natimorto ser internada em \u00e1rea espec\u00edfica.<\/p>\n<p style=\"text-align: justify;\">Al\u00e9m dos projetos de lei, a C\u00e2mara tem contribu\u00eddo para a preven\u00e7\u00e3o do c\u00e2ncer de mama em Contagem com o encaminhamento de recursos todos os anos, por meio das emendas impositivas ao or\u00e7amento municipal, para o funcionamento pleno do mam\u00f3grafo m\u00f3vel, que percorre os oito distritos da cidade, garantindo o acesso de todas as mulheres que precisam do exame.<\/p>\n<p style=\"text-align: justify;\"><strong>C\u00e2ncer de Mama<\/strong><\/p>\n<p style=\"text-align: justify;\">No Brasil, o c\u00e2ncer de mama \u00e9 o tipo mais comum entre as mulheres, depois do c\u00e2ncer de pele. Segundo o Instituto Nacional do C\u00e2ncer (INCA), em 2024, a estimativa de ocorr\u00eancia foi de 73,6 mil novos casos, com um risco de 66,54 casos a cada 100 mil mulheres.<\/p>\n<p style=\"text-align: justify;\">De acordo com o Minist\u00e9rio da Sa\u00fade, aproximadamente 17% dos casos podem ser evitados com a ado\u00e7\u00e3o de h\u00e1bitos saud\u00e1veis, como a pr\u00e1tica de atividade f\u00edsica, alimenta\u00e7\u00e3o equilibrada e controle do peso, al\u00e9m da redu\u00e7\u00e3o do consumo de \u00e1lcool e cigarro.<\/p>\n<p style=\"text-align: justify;\">A preven\u00e7\u00e3o \u00e9 uma das armas mais eficazes contra o c\u00e2ncer de mama. Realizar o autoexame regularmente e agendar mamografias peri\u00f3dicas, especialmente para mulheres acima dos 40 anos, s\u00e3o atitudes fundamentais. A detec\u00e7\u00e3o precoce aumenta significativamente as chances de cura, com tratamentos menos agressivos e maior qualidade de vida para as pacientes.<\/p>\n<p style=\"text-align: justify;\">Entre os sinais mais comuns do c\u00e2ncer de mama est\u00e3o: n\u00f3dulo (caro\u00e7o) na mama ou axila; pele da mama avermelhada, parecida com casca de laranja; e sa\u00edda de l\u00edquido anormal pelos mamilos. J\u00e1 os sinais do c\u00e2ncer do colo do \u00fatero s\u00e3o: sangramento vaginal intermitente ou ap\u00f3s a rela\u00e7\u00e3o sexual; secre\u00e7\u00e3o vaginal anormal; e dor abdominal. \u00c9 de extrema import\u00e2ncia que os sintomas sejam investigados por um profissional de sa\u00fade.<\/p>\n<p style=\"text-align: justify;\">Em Contagem, al\u00e9m do mam\u00f3grafo m\u00f3vel, desde julho deste ano, o Centro de Aten\u00e7\u00e3o Especializada Iria Diniz (CAE Iria Diniz) passou a realizar mamografias de rastreamento e diagn\u00f3stico. As mulheres que se encaixam na faixa et\u00e1ria para realiza\u00e7\u00e3o do exame, devem procurar a Unidade B\u00e1sica de Sa\u00fade (UBS) de refer\u00eancia. Ap\u00f3s avalia\u00e7\u00e3o da equipe respons\u00e1vel, se necess\u00e1rio, \u00e9 realizado o encaminhamento e agendamento do dia e hor\u00e1rio do exame.<\/p>\n<p style=\"text-align: justify;\">De janeiro a outubro de 2025, o mam\u00f3grafo m\u00f3vel j\u00e1 realizou 2.509 mamografias de rastreamento. Enquanto de julho a outubro, o CAE Iria Diniz realizou 1.439 mamografias de rastreamento e 48 mamografias diagn\u00f3sticas.<\/p>\n","protected":false},"excerpt":{"rendered":"<p>Contagem \u00e9 destaque em pol\u00edticas p\u00fablicas voltadas para a sa\u00fade da mulher. Tradicionalmente, todo m\u00eas de outubro a C\u00e2mara Municipal de Contagem se engaja na campanha mundial de conscientiza\u00e7\u00e3o sobre a preven\u00e7\u00e3o e o diagn\u00f3stico precoce do c\u00e2ncer de mama e do colo do \u00fatero \u2013 Outubro Rosa. Durante todo o m\u00eas, o pr\u00e9dio do &hellip; <a href=\"https:\/\/www.cmc.mg.gov.br\/?p=27822\" class=\"more-link\">Continue lendo <span class=\"screen-reader-text\">19 de outubro: Dia Mundial de Combate ao C\u00e2ncer de Mama<\/span> <span class=\"meta-nav\">&rarr;<\/span><\/a><\/p>\n","protected":false},"author":3,"featured_media":27825,"comment_status":"open","ping_status":"open","sticky":false,"template":"","format":"standard","meta":{"_exactmetrics_skip_tracking":false,"_exactmetrics_sitenote_active":false,"_exactmetrics_sitenote_note":"","_exactmetrics_sitenote_category":0,"footnotes":""},"categories":[27],"tags":[],"class_list":["post-27822","post","type-post","status-publish","format-standard","has-post-thumbnail","hentry","category-noticias"],"_links":{"self":[{"href":"https:\/\/www.cmc.mg.gov.br\/index.php?rest_route=\/wp\/v2\/posts\/27822","targetHints":{"allow":["GET"]}}],"collection":[{"href":"https:\/\/www.cmc.mg.gov.br\/index.php?rest_route=\/wp\/v2\/posts"}],"about":[{"href":"https:\/\/www.cmc.mg.gov.br\/index.php?rest_route=\/wp\/v2\/types\/post"}],"author":[{"embeddable":true,"href":"https:\/\/www.cmc.mg.gov.br\/index.php?rest_route=\/wp\/v2\/users\/3"}],"replies":[{"embeddable":true,"href":"https:\/\/www.cmc.mg.gov.br\/index.php?rest_route=%2Fwp%2Fv2%2Fcomments&post=27822"}],"version-history":[{"count":5,"href":"https:\/\/www.cmc.mg.gov.br\/index.php?rest_route=\/wp\/v2\/posts\/27822\/revisions"}],"predecessor-version":[{"id":27829,"href":"https:\/\/www.cmc.mg.gov.br\/index.php?rest_route=\/wp\/v2\/posts\/27822\/revisions\/27829"}],"wp:featuredmedia":[{"embeddable":true,"href":"https:\/\/www.cmc.mg.gov.br\/index.php?rest_route=\/wp\/v2\/media\/27825"}],"wp:attachment":[{"href":"https:\/\/www.cmc.mg.gov.br\/index.php?rest_route=%2Fwp%2Fv2%2Fmedia&parent=27822"}],"wp:term":[{"taxonomy":"category","embeddable":true,"href":"https:\/\/www.cmc.mg.gov.br\/index.php?rest_route=%2Fwp%2Fv2%2Fcategories&post=27822"},{"taxonomy":"post_tag","embeddable":true,"href":"https:\/\/www.cmc.mg.gov.br\/index.php?rest_route=%2Fwp%2Fv2%2Ftags&post=27822"}],"curies":[{"name":"wp","href":"https:\/\/api.w.org\/{rel}","templated":true}]}}