
{"id":28002,"date":"2025-11-11T16:26:01","date_gmt":"2025-11-11T19:26:01","guid":{"rendered":"http:\/\/www.cmc.mg.gov.br\/?p=28002"},"modified":"2025-11-11T16:28:40","modified_gmt":"2025-11-11T19:28:40","slug":"projeto-pretende-garantir-emprego-e-renda-para-familias-de-pessoas-com-deficiencia","status":"publish","type":"post","link":"https:\/\/www.cmc.mg.gov.br\/?p=28002","title":{"rendered":"Projeto pretende garantir emprego e renda para m\u00e3es at\u00edpicas"},"content":{"rendered":"<p style=\"text-align: justify;\">\u201cM\u00e3es at\u00edpicas\u201d \u00e9 o termo usado para definir mulheres que criam filhos com defici\u00eancia, s\u00edndromes raras, transtornos do neurodesenvolvimento, como o autismo, ou outras condi\u00e7\u00f5es que fogem do padr\u00e3o de desenvolvimento esperado. E a express\u00e3o \u201cmaternidade at\u00edpica\u201d reflete uma trajet\u00f3ria marcada por desafios singulares, em que essas m\u00e3es assumem uma luta constante pela garantia de direitos, pela inclus\u00e3o e pelo pleno desenvolvimento de seus filhos.<\/p>\n<p style=\"text-align: justify;\">\u201cA dedica\u00e7\u00e3o necess\u00e1ria, muitas vezes, impede que essas mulheres ingressem ou permane\u00e7am no mercado de trabalho nas condi\u00e7\u00f5es tradicionais, dificultando ainda mais a sua autonomia financeira e o acesso a direitos b\u00e1sicos\u201d. Essa \u00e9 a justificativa de um projeto de lei (<a href=\"http:\/\/legislativo.cmc.mg.gov.br:8080\/sapl\/consultas\/materia\/materia_mostrar_proc?cod_materia=52935\" target=\"_blank\" rel=\"noopener\">PL 367\/2025<\/a>) aprovado nesta ter\u00e7a-feira (11\/11) na C\u00e2mara de Contagem, instituindo a Pol\u00edtica Municipal de Fomento \u00e0 Empregabilidade de M\u00e3es At\u00edpicas.<\/p>\n<p style=\"text-align: justify;\">Proposto pelo vereador Rodrigo do Posto (Mobiliza), o PL traz uma s\u00e9rie de diretrizes com o objetivo de \u201cfomentar a qualifica\u00e7\u00e3o profissional, estimular modalidades de trabalho flex\u00edvel e incentivar a realiza\u00e7\u00e3o de parcerias com a iniciativa privada, buscando romper com ciclos de exclus\u00e3o social e garantir oportunidades reais de inclus\u00e3o laboral para essas mulheres\u201d.<\/p>\n<p style=\"text-align: justify;\">De acordo com o autor do projeto, a ideia surgiu a partir de um evento realizado pelo seu mandado no \u00e2mbito da campanha institucional do \u201cAbril Azul\u201d, m\u00eas dedicado \u00e0 conscientiza\u00e7\u00e3o sobre o Transtorno do Espectro Autista (TEA) \u2013 o 1\u00ba Encontro M\u00e3es At\u00edpicas que se Abra\u00e7am.<\/p>\n<p style=\"text-align: justify;\"><a href=\"http:\/\/www.cmc.mg.gov.br\/wordpress\/wp-content\/uploads\/2025\/11\/25-11-11-plenaria-foto-cleide-amaral.jpg\"><img loading=\"lazy\" decoding=\"async\" class=\"alignright wp-image-28007\" src=\"http:\/\/www.cmc.mg.gov.br\/wordpress\/wp-content\/uploads\/2025\/11\/25-11-11-plenaria-foto-cleide-amaral.jpg\" alt=\"\" width=\"350\" height=\"272\" \/><\/a>\u201cFoi um encontro muito diferente, em que tivemos a oportunidade de ouvir essas m\u00e3es, para saber suas reais necessidades. Nessa conversa, soubemos que muitas vivem somente do aux\u00edlio BPC (<em>Benef\u00edcio de Presta\u00e7\u00e3o Continuada)<\/em>, que n\u00e3o \u00e9 suficiente. Elas precisam ter dignidade e sustentar suas fam\u00edlias e, para isso, querem ter um emprego, mas encontram muita dificuldade em ter oportunidades, pela exig\u00eancia de cuidados com os filhos\u201d, explica Rodrigo.<\/p>\n<p style=\"text-align: justify;\">Diante dessa realidade, o parlamentar destaca que \u201co objetivo do projeto \u00e9 incentivar que as empresas contratem essas m\u00e3es e que elas tenham algum tipo de flexibilidade. Afinal, as cuidadoras tamb\u00e9m precisam de cuidados. Ent\u00e3o, n\u00e3o \u00e9 apenas a quest\u00e3o da empregabilidade, mas o apoio psicol\u00f3gico, \u00e9 dar a elas mais condi\u00e7\u00f5es e recursos para cuidar de sua fam\u00edlia e da pr\u00f3pria sa\u00fade\u201d.<\/p>\n<p style=\"text-align: justify;\">Aprovado em dois turnos, com inclus\u00e3o de uma emenda da Comiss\u00e3o de Legisla\u00e7\u00e3o, Justi\u00e7a e Reda\u00e7\u00e3o Final da C\u00e2mara, o projeto segue agora para a Prefeitura de Contagem e passa a valer como lei a partir de sua publica\u00e7\u00e3o no Di\u00e1rio Oficial do Munic\u00edpio.<\/p>\n","protected":false},"excerpt":{"rendered":"<p>\u201cM\u00e3es at\u00edpicas\u201d \u00e9 o termo usado para definir mulheres que criam filhos com defici\u00eancia, s\u00edndromes raras, transtornos do neurodesenvolvimento, como o autismo, ou outras condi\u00e7\u00f5es que fogem do padr\u00e3o de desenvolvimento esperado. E a express\u00e3o \u201cmaternidade at\u00edpica\u201d reflete uma trajet\u00f3ria marcada por desafios singulares, em que essas m\u00e3es assumem uma luta constante pela garantia de &hellip; <a href=\"https:\/\/www.cmc.mg.gov.br\/?p=28002\" class=\"more-link\">Continue lendo <span class=\"screen-reader-text\">Projeto pretende garantir emprego e renda para m\u00e3es at\u00edpicas<\/span> <span class=\"meta-nav\">&rarr;<\/span><\/a><\/p>\n","protected":false},"author":3,"featured_media":28003,"comment_status":"open","ping_status":"open","sticky":false,"template":"","format":"standard","meta":{"_exactmetrics_skip_tracking":false,"_exactmetrics_sitenote_active":false,"_exactmetrics_sitenote_note":"","_exactmetrics_sitenote_category":0,"footnotes":""},"categories":[27],"tags":[],"class_list":["post-28002","post","type-post","status-publish","format-standard","has-post-thumbnail","hentry","category-noticias"],"_links":{"self":[{"href":"https:\/\/www.cmc.mg.gov.br\/index.php?rest_route=\/wp\/v2\/posts\/28002","targetHints":{"allow":["GET"]}}],"collection":[{"href":"https:\/\/www.cmc.mg.gov.br\/index.php?rest_route=\/wp\/v2\/posts"}],"about":[{"href":"https:\/\/www.cmc.mg.gov.br\/index.php?rest_route=\/wp\/v2\/types\/post"}],"author":[{"embeddable":true,"href":"https:\/\/www.cmc.mg.gov.br\/index.php?rest_route=\/wp\/v2\/users\/3"}],"replies":[{"embeddable":true,"href":"https:\/\/www.cmc.mg.gov.br\/index.php?rest_route=%2Fwp%2Fv2%2Fcomments&post=28002"}],"version-history":[{"count":4,"href":"https:\/\/www.cmc.mg.gov.br\/index.php?rest_route=\/wp\/v2\/posts\/28002\/revisions"}],"predecessor-version":[{"id":28008,"href":"https:\/\/www.cmc.mg.gov.br\/index.php?rest_route=\/wp\/v2\/posts\/28002\/revisions\/28008"}],"wp:featuredmedia":[{"embeddable":true,"href":"https:\/\/www.cmc.mg.gov.br\/index.php?rest_route=\/wp\/v2\/media\/28003"}],"wp:attachment":[{"href":"https:\/\/www.cmc.mg.gov.br\/index.php?rest_route=%2Fwp%2Fv2%2Fmedia&parent=28002"}],"wp:term":[{"taxonomy":"category","embeddable":true,"href":"https:\/\/www.cmc.mg.gov.br\/index.php?rest_route=%2Fwp%2Fv2%2Fcategories&post=28002"},{"taxonomy":"post_tag","embeddable":true,"href":"https:\/\/www.cmc.mg.gov.br\/index.php?rest_route=%2Fwp%2Fv2%2Ftags&post=28002"}],"curies":[{"name":"wp","href":"https:\/\/api.w.org\/{rel}","templated":true}]}}