
{"id":28009,"date":"2025-11-11T17:14:51","date_gmt":"2025-11-11T20:14:51","guid":{"rendered":"http:\/\/www.cmc.mg.gov.br\/?p=28009"},"modified":"2025-11-11T17:19:08","modified_gmt":"2025-11-11T20:19:08","slug":"camara-realiza-solenidade-de-cidadania-honoraria-nesta-quinta-13","status":"publish","type":"post","link":"https:\/\/www.cmc.mg.gov.br\/?p=28009","title":{"rendered":"C\u00e2mara realiza solenidade de Cidadania Honor\u00e1ria nesta quinta-feira (13)"},"content":{"rendered":"<p style=\"text-align: justify;\"><a href=\"http:\/\/www.cmc.mg.gov.br\/wordpress\/wp-content\/uploads\/2025\/11\/cid-honorario-1.png\"><img loading=\"lazy\" decoding=\"async\" class=\"alignright wp-image-28014\" src=\"http:\/\/www.cmc.mg.gov.br\/wordpress\/wp-content\/uploads\/2025\/11\/cid-honorario-1.png\" alt=\"\" width=\"350\" height=\"343\" \/><\/a>O Legislativo de Contagem realiza, nesta quinta-feira (13\/11), \u00e0s 19 horas, no Plen\u00e1rio Vereador Jos\u00e9 Cust\u00f3dio, a Solenidade de Outorga dos T\u00edtulos de Cidadania Honor\u00e1ria, em reconhecimento a pessoas que n\u00e3o nasceram em Contagem, mas contribu\u00edram de forma significativa para o seu desenvolvimento socioecon\u00f4mico.<\/p>\n<p style=\"text-align: justify;\">A solenidade ser\u00e1 transmitida ao vivo pelos perfis institucionais da C\u00e2mara no Instagram, no YouTube e no Facebook.<\/p>\n<p>&nbsp;<\/p>\n<p>&nbsp;<\/p>\n<p>&nbsp;<\/p>\n","protected":false},"excerpt":{"rendered":"<p>O Legislativo de Contagem realiza, nesta quinta-feira (13\/11), \u00e0s 19 horas, no Plen\u00e1rio Vereador Jos\u00e9 Cust\u00f3dio, a Solenidade de Outorga dos T\u00edtulos de Cidadania Honor\u00e1ria, em reconhecimento a pessoas que n\u00e3o nasceram em Contagem, mas contribu\u00edram de forma significativa para o seu desenvolvimento socioecon\u00f4mico. A solenidade ser\u00e1 transmitida ao vivo pelos perfis institucionais da C\u00e2mara &hellip; <a href=\"https:\/\/www.cmc.mg.gov.br\/?p=28009\" class=\"more-link\">Continue lendo <span class=\"screen-reader-text\">C\u00e2mara realiza solenidade de Cidadania Honor\u00e1ria nesta quinta-feira (13)<\/span> <span class=\"meta-nav\">&rarr;<\/span><\/a><\/p>\n","protected":false},"author":3,"featured_media":28016,"comment_status":"open","ping_status":"open","sticky":false,"template":"","format":"standard","meta":{"_exactmetrics_skip_tracking":false,"_exactmetrics_sitenote_active":false,"_exactmetrics_sitenote_note":"","_exactmetrics_sitenote_category":0,"footnotes":""},"categories":[27],"tags":[],"class_list":["post-28009","post","type-post","status-publish","format-standard","has-post-thumbnail","hentry","category-noticias"],"_links":{"self":[{"href":"https:\/\/www.cmc.mg.gov.br\/index.php?rest_route=\/wp\/v2\/posts\/28009","targetHints":{"allow":["GET"]}}],"collection":[{"href":"https:\/\/www.cmc.mg.gov.br\/index.php?rest_route=\/wp\/v2\/posts"}],"about":[{"href":"https:\/\/www.cmc.mg.gov.br\/index.php?rest_route=\/wp\/v2\/types\/post"}],"author":[{"embeddable":true,"href":"https:\/\/www.cmc.mg.gov.br\/index.php?rest_route=\/wp\/v2\/users\/3"}],"replies":[{"embeddable":true,"href":"https:\/\/www.cmc.mg.gov.br\/index.php?rest_route=%2Fwp%2Fv2%2Fcomments&post=28009"}],"version-history":[{"count":4,"href":"https:\/\/www.cmc.mg.gov.br\/index.php?rest_route=\/wp\/v2\/posts\/28009\/revisions"}],"predecessor-version":[{"id":28017,"href":"https:\/\/www.cmc.mg.gov.br\/index.php?rest_route=\/wp\/v2\/posts\/28009\/revisions\/28017"}],"wp:featuredmedia":[{"embeddable":true,"href":"https:\/\/www.cmc.mg.gov.br\/index.php?rest_route=\/wp\/v2\/media\/28016"}],"wp:attachment":[{"href":"https:\/\/www.cmc.mg.gov.br\/index.php?rest_route=%2Fwp%2Fv2%2Fmedia&parent=28009"}],"wp:term":[{"taxonomy":"category","embeddable":true,"href":"https:\/\/www.cmc.mg.gov.br\/index.php?rest_route=%2Fwp%2Fv2%2Fcategories&post=28009"},{"taxonomy":"post_tag","embeddable":true,"href":"https:\/\/www.cmc.mg.gov.br\/index.php?rest_route=%2Fwp%2Fv2%2Ftags&post=28009"}],"curies":[{"name":"wp","href":"https:\/\/api.w.org\/{rel}","templated":true}]}}