
{"id":28215,"date":"2025-12-04T17:05:54","date_gmt":"2025-12-04T20:05:54","guid":{"rendered":"http:\/\/www.cmc.mg.gov.br\/?p=28215"},"modified":"2025-12-04T17:14:12","modified_gmt":"2025-12-04T20:14:12","slug":"gestantes-ganham-mais-um-aliado-para-gravidez-segura-em-contagem","status":"publish","type":"post","link":"https:\/\/www.cmc.mg.gov.br\/?p=28215","title":{"rendered":"Gestantes ganham mais um aliado para gravidez segura em Contagem"},"content":{"rendered":"<p style=\"text-align: justify;\">Em meio ao compromisso p\u00fablico de prote\u00e7\u00e3o \u00e0 sa\u00fade materno-infantil e de promo\u00e7\u00e3o \u00e0 informa\u00e7\u00e3o, acolhimento e preven\u00e7\u00e3o, os vereadores de Contagem aprovaram, nesta semana, o <a href=\"http:\/\/legislativo.cmc.mg.gov.br:8080\/sapl\/consultas\/materia\/materia_mostrar_proc?cod_materia=51918\" target=\"_blank\" rel=\"noopener\">Projeto de Lei 312\/2025<\/a>, que institui o Programa Gravidez Segura de Preven\u00e7\u00e3o \u00e0 S\u00edndrome Alco\u00f3lica Fetal (SAF).\u00a0 Trata-se de um conjunto de anomalias cong\u00eanitas e dificuldades de desenvolvimento que ocorrem em crian\u00e7as cujas m\u00e3es consumiram \u00e1lcool durante a gravidez.<\/p>\n<p style=\"text-align: justify;\">Proposta pelo vereador Mauricinho do Sandu\u00edche (PL), a iniciativa nasce como um gesto de aten\u00e7\u00e3o \u00e0s fam\u00edlias, mirando n\u00e3o apenas a sa\u00fade das gestantes, mas tamb\u00e9m o futuro das crian\u00e7as que chegam ao mundo e dependem, desde antes do primeiro suspiro, do cuidado coletivo que a cidade busca oferecer.<\/p>\n<p style=\"text-align: justify;\">\u201cEstudos demonstram que o trabalho preventivo, com a conscientiza\u00e7\u00e3o e o acompanhamento adequado de gestantes, \u00e9 essencial para a preven\u00e7\u00e3o da SAF. Esse projeto de lei visa, principalmente, conscientizar que a \u00fanica forma de prevenir a SAF \u00e9 evitar o consumo de \u00e1lcool durante a gravidez. N\u00e3o existe uma quantidade segura de \u00e1lcool que possa ser ingerida durante a gesta\u00e7\u00e3o\u201d, destaca o autor, em texto que acompanha a mat\u00e9ria.<\/p>\n<p style=\"text-align: justify;\"><a href=\"http:\/\/www.cmc.mg.gov.br\/wordpress\/wp-content\/uploads\/2025\/12\/25-12-03-plenaria-foto-cleide-amaral.jpg\"><img loading=\"lazy\" decoding=\"async\" class=\"alignright wp-image-28219\" src=\"http:\/\/www.cmc.mg.gov.br\/wordpress\/wp-content\/uploads\/2025\/12\/25-12-03-plenaria-foto-cleide-amaral.jpg\" alt=\"\" width=\"350\" height=\"212\" \/><\/a>Aprovado por unanimidade, com acr\u00e9scimo de uma emenda da Comiss\u00e3o de Legisla\u00e7\u00e3o, Constitui\u00e7\u00e3o e Justi\u00e7a da C\u00e2mara, o projeto traz, como diretrizes do Programa, a preven\u00e7\u00e3o \u00e0 S\u00edndrome Alco\u00f3lica Fetal; orienta\u00e7\u00e3o educativa sobre os riscos do consumo de \u00e1lcool e subst\u00e2ncias psicoativas durante a gesta\u00e7\u00e3o; e articula\u00e7\u00e3o com os demais programas municipais de sa\u00fade p\u00fablica.<\/p>\n<p style=\"text-align: justify;\">Ap\u00f3s a vota\u00e7\u00e3o, Mauricinho do Sanduiche agradeceu aos demais vereadores pela aprova\u00e7\u00e3o do projeto e ressaltou que tem a expectativa de que a nova lei seja sancionada para contribuir com m\u00e3es e beb\u00eas no per\u00edodo pr\u00e9-natal.<\/p>\n<p style=\"text-align: justify;\">\u201cEspero que a nova lei seja aplicada, porque precisamos cuidar das nossas gestantes. Temos a obriga\u00e7\u00e3o, enquanto poder p\u00fablico, de orientar as gestantes, principalmente aquelas que t\u00eam v\u00edcios, porque as crian\u00e7as podem nascer com problemas f\u00edsicos e neurol\u00f3gicos irrevers\u00edveis. A melhor preven\u00e7\u00e3o vem da informa\u00e7\u00e3o e da educa\u00e7\u00e3o, para que a gesta\u00e7\u00e3o seja segura e os beb\u00eas possam nascer sadios e com vida em abund\u00e2ncia\u201d, destacou o parlamentar.<\/p>\n<p style=\"text-align: justify;\">O vereador Rodrigo do Posto (Mobiliza), que \u00e9 profissional de sa\u00fade, parabenizou o autor pelo projeto. \u201cN\u00f3s, que somos da \u00e1rea, sabemos os riscos de ingest\u00e3o de \u00e1lcool e outras drogas durante a gesta\u00e7\u00e3o, que pode causar, inclusive, a prematuridade e at\u00e9 o aborto. Ent\u00e3o, acolher as m\u00e3es e dar orienta\u00e7\u00e3o e tratamento \u00e9 necess\u00e1rio para garantir a sa\u00fade da crian\u00e7a\u201d, explicou.<\/p>\n<p style=\"text-align: justify;\">A proposi\u00e7\u00e3o segue agora para san\u00e7\u00e3o do Executivo, que poder\u00e1 regulamentar a nova lei em rela\u00e7\u00e3o \u00e0s campanhas de preven\u00e7\u00e3o e a\u00e7\u00f5es nas unidades de sa\u00fade durante o acompanhamento pr\u00e9-natal. Em caso de veto, a mat\u00e9ria volta para nova rodada de vota\u00e7\u00e3o na C\u00e2mara Municipal.<\/p>\n","protected":false},"excerpt":{"rendered":"<p>Em meio ao compromisso p\u00fablico de prote\u00e7\u00e3o \u00e0 sa\u00fade materno-infantil e de promo\u00e7\u00e3o \u00e0 informa\u00e7\u00e3o, acolhimento e preven\u00e7\u00e3o, os vereadores de Contagem aprovaram, nesta semana, o Projeto de Lei 312\/2025, que institui o Programa Gravidez Segura de Preven\u00e7\u00e3o \u00e0 S\u00edndrome Alco\u00f3lica Fetal (SAF).\u00a0 Trata-se de um conjunto de anomalias cong\u00eanitas e dificuldades de desenvolvimento que &hellip; <a href=\"https:\/\/www.cmc.mg.gov.br\/?p=28215\" class=\"more-link\">Continue lendo <span class=\"screen-reader-text\">Gestantes ganham mais um aliado para gravidez segura em Contagem<\/span> <span class=\"meta-nav\">&rarr;<\/span><\/a><\/p>\n","protected":false},"author":3,"featured_media":28216,"comment_status":"open","ping_status":"open","sticky":false,"template":"","format":"standard","meta":{"_exactmetrics_skip_tracking":false,"_exactmetrics_sitenote_active":false,"_exactmetrics_sitenote_note":"","_exactmetrics_sitenote_category":0,"footnotes":""},"categories":[27],"tags":[],"class_list":["post-28215","post","type-post","status-publish","format-standard","has-post-thumbnail","hentry","category-noticias"],"_links":{"self":[{"href":"https:\/\/www.cmc.mg.gov.br\/index.php?rest_route=\/wp\/v2\/posts\/28215","targetHints":{"allow":["GET"]}}],"collection":[{"href":"https:\/\/www.cmc.mg.gov.br\/index.php?rest_route=\/wp\/v2\/posts"}],"about":[{"href":"https:\/\/www.cmc.mg.gov.br\/index.php?rest_route=\/wp\/v2\/types\/post"}],"author":[{"embeddable":true,"href":"https:\/\/www.cmc.mg.gov.br\/index.php?rest_route=\/wp\/v2\/users\/3"}],"replies":[{"embeddable":true,"href":"https:\/\/www.cmc.mg.gov.br\/index.php?rest_route=%2Fwp%2Fv2%2Fcomments&post=28215"}],"version-history":[{"count":4,"href":"https:\/\/www.cmc.mg.gov.br\/index.php?rest_route=\/wp\/v2\/posts\/28215\/revisions"}],"predecessor-version":[{"id":28222,"href":"https:\/\/www.cmc.mg.gov.br\/index.php?rest_route=\/wp\/v2\/posts\/28215\/revisions\/28222"}],"wp:featuredmedia":[{"embeddable":true,"href":"https:\/\/www.cmc.mg.gov.br\/index.php?rest_route=\/wp\/v2\/media\/28216"}],"wp:attachment":[{"href":"https:\/\/www.cmc.mg.gov.br\/index.php?rest_route=%2Fwp%2Fv2%2Fmedia&parent=28215"}],"wp:term":[{"taxonomy":"category","embeddable":true,"href":"https:\/\/www.cmc.mg.gov.br\/index.php?rest_route=%2Fwp%2Fv2%2Fcategories&post=28215"},{"taxonomy":"post_tag","embeddable":true,"href":"https:\/\/www.cmc.mg.gov.br\/index.php?rest_route=%2Fwp%2Fv2%2Ftags&post=28215"}],"curies":[{"name":"wp","href":"https:\/\/api.w.org\/{rel}","templated":true}]}}