
{"id":28251,"date":"2025-12-08T13:35:06","date_gmt":"2025-12-08T16:35:06","guid":{"rendered":"http:\/\/www.cmc.mg.gov.br\/?p=28251"},"modified":"2025-12-08T13:35:06","modified_gmt":"2025-12-08T16:35:06","slug":"laco-branco-o-compromisso-dos-homens-pelo-fim-da-violencia-contra-a-mulher","status":"publish","type":"post","link":"https:\/\/www.cmc.mg.gov.br\/?p=28251","title":{"rendered":"La\u00e7o Branco: o compromisso dos homens pelo fim da viol\u00eancia contra a mulher"},"content":{"rendered":"<p style=\"text-align: justify;\">A viol\u00eancia ainda faz parte da realidade de muitas brasileiras. De acordo com pesquisa do Instituto DataSenado, 3,7 milh\u00f5es de mulheres sofreram algum tipo de agress\u00e3o em 2025. O n\u00famero quase triplica quando consideradas outras formas de viol\u00eancia, como as praticadas em ambientes digitais. Nesses espa\u00e7os, quase 9 milh\u00f5es de mulheres relataram ter sido v\u00edtimas de ataques, entre eles mensagens ofensivas e amea\u00e7adoras, invas\u00e3o de contas e dispositivos pessoais, al\u00e9m da divulga\u00e7\u00e3o de informa\u00e7\u00f5es falsas nas redes sociais.<\/p>\n<p style=\"text-align: justify;\">\n<p style=\"text-align: justify;\" data-start=\"756\" data-end=\"1194\">Essa realidade tem levado o poder p\u00fablico e a sociedade civil a organizarem a\u00e7\u00f5es com a finalidade de p\u00f4r fim \u00e0 viol\u00eancia contra a mulher. A Lei Maria da Penha (Lei n\u00ba 11.340\/2006), a cria\u00e7\u00e3o de conselhos de pol\u00edticas para as mulheres nas esferas municipal, estadual e nacional, a instala\u00e7\u00e3o de delegacias especializadas e a realiza\u00e7\u00e3o de campanhas por movimentos sociais e institui\u00e7\u00f5es p\u00fablicas e privadas s\u00e3o exemplos desse compromisso.<\/p>\n<p style=\"text-align: justify;\" data-start=\"1196\" data-end=\"1720\">\n<p style=\"text-align: justify;\" data-start=\"1196\" data-end=\"1720\">Somando-se a essas iniciativas, a campanha La\u00e7o Branco tem como diferencial o engajamento dos homens pelo fim da viol\u00eancia contra a mulher. A mobiliza\u00e7\u00e3o tem in\u00edcio em 6 de dezembro, data que corresponde ao Dia Nacional de Mobiliza\u00e7\u00e3o dos Homens pelo Fim da Viol\u00eancia contra as Mulheres, institu\u00eddo pela Lei n\u00ba 11.489, de 2007. A escolha do dia remete ao massacre ocorrido na Escola Polit\u00e9cnica de Montreal (Canad\u00e1), em 6 de dezembro de 1989, quando 14 mulheres foram assassinadas por um homem movido por \u00f3dio de g\u00eanero.<\/p>\n<p style=\"text-align: justify;\" data-start=\"1196\" data-end=\"1720\">\n<figure id=\"attachment_28253\" aria-describedby=\"caption-attachment-28253\" style=\"width: 254px\" class=\"wp-caption alignleft\"><a href=\"http:\/\/www.cmc.mg.gov.br\/wordpress\/wp-content\/uploads\/2025\/12\/WhatsApp-Image-2025-12-08-at-13.21.22.jpeg\"><img loading=\"lazy\" decoding=\"async\" class=\"wp-image-28253\" src=\"http:\/\/www.cmc.mg.gov.br\/wordpress\/wp-content\/uploads\/2025\/12\/WhatsApp-Image-2025-12-08-at-13.21.22.jpeg\" alt=\"\" width=\"254\" height=\"169\" \/><\/a><figcaption id=\"caption-attachment-28253\" class=\"wp-caption-text\"><em>Vereador Denilson da JUC (Mobiliza). Foto: Cleide Amaral.<\/em><\/figcaption><\/figure>\n<p style=\"text-align: justify;\" data-start=\"1196\" data-end=\"1720\">O crime impulsionou a mobiliza\u00e7\u00e3o masculina em defesa da causa. No primeiro ano da campanha, foram distribu\u00eddos cerca de 100 mil la\u00e7os brancos, sobretudo entre 25 de novembro e 6 de dezembro. Desde ent\u00e3o, a iniciativa tem se fortalecido em diversos espa\u00e7os. Em Contagem, foi promulgada neste ano a Lei n\u00ba 5.580\/2025, de autoria do vereador Denilson da JUC, que institui o Dia Municipal de Mobiliza\u00e7\u00e3o dos Homens pelo Fim da Viol\u00eancia contra as Mulheres.<\/p>\n<p style=\"text-align: justify;\" data-start=\"1196\" data-end=\"1720\">\n<p style=\"text-align: justify;\" data-start=\"1196\" data-end=\"1720\">De acordo com o parlamentar, trata-se de uma luta que n\u00e3o deve ser \u201capenas das mulheres, mas sim uma luta coletiva, especialmente nossa, dos homens, que precisamos assumir o compromisso ativo de desconstruir comportamentos machistas e promover uma cultura de respeito, igualdade e paz\u201d. Segundo ele, a inclus\u00e3o da data no calend\u00e1rio oficial do munic\u00edpio cria oportunidade para a realiza\u00e7\u00e3o de \u201ca\u00e7\u00f5es educativas, campanhas de conscientiza\u00e7\u00e3o e engajamento da sociedade como um todo, na preven\u00e7\u00e3o e no enfrentamento da viol\u00eancia contra a mulher\u201d.<\/p>\n<p style=\"text-align: justify;\" data-start=\"1196\" data-end=\"1720\">\n<p style=\"text-align: justify;\" data-start=\"1196\" data-end=\"1720\">A atua\u00e7\u00e3o do Legislativo municipal tamb\u00e9m se reflete em outras iniciativas. Nas reuni\u00f5es plen\u00e1rias dos dias 25 de novembro e 2 de dezembro, a C\u00e2mara recebeu, na Tribuna Livre, representantes do Conselho Municipal da Mulher e do Comit\u00ea Interinstitucional de Enfrentamento \u00e0 Viol\u00eancia contra a Mulher de Contagem, que apresentaram dados, a\u00e7\u00f5es do poder p\u00fablico e debateram o tema com os parlamentares. Al\u00e9m disso, vereadores e servidores passaram a utilizar o la\u00e7o branco em reuni\u00f5es, como forma de refor\u00e7ar o simbolismo da campanha e a import\u00e2ncia da causa.<\/p>\n<p style=\"text-align: justify;\" data-start=\"1196\" data-end=\"1720\">\n<p style=\"text-align: justify;\" data-start=\"1196\" data-end=\"1720\">O compromisso de parlamentares homens da C\u00e2mara de Contagem tamb\u00e9m se expressa por meio da apresenta\u00e7\u00e3o de projetos que, al\u00e9m de combaterem a viol\u00eancia de g\u00eanero, buscam ampliar a autonomia das mulheres. Este ano, foram aprovados na Casa e aguardam san\u00e7\u00e3o da prefeita Mar\u00edlia Campos (PT): a Pol\u00edtica Municipal de Fomento \u00e0 Empregabilidade de M\u00e3es At\u00edpicas (PL n\u00ba 367\/2025, de autoria de Rodrigo do Posto); o Programa de Incentivo ao Emprego de M\u00e3es Solo (PL n\u00ba 296\/2025, de Pedro Luiz); e o Programa de Preven\u00e7\u00e3o \u00e0 Gravidez Precoce e Incentivo ao Planejamento Familiar (PL n\u00ba 48\/2025, de Daniel Carvalho).<\/p>\n<p style=\"text-align: justify;\" data-start=\"1196\" data-end=\"1720\">\n<p style=\"text-align: justify;\" data-start=\"1196\" data-end=\"1720\">Outras mat\u00e9rias j\u00e1 foram sancionadas e passaram a integrar a legisla\u00e7\u00e3o do munic\u00edpio, como a Lei n\u00ba 5.568\/2025, que disp\u00f5e sobre a prioridade de mulheres v\u00edtimas de viol\u00eancia dom\u00e9stica em programas sociais e habitacionais (Daniel Carvalho); a Lei n\u00ba 5.563\/2025, que institui o Dia Municipal da Mulher Advogada (Daniel Carvalho); a Lei n\u00ba 5.667\/2025, que cria o M\u00eas do Luto Gestacional, Neonatal e Infantil (Adilson Lamounier); a Lei n\u00ba 5.585\/2025, que amplia a veda\u00e7\u00e3o de agressores em cargos p\u00fablicos (Daniel Carvalho); a Lei n\u00ba 5.586\/2025, que institui o M\u00eas Maio Furta-Cor, voltado \u00e0 sa\u00fade mental materna (Daniel Carvalho e Silvinha Dudu); e a Lei n\u00ba 5.558\/2025, que estabelece matr\u00edcula priorit\u00e1ria para mulheres v\u00edtimas de viol\u00eancia dom\u00e9stica na rede municipal de ensino (Daniel Carvalho).<\/p>\n<p style=\"text-align: justify;\" data-start=\"1196\" data-end=\"1720\">\n<figure id=\"attachment_28254\" aria-describedby=\"caption-attachment-28254\" style=\"width: 260px\" class=\"wp-caption alignright\"><a href=\"http:\/\/www.cmc.mg.gov.br\/wordpress\/wp-content\/uploads\/2025\/12\/WhatsApp-Image-2025-12-08-at-13.23.17.jpeg\"><img loading=\"lazy\" decoding=\"async\" class=\"wp-image-28254\" src=\"http:\/\/www.cmc.mg.gov.br\/wordpress\/wp-content\/uploads\/2025\/12\/WhatsApp-Image-2025-12-08-at-13.23.17.jpeg\" alt=\"\" width=\"260\" height=\"173\" \/><\/a><figcaption id=\"caption-attachment-28254\" class=\"wp-caption-text\">Vereador Daniel Carvalho (PSD). Foto: Cleide Amaral.<\/figcaption><\/figure>\n<p style=\"text-align: justify;\" data-start=\"1196\" data-end=\"1720\">Para o vereador Daniel Carvalho (PSD), \u00e9 necess\u00e1rio ampliar o envolvimento dos homens nesse debate. \u201cA gente vem de d\u00e9cadas vivendo essa quest\u00e3o do machismo, e muitos homens acham que s\u00e3o donos das mulheres. As mulheres andam nas ruas com medo. Muitas s\u00e3o assassinadas, n\u00e3o se sentem seguras no transporte p\u00fablico, sofrem ass\u00e9dio e viol\u00eancia, inclusive no ambiente virtual. Sou homem, mas tamb\u00e9m sou filho, tenho m\u00e3e, companheira e filha, e gostaria muito que mais homens se interessassem por esse debate\u201d, afirmou. O parlamentar tamb\u00e9m tem defendido, nas plen\u00e1rias, a cria\u00e7\u00e3o de um fundo municipal voltado \u00e0s mulheres, com o objetivo de viabilizar financeiramente projetos de valoriza\u00e7\u00e3o e prote\u00e7\u00e3o.<\/p>\n<p style=\"text-align: justify;\" data-start=\"1196\" data-end=\"1720\">\n<figure id=\"attachment_28255\" aria-describedby=\"caption-attachment-28255\" style=\"width: 163px\" class=\"wp-caption alignleft\"><a href=\"http:\/\/www.cmc.mg.gov.br\/wordpress\/wp-content\/uploads\/2025\/12\/WhatsApp-Image-2025-12-08-at-13.22.09.jpeg\"><img loading=\"lazy\" decoding=\"async\" class=\"wp-image-28255\" src=\"http:\/\/www.cmc.mg.gov.br\/wordpress\/wp-content\/uploads\/2025\/12\/WhatsApp-Image-2025-12-08-at-13.22.09.jpeg\" alt=\"\" width=\"163\" height=\"245\" \/><\/a><figcaption id=\"caption-attachment-28255\" class=\"wp-caption-text\"><em>Vereadora Carol do Teteco (MDB). Foto: Cleide Amaral.<\/em><\/figcaption><\/figure>\n<p style=\"text-align: justify;\" data-start=\"1196\" data-end=\"1720\">Segundo a presidente da Procuradoria da Mulher da C\u00e2mara de Contagem, Carol do Teteco, a mobiliza\u00e7\u00e3o dos homens \u00e9 fundamental. \u201cO apoio dos homens \u00e9 de grande relev\u00e2ncia para n\u00f3s, mulheres. A viol\u00eancia contra a mulher n\u00e3o \u00e9 um problema exclusivo das mulheres, mas de toda a sociedade. Que cada homem possa, nos espa\u00e7os em que atua, agir de forma a evitar que esse tipo de comportamento se repita. Que possamos, juntos, mulheres e homens, promover leis e projetos que protejam as mulheres e transformem pensamentos e comportamentos que perpetuam a viol\u00eancia\u201d, destacou.<\/p>\n<p style=\"text-align: justify;\" data-start=\"1196\" data-end=\"1720\">\n<p data-start=\"1196\" data-end=\"1720\">\n<p data-start=\"1196\" data-end=\"1720\">\n<p data-start=\"1196\" data-end=\"1720\">\n<p data-start=\"1196\" data-end=\"1720\">\n<p style=\"text-align: justify;\"><strong>Orienta\u00e7\u00e3o \u00e0 popula\u00e7\u00e3o<\/strong><\/p>\n<p style=\"text-align: justify;\">\n<p style=\"text-align: justify;\">Se voc\u00ea \u00e9 v\u00edtima de viol\u00eancia ou conhece alguma mulher que esteja passando por essa situa\u00e7\u00e3o, <strong>ligue 180<\/strong> e solicite orienta\u00e7\u00f5es na Central de Atendimento \u00e0 Mulher. O servi\u00e7o oferece informa\u00e7\u00f5es sobre leis, direitos e servi\u00e7os da rede de atendimento, al\u00e9m de registrar e encaminhar den\u00fancias aos \u00f3rg\u00e3os competentes. Em casos de emerg\u00eancia, acione a Pol\u00edcia Militar pelo 190.<\/p>\n<p style=\"text-align: justify;\" data-start=\"1196\" data-end=\"1720\">\n<p style=\"text-align: justify;\" data-start=\"1196\" data-end=\"1720\">\n<p data-start=\"1196\" data-end=\"1720\">\n<p data-start=\"1196\" data-end=\"1720\">\n<p data-start=\"1196\" data-end=\"1720\">\n<p data-start=\"1196\" data-end=\"1720\">\n","protected":false},"excerpt":{"rendered":"<p>A viol\u00eancia ainda faz parte da realidade de muitas brasileiras. De acordo com pesquisa do Instituto DataSenado, 3,7 milh\u00f5es de mulheres sofreram algum tipo de agress\u00e3o em 2025. O n\u00famero quase triplica quando consideradas outras formas de viol\u00eancia, como as praticadas em ambientes digitais. Nesses espa\u00e7os, quase 9 milh\u00f5es de mulheres relataram ter sido v\u00edtimas &hellip; <a href=\"https:\/\/www.cmc.mg.gov.br\/?p=28251\" class=\"more-link\">Continue lendo <span class=\"screen-reader-text\">La\u00e7o Branco: o compromisso dos homens pelo fim da viol\u00eancia contra a mulher<\/span> <span class=\"meta-nav\">&rarr;<\/span><\/a><\/p>\n","protected":false},"author":16,"featured_media":28252,"comment_status":"open","ping_status":"open","sticky":false,"template":"","format":"standard","meta":{"_exactmetrics_skip_tracking":false,"_exactmetrics_sitenote_active":false,"_exactmetrics_sitenote_note":"","_exactmetrics_sitenote_category":0,"footnotes":""},"categories":[27],"tags":[],"class_list":["post-28251","post","type-post","status-publish","format-standard","has-post-thumbnail","hentry","category-noticias"],"_links":{"self":[{"href":"https:\/\/www.cmc.mg.gov.br\/index.php?rest_route=\/wp\/v2\/posts\/28251","targetHints":{"allow":["GET"]}}],"collection":[{"href":"https:\/\/www.cmc.mg.gov.br\/index.php?rest_route=\/wp\/v2\/posts"}],"about":[{"href":"https:\/\/www.cmc.mg.gov.br\/index.php?rest_route=\/wp\/v2\/types\/post"}],"author":[{"embeddable":true,"href":"https:\/\/www.cmc.mg.gov.br\/index.php?rest_route=\/wp\/v2\/users\/16"}],"replies":[{"embeddable":true,"href":"https:\/\/www.cmc.mg.gov.br\/index.php?rest_route=%2Fwp%2Fv2%2Fcomments&post=28251"}],"version-history":[{"count":1,"href":"https:\/\/www.cmc.mg.gov.br\/index.php?rest_route=\/wp\/v2\/posts\/28251\/revisions"}],"predecessor-version":[{"id":28256,"href":"https:\/\/www.cmc.mg.gov.br\/index.php?rest_route=\/wp\/v2\/posts\/28251\/revisions\/28256"}],"wp:featuredmedia":[{"embeddable":true,"href":"https:\/\/www.cmc.mg.gov.br\/index.php?rest_route=\/wp\/v2\/media\/28252"}],"wp:attachment":[{"href":"https:\/\/www.cmc.mg.gov.br\/index.php?rest_route=%2Fwp%2Fv2%2Fmedia&parent=28251"}],"wp:term":[{"taxonomy":"category","embeddable":true,"href":"https:\/\/www.cmc.mg.gov.br\/index.php?rest_route=%2Fwp%2Fv2%2Fcategories&post=28251"},{"taxonomy":"post_tag","embeddable":true,"href":"https:\/\/www.cmc.mg.gov.br\/index.php?rest_route=%2Fwp%2Fv2%2Ftags&post=28251"}],"curies":[{"name":"wp","href":"https:\/\/api.w.org\/{rel}","templated":true}]}}