
{"id":28257,"date":"2025-12-09T14:14:55","date_gmt":"2025-12-09T17:14:55","guid":{"rendered":"http:\/\/www.cmc.mg.gov.br\/?p=28257"},"modified":"2025-12-09T14:23:43","modified_gmt":"2025-12-09T17:23:43","slug":"dezembro-verde-conheca-as-acoes-da-camara-contra-o-abandono-e-maus-tratos-aos-animais","status":"publish","type":"post","link":"https:\/\/www.cmc.mg.gov.br\/?p=28257","title":{"rendered":"Dezembro Verde: a\u00e7\u00f5es da C\u00e2mara contra o abandono e maus-tratos aos animais"},"content":{"rendered":"<p style=\"text-align: justify;\">Embora n\u00e3o haja estat\u00edsticas oficiais, estimativas da Organiza\u00e7\u00e3o Mundial da Sa\u00fade (OMS) apontam que existem cerca de 30 milh\u00f5es de animais abandonados nas ruas do Brasil. O abandono de animais \u00e9 crime desde 1998 de acordo com a Lei Federal 9.605 e, no ano de 2020, a Lei 14.064 aumentou a pena de maus-tratos, com reclus\u00e3o de dois a cinco anos, multa e proibi\u00e7\u00e3o da guarda de c\u00e3es e gatos. No entanto, o problema persiste e apresenta aumento significativo no final do ano, per\u00edodo de f\u00e9rias e festividades.<\/p>\n<p style=\"text-align: justify;\">Preocupados com essa pr\u00e1tica, os vereadores de Contagem t\u00eam, nos \u00faltimos anos, proposto e votado uma s\u00e9rie de projetos relacionados aos direitos dos animais. E uma das iniciativas nesse sentido aprovadas na C\u00e2mara foi a Lei 4991\/2019, que institui a campanha contra o abandono de animais \u2013 \u201cDezembro Verde\u201d \u2013 origin\u00e1ria de um projeto do vereador Daniel Carvalho (PSD).<\/p>\n<p style=\"text-align: justify;\">\u201cA legisla\u00e7\u00e3o tem como objetivo conscientizar a popula\u00e7\u00e3o de que o abandono de animais \u00e9 crime, al\u00e9m de ser um ato cruel e degradante que pode condenar o animal abandonado \u00e0 morte. Essa campanha deve ser realizada anualmente em dezembro, \u00e9poca em que o abandono aumenta. E estamos atentos para cobrar que a Prefeitura amplie as a\u00e7\u00f5es e atividades deste m\u00eas para conscientizar as pessoas sobre essa pr\u00e1tica cruel e criminosa\u201d, destaca o autor.<\/p>\n<p style=\"text-align: justify;\"><a href=\"http:\/\/www.cmc.mg.gov.br\/wordpress\/wp-content\/uploads\/2025\/12\/25-11-04-plenaria-foto-cleide-amaral.jpg\"><img loading=\"lazy\" decoding=\"async\" class=\"alignright wp-image-28261\" src=\"http:\/\/www.cmc.mg.gov.br\/wordpress\/wp-content\/uploads\/2025\/12\/25-11-04-plenaria-foto-cleide-amaral.jpg\" alt=\"\" width=\"350\" height=\"233\" \/><\/a>Carvalho acrescenta que o Legislativo vem refor\u00e7ando, todos os anos, a legisla\u00e7\u00e3o para coibir o abandono e os maus-tratos aos animais e buscando ampliar as pol\u00edticas p\u00fablicas sobre o assunto. Al\u00e9m disso, por reiteradas solicita\u00e7\u00f5es dos vereadores, a administra\u00e7\u00e3o municipal realizou \u201cum grande avan\u00e7o com a cria\u00e7\u00e3o, em 2023, da Superintend\u00eancia de Defesa Animal, que comp\u00f5e a estrutura da Prefeitura de Contagem, ligada \u00e0 Secretaria de Meio Ambiente, e se converte em uma inst\u00e2ncia importante para o direito dos animais\u201d.<\/p>\n<p style=\"text-align: justify;\">De acordo com o vereador, no entanto, \u201cs\u00f3 a lei n\u00e3o \u00e9 suficiente, por isso, indicamos, fiscalizamos e lutamos muito pela Superintend\u00eancia, pelo cadastro dos protetores, pelo castram\u00f3vel e pelo ve\u00edculo para a Zoonoses. Precisamos, ainda, de recursos para executar as pol\u00edticas para os animais e para realizar, por exemplo, mutir\u00f5es de castra\u00e7\u00e3o, apoio aos protetores, pol\u00edticas de posse respons\u00e1vel, veterin\u00e1rio. Por isso, proponho a efetiva\u00e7\u00e3o do Fundo Municipal de Prote\u00e7\u00e3o e Bem-Estar Animal, que j\u00e1 existe, mas n\u00e3o tem funcionado\u201d, conclui.<\/p>\n<p style=\"text-align: justify;\"><strong>A\u00e7\u00f5es da C\u00e2mara<\/strong><\/p>\n<p style=\"text-align: justify;\">A pauta da defesa dos animais tem tido grande destaque na C\u00e2mara de Contagem nos \u00faltimos anos. Entre as leis propostas e aprovadas no Legislativo, as mais recentes s\u00e3o: a <a href=\"http:\/\/www.cmc.mg.gov.br\/?p=25807\" target=\"_blank\" rel=\"noopener\">proibi\u00e7\u00e3o de abra\u00e7adeiras de nylon<\/a> em procedimentos cir\u00fargicos realizados em animais; a restri\u00e7\u00e3o \u00e0 comercializa\u00e7\u00e3o, distribui\u00e7\u00e3o, fornecimento e manuten\u00e7\u00e3o em dep\u00f3sito de <a href=\"http:\/\/www.cmc.mg.gov.br\/?p=26698\" target=\"_blank\" rel=\"noopener\">fogos de artif\u00edcio<\/a> barulhentos; e a <a href=\"http:\/\/www.cmc.mg.gov.br\/?p=26755\" target=\"_blank\" rel=\"noopener\">Semana de Conscientiza\u00e7\u00e3o<\/a> e Prote\u00e7\u00e3o dos Direitos dos Animais.<\/p>\n<p style=\"text-align: justify;\">Destacam-se tamb\u00e9m a\u00a0<a href=\"http:\/\/www.cmc.mg.gov.br\/?p=21031\">cria\u00e7\u00e3o do Conselho<\/a>\u00a0Municipal do Bem-Estar dos Animais; a institui\u00e7\u00e3o da campanha \u201c<a href=\"http:\/\/www.cmc.mg.gov.br\/?p=19357\">Abril Laranja<\/a>\u201d, de preven\u00e7\u00e3o contra a crueldade animal; a\u00a0<a href=\"http:\/\/www.cmc.mg.gov.br\/?p=19883\">proibi\u00e7\u00e3o do adestramento agressivo<\/a>\u00a0e invasivo contra animais dom\u00e9sticos; a cria\u00e7\u00e3o do\u00a0<a href=\"http:\/\/www.cmc.mg.gov.br\/?p=19357\">disque-den\u00fancia<\/a>\u00a0de viol\u00eancia contra os animais; e a obrigatoriedade de cl\u00ednicas, consult\u00f3rios e pet shops em\u00a0<a href=\"http:\/\/www.cmc.mg.gov.br\/?p=19567\">comunicar imediatamente<\/a>\u00a0\u00e0 Pol\u00edcia Militar qualquer caso constatado de maus-tratos; al\u00e9m de esses estabelecimentos serem obrigados a manterem\u00a0<a href=\"http:\/\/www.cmc.mg.gov.br\/?p=22858\">cartazes, em local vis\u00edvel<\/a>, sobre os crimes de maus-tratos e os telefones para den\u00fancia.<\/p>\n<p style=\"text-align: justify;\">Na C\u00e2mara, tamb\u00e9m tiveram origem as leis que tratam de\u00a0<a href=\"http:\/\/www.cmc.mg.gov.br\/?p=21396\">parcerias para o acolhimento<\/a>\u00a0e prote\u00e7\u00e3o dos animais; da\u00a0<a href=\"http:\/\/www.cmc.mg.gov.br\/?p=21835\">instala\u00e7\u00e3o de comedouros<\/a>\u00a0para animais de rua; da<a href=\"http:\/\/www.cmc.mg.gov.br\/?p=21012\">\u00a0divulga\u00e7\u00e3o de animais<\/a>\u00a0dispon\u00edveis na Zoonoses para ado\u00e7\u00e3o; e a lei que determina que quem cometer crime de maus-tratos contra animais deve arcar com as despesas de tratamento do animal (<a href=\"http:\/\/www.cmc.mg.gov.br\/?p=24048\">Lei 5417\/23<\/a>).<\/p>\n<p style=\"text-align: justify;\">\n","protected":false},"excerpt":{"rendered":"<p>Embora n\u00e3o haja estat\u00edsticas oficiais, estimativas da Organiza\u00e7\u00e3o Mundial da Sa\u00fade (OMS) apontam que existem cerca de 30 milh\u00f5es de animais abandonados nas ruas do Brasil. O abandono de animais \u00e9 crime desde 1998 de acordo com a Lei Federal 9.605 e, no ano de 2020, a Lei 14.064 aumentou a pena de maus-tratos, com &hellip; <a href=\"https:\/\/www.cmc.mg.gov.br\/?p=28257\" class=\"more-link\">Continue lendo <span class=\"screen-reader-text\">Dezembro Verde: a\u00e7\u00f5es da C\u00e2mara contra o abandono e maus-tratos aos animais<\/span> <span class=\"meta-nav\">&rarr;<\/span><\/a><\/p>\n","protected":false},"author":3,"featured_media":28258,"comment_status":"open","ping_status":"open","sticky":false,"template":"","format":"standard","meta":{"_exactmetrics_skip_tracking":false,"_exactmetrics_sitenote_active":false,"_exactmetrics_sitenote_note":"","_exactmetrics_sitenote_category":0,"footnotes":""},"categories":[27],"tags":[],"class_list":["post-28257","post","type-post","status-publish","format-standard","has-post-thumbnail","hentry","category-noticias"],"_links":{"self":[{"href":"https:\/\/www.cmc.mg.gov.br\/index.php?rest_route=\/wp\/v2\/posts\/28257","targetHints":{"allow":["GET"]}}],"collection":[{"href":"https:\/\/www.cmc.mg.gov.br\/index.php?rest_route=\/wp\/v2\/posts"}],"about":[{"href":"https:\/\/www.cmc.mg.gov.br\/index.php?rest_route=\/wp\/v2\/types\/post"}],"author":[{"embeddable":true,"href":"https:\/\/www.cmc.mg.gov.br\/index.php?rest_route=\/wp\/v2\/users\/3"}],"replies":[{"embeddable":true,"href":"https:\/\/www.cmc.mg.gov.br\/index.php?rest_route=%2Fwp%2Fv2%2Fcomments&post=28257"}],"version-history":[{"count":4,"href":"https:\/\/www.cmc.mg.gov.br\/index.php?rest_route=\/wp\/v2\/posts\/28257\/revisions"}],"predecessor-version":[{"id":28263,"href":"https:\/\/www.cmc.mg.gov.br\/index.php?rest_route=\/wp\/v2\/posts\/28257\/revisions\/28263"}],"wp:featuredmedia":[{"embeddable":true,"href":"https:\/\/www.cmc.mg.gov.br\/index.php?rest_route=\/wp\/v2\/media\/28258"}],"wp:attachment":[{"href":"https:\/\/www.cmc.mg.gov.br\/index.php?rest_route=%2Fwp%2Fv2%2Fmedia&parent=28257"}],"wp:term":[{"taxonomy":"category","embeddable":true,"href":"https:\/\/www.cmc.mg.gov.br\/index.php?rest_route=%2Fwp%2Fv2%2Fcategories&post=28257"},{"taxonomy":"post_tag","embeddable":true,"href":"https:\/\/www.cmc.mg.gov.br\/index.php?rest_route=%2Fwp%2Fv2%2Ftags&post=28257"}],"curies":[{"name":"wp","href":"https:\/\/api.w.org\/{rel}","templated":true}]}}