
{"id":28282,"date":"2025-12-12T12:43:33","date_gmt":"2025-12-12T15:43:33","guid":{"rendered":"http:\/\/www.cmc.mg.gov.br\/?p=28282"},"modified":"2025-12-12T12:43:33","modified_gmt":"2025-12-12T15:43:33","slug":"projeto-cria-dia-do-escritor-em-contagem","status":"publish","type":"post","link":"https:\/\/www.cmc.mg.gov.br\/?p=28282","title":{"rendered":"Projeto cria Dia do Escritor em Contagem"},"content":{"rendered":"<p style=\"text-align: justify;\">Uma cidade que valoriza a pr\u00f3pria cultura reconhece os talentos que a constroem. Com essa perspectiva, a C\u00e2mara de Contagem aprovou, na ter\u00e7a-feira (09\/12), o <a href=\"http:\/\/legislativo.cmc.mg.gov.br:8080\/sapl\/consultas\/materia\/materia_mostrar_proc?cod_materia=50511\">Projeto de Lei n\u00ba 220\/2025<\/a>, que institui o Dia do Escritor no munic\u00edpio. A proposi\u00e7\u00e3o, de autoria do vereador Denilson da Juc (Mobiliza), recebeu votos favor\u00e1veis de todos os parlamentares.<\/p>\n<p style=\"text-align: justify;\">\n<p style=\"text-align: justify;\">A data escolhida \u00e9 25 de julho, em conson\u00e2ncia com o Dia Nacional do Escritor, institu\u00eddo em 1960 pelo Minist\u00e9rio da Educa\u00e7\u00e3o e Cultura. O texto do projeto prev\u00ea a inclus\u00e3o da comemora\u00e7\u00e3o no calend\u00e1rio oficial do munic\u00edpio, o que possibilita ao Poder Executivo promover a\u00e7\u00f5es voltadas para o incentivo \u00e0 leitura, \u00e0 produ\u00e7\u00e3o liter\u00e1ria e ao reconhecimento da atua\u00e7\u00e3o de escritores locais.<\/p>\n<p style=\"text-align: justify;\">\n<figure id=\"attachment_28283\" aria-describedby=\"caption-attachment-28283\" style=\"width: 285px\" class=\"wp-caption alignleft\"><a href=\"http:\/\/www.cmc.mg.gov.br\/wordpress\/wp-content\/uploads\/2025\/12\/Foto-Cleide-Amaral-77-1.jpg\"><img loading=\"lazy\" decoding=\"async\" class=\"wp-image-28283\" src=\"http:\/\/www.cmc.mg.gov.br\/wordpress\/wp-content\/uploads\/2025\/12\/Foto-Cleide-Amaral-77-1.jpg\" alt=\"\" width=\"285\" height=\"190\" \/><\/a><figcaption id=\"caption-attachment-28283\" class=\"wp-caption-text\"><em>Vereador Denilson da Juc (Mobiliza). Foto: Cleide Amaral.<\/em><\/figcaption><\/figure>\n<p style=\"text-align: justify;\">Durante a discuss\u00e3o em segundo turno, o autor da proposta explicou que a iniciativa surgiu ap\u00f3s um encontro com escritores da Regi\u00e3o Metropolitana. Segundo Denilson, \u201ca proposta vai muito al\u00e9m de criar, simplesmente, uma data comemorativa. Ela representa o reconhecimento do papel fundamental que a literatura e os escritores desempenham na forma\u00e7\u00e3o cultural, educacional e social da nossa cidade. \u00c9 um projeto que abre as portas para a realiza\u00e7\u00e3o de feiras liter\u00e1rias, palestras, concursos, encontros com autores, atividades nas escolas e tantas outras iniciativas que podem aproximar a popula\u00e7\u00e3o do universo da literatura\u201d.<\/p>\n<p style=\"text-align: justify;\">\n<p style=\"text-align: justify;\">O vereador Arnaldo de Oliveira (SD) parabenizou o colega pela iniciativa e sugeriu que o Legislativo avalie a possibilidade de criar um evento para homenagear escritores contagenses. Ele tamb\u00e9m destacou a import\u00e2ncia de valorizar a literatura em um contexto em que o uso excessivo de telas interfere nos h\u00e1bitos de leitura, especialmente entre crian\u00e7as e adolescentes.<\/p>\n<p style=\"text-align: justify;\">\n<p style=\"text-align: justify;\">O projeto segue agora para san\u00e7\u00e3o da prefeita Mar\u00edlia Campos (PT). Havendo veto, a mat\u00e9ria retorna ao Plen\u00e1rio para nova vota\u00e7\u00e3o.<\/p>\n","protected":false},"excerpt":{"rendered":"<p>Uma cidade que valoriza a pr\u00f3pria cultura reconhece os talentos que a constroem. Com essa perspectiva, a C\u00e2mara de Contagem aprovou, na ter\u00e7a-feira (09\/12), o Projeto de Lei n\u00ba 220\/2025, que institui o Dia do Escritor no munic\u00edpio. A proposi\u00e7\u00e3o, de autoria do vereador Denilson da Juc (Mobiliza), recebeu votos favor\u00e1veis de todos os parlamentares. &hellip; <a href=\"https:\/\/www.cmc.mg.gov.br\/?p=28282\" class=\"more-link\">Continue lendo <span class=\"screen-reader-text\">Projeto cria Dia do Escritor em Contagem<\/span> <span class=\"meta-nav\">&rarr;<\/span><\/a><\/p>\n","protected":false},"author":16,"featured_media":28285,"comment_status":"open","ping_status":"open","sticky":false,"template":"","format":"standard","meta":{"_exactmetrics_skip_tracking":false,"_exactmetrics_sitenote_active":false,"_exactmetrics_sitenote_note":"","_exactmetrics_sitenote_category":0,"footnotes":""},"categories":[27],"tags":[],"class_list":["post-28282","post","type-post","status-publish","format-standard","has-post-thumbnail","hentry","category-noticias"],"_links":{"self":[{"href":"https:\/\/www.cmc.mg.gov.br\/index.php?rest_route=\/wp\/v2\/posts\/28282","targetHints":{"allow":["GET"]}}],"collection":[{"href":"https:\/\/www.cmc.mg.gov.br\/index.php?rest_route=\/wp\/v2\/posts"}],"about":[{"href":"https:\/\/www.cmc.mg.gov.br\/index.php?rest_route=\/wp\/v2\/types\/post"}],"author":[{"embeddable":true,"href":"https:\/\/www.cmc.mg.gov.br\/index.php?rest_route=\/wp\/v2\/users\/16"}],"replies":[{"embeddable":true,"href":"https:\/\/www.cmc.mg.gov.br\/index.php?rest_route=%2Fwp%2Fv2%2Fcomments&post=28282"}],"version-history":[{"count":1,"href":"https:\/\/www.cmc.mg.gov.br\/index.php?rest_route=\/wp\/v2\/posts\/28282\/revisions"}],"predecessor-version":[{"id":28286,"href":"https:\/\/www.cmc.mg.gov.br\/index.php?rest_route=\/wp\/v2\/posts\/28282\/revisions\/28286"}],"wp:featuredmedia":[{"embeddable":true,"href":"https:\/\/www.cmc.mg.gov.br\/index.php?rest_route=\/wp\/v2\/media\/28285"}],"wp:attachment":[{"href":"https:\/\/www.cmc.mg.gov.br\/index.php?rest_route=%2Fwp%2Fv2%2Fmedia&parent=28282"}],"wp:term":[{"taxonomy":"category","embeddable":true,"href":"https:\/\/www.cmc.mg.gov.br\/index.php?rest_route=%2Fwp%2Fv2%2Fcategories&post=28282"},{"taxonomy":"post_tag","embeddable":true,"href":"https:\/\/www.cmc.mg.gov.br\/index.php?rest_route=%2Fwp%2Fv2%2Ftags&post=28282"}],"curies":[{"name":"wp","href":"https:\/\/api.w.org\/{rel}","templated":true}]}}