
{"id":28555,"date":"2026-03-12T18:55:45","date_gmt":"2026-03-12T21:55:45","guid":{"rendered":"http:\/\/www.cmc.mg.gov.br\/?p=28555"},"modified":"2026-03-12T19:00:18","modified_gmt":"2026-03-12T22:00:18","slug":"camara-aprova-projeto-que-amplia-desembarque-fora-de-pontos-de-onibus-em-contagem","status":"publish","type":"post","link":"https:\/\/www.cmc.mg.gov.br\/?p=28555","title":{"rendered":"C\u00e2mara aprova projeto que amplia desembarque fora de pontos de \u00f4nibus em Contagem"},"content":{"rendered":"<p style=\"text-align: justify;\"><i>Medida amplia legisla\u00e7\u00e3o existente e busca refor\u00e7ar a seguran\u00e7a dos passageiros no per\u00edodo noturno<\/i><\/p>\n<p style=\"text-align: justify;\">Um projeto de lei aprovado nesta ter\u00e7a-feira (10\/03) pela C\u00e2mara de Contagem pretende fazer com que os ve\u00edculos de transporte coletivo de Contagem possam parar fora dos pontos de desembarque fixos, em dias e hor\u00e1rios espec\u00edficos.<\/p>\n<p style=\"text-align: justify;\">Desde 2016, considerando a <a href=\"https:\/\/leismunicipais.com.br\/a\/mg\/c\/contagem\/lei-ordinaria\/2016\/485\/4859\/lei-ordinaria-n-4859-2016-dispoe-sobre-criterios-para-desembarque-de-mulheres-fora-da-parada-de-onibus-em-periodo-noturno-dos-veiculos-de-transporte-coletivo-do-municipio-de-contagem\">Lei Municipal 4859\/2016<\/a>, os \u00f4nibus j\u00e1 s\u00e3o obrigados a permitir o desembarque de mulheres fora dos pontos regulares no per\u00edodo compreendido entre 22h e 5h. Por\u00e9m, o <a href=\"http:\/\/legislativo.cmc.mg.gov.br:8080\/sapl\/consultas\/materia\/materia_mostrar_proc?cod_materia=49185\">PL 28\/2025<\/a> aprovado esta semana, de autoria do vereador Daniel Carvalho (PSD), pretende estender o benef\u00edcio aos idosos e pessoas com defici\u00eancia.<\/p>\n<figure id=\"attachment_28556\" aria-describedby=\"caption-attachment-28556\" style=\"width: 237px\" class=\"wp-caption alignright\"><a href=\"http:\/\/www.cmc.mg.gov.br\/wordpress\/wp-content\/uploads\/2026\/03\/55140751665_1ffed50439_c.jpg\"><img loading=\"lazy\" decoding=\"async\" class=\"wp-image-28556\" src=\"http:\/\/www.cmc.mg.gov.br\/wordpress\/wp-content\/uploads\/2026\/03\/55140751665_1ffed50439_c.jpg\" alt=\"\" width=\"237\" height=\"356\" \/><\/a><figcaption id=\"caption-attachment-28556\" class=\"wp-caption-text\"><em>Para Daniel, as altera\u00e7\u00f5es tornaram a lei mais eficaz e democr\u00e1tica<\/em><\/figcaption><\/figure>\n<p style=\"text-align: justify;\">Ampliando ainda o alcance da proposta, uma emenda de autoria do vereador Z\u00e9 Ant\u00f4nio do Hospital (PT) &#8211; e assinada pela maioria dos vereadores &#8211; acrescenta ao PL 28 a possibilidade do desembarque fora dos pontos regulares a qualquer pessoa que, dentre o hor\u00e1rio estabelecido, solicite ao motorista a parada em local considerado mais seguro.<\/p>\n<p style=\"text-align: justify;\">Durante a discuss\u00e3o do projeto e da emenda, o vereador Daniel Carvalho parabenizou a ex-vereadora Isabella Filaretti, autora do projeto que deu origem \u00e0 Lei 4859\/2016, e destacou que as altera\u00e7\u00f5es feitas pelo PL 28\/2025 e a emenda, tornar\u00e3o a lei ainda mais democr\u00e1tica e eficaz.<\/p>\n<p style=\"text-align: justify;\"><b>Legisla\u00e7\u00e3o<\/b><\/p>\n<p style=\"text-align: justify;\">Em Belo Horizonte, desde 2002 existe o \u201cPrograma Ponto Fora do Ponto\u201d, estabelecido por meio de uma portaria da BHTrans. Ele autoriza a parada para passageiros fora dos pontos fixos entre 21h e 5h em dias \u00fateis, a partir das 14h aos s\u00e1bados e a qualquer hora aos domingos. Em 2016, assim como em Contagem, o munic\u00edpio de S\u00e3o Paulo aprovou a Lei 16.490\/2016, j\u00e1 estendo o direito do desembarque fora dos pontos tamb\u00e9m para os idosos.<\/p>\n<p style=\"text-align: justify;\">No \u00e2mbito estadual, a Assembleia de Minas aprovou o Projeto de Lei 3644\/2023 &#8211; posteriormente transformado na Lei Estadual 24337\/2023 &#8211; garantindo \u201cParada Segura\u201d para mulheres no per\u00edodo noturno, finais de semana e feriados. O desembarque fora dos pontos regulares \u00e9 v\u00e1lido, segundo a legisla\u00e7\u00e3o, em todo transporte coletivo metropolitano e no servi\u00e7o comercial de transporte coletivo intermunicipal rodovi\u00e1rio gerenciados pelo Estado.<\/p>\n<p style=\"text-align: justify;\">Em n\u00edvel federal, tramita na C\u00e2mara dos deputados o Projeto de Lei 3258\/2019, que altera as Leis 10.048\/2000 e 12.587\/2012, que garante a mulheres, pessoas com defici\u00eancia e idosos o direito de desembarcar fora dos locais de parada do transporte coletivo no per\u00edodo noturno. Atualmente, a proposta aguarda parecer da Comiss\u00e3o de Constitui\u00e7\u00e3o e Justi\u00e7a e de Cidadania da C\u00e2mara Federal.<\/p>\n<p>&nbsp;<\/p>\n","protected":false},"excerpt":{"rendered":"<p>Medida amplia legisla\u00e7\u00e3o existente e busca refor\u00e7ar a seguran\u00e7a dos passageiros no per\u00edodo noturno Um projeto de lei aprovado nesta ter\u00e7a-feira (10\/03) pela C\u00e2mara de Contagem pretende fazer com que os ve\u00edculos de transporte coletivo de Contagem possam parar fora dos pontos de desembarque fixos, em dias e hor\u00e1rios espec\u00edficos. Desde 2016, considerando a Lei &hellip; <a href=\"https:\/\/www.cmc.mg.gov.br\/?p=28555\" class=\"more-link\">Continue lendo <span class=\"screen-reader-text\">C\u00e2mara aprova projeto que amplia desembarque fora de pontos de \u00f4nibus em Contagem<\/span> <span class=\"meta-nav\">&rarr;<\/span><\/a><\/p>\n","protected":false},"author":2,"featured_media":28557,"comment_status":"open","ping_status":"open","sticky":false,"template":"","format":"standard","meta":{"_exactmetrics_skip_tracking":false,"_exactmetrics_sitenote_active":false,"_exactmetrics_sitenote_note":"","_exactmetrics_sitenote_category":0,"footnotes":""},"categories":[27,243],"tags":[],"class_list":["post-28555","post","type-post","status-publish","format-standard","has-post-thumbnail","hentry","category-noticias","category-novas-noticias"],"_links":{"self":[{"href":"https:\/\/www.cmc.mg.gov.br\/index.php?rest_route=\/wp\/v2\/posts\/28555","targetHints":{"allow":["GET"]}}],"collection":[{"href":"https:\/\/www.cmc.mg.gov.br\/index.php?rest_route=\/wp\/v2\/posts"}],"about":[{"href":"https:\/\/www.cmc.mg.gov.br\/index.php?rest_route=\/wp\/v2\/types\/post"}],"author":[{"embeddable":true,"href":"https:\/\/www.cmc.mg.gov.br\/index.php?rest_route=\/wp\/v2\/users\/2"}],"replies":[{"embeddable":true,"href":"https:\/\/www.cmc.mg.gov.br\/index.php?rest_route=%2Fwp%2Fv2%2Fcomments&post=28555"}],"version-history":[{"count":3,"href":"https:\/\/www.cmc.mg.gov.br\/index.php?rest_route=\/wp\/v2\/posts\/28555\/revisions"}],"predecessor-version":[{"id":28560,"href":"https:\/\/www.cmc.mg.gov.br\/index.php?rest_route=\/wp\/v2\/posts\/28555\/revisions\/28560"}],"wp:featuredmedia":[{"embeddable":true,"href":"https:\/\/www.cmc.mg.gov.br\/index.php?rest_route=\/wp\/v2\/media\/28557"}],"wp:attachment":[{"href":"https:\/\/www.cmc.mg.gov.br\/index.php?rest_route=%2Fwp%2Fv2%2Fmedia&parent=28555"}],"wp:term":[{"taxonomy":"category","embeddable":true,"href":"https:\/\/www.cmc.mg.gov.br\/index.php?rest_route=%2Fwp%2Fv2%2Fcategories&post=28555"},{"taxonomy":"post_tag","embeddable":true,"href":"https:\/\/www.cmc.mg.gov.br\/index.php?rest_route=%2Fwp%2Fv2%2Ftags&post=28555"}],"curies":[{"name":"wp","href":"https:\/\/api.w.org\/{rel}","templated":true}]}}