
{"id":28561,"date":"2026-03-13T12:29:47","date_gmt":"2026-03-13T15:29:47","guid":{"rendered":"http:\/\/www.cmc.mg.gov.br\/?p=28561"},"modified":"2026-03-13T17:11:02","modified_gmt":"2026-03-13T20:11:02","slug":"camara-celebra-o-mes-da-mulher-com-outorga-do-merito-da-mulher-contagense","status":"publish","type":"post","link":"https:\/\/www.cmc.mg.gov.br\/?p=28561","title":{"rendered":"C\u00e2mara celebra o m\u00eas da mulher com outorga do M\u00e9rito da Mulher Contagense"},"content":{"rendered":"<p style=\"text-align: justify;\">A for\u00e7a, determina\u00e7\u00e3o e disposi\u00e7\u00e3o das mulheres contagenses foram reconhecidas pela C\u00e2mara Municipal de Contagem, em uma solenidade realizada na noite desta quinta-feira (12\/03). A cerim\u00f4nia de entrega do Diploma de M\u00e9rito da Mulher Contagense homenageou 22 mulheres que, com suas trajet\u00f3rias pessoais e profissionais, contribuem de forma significativa para o crescimento, o desenvolvimento e a constru\u00e7\u00e3o cotidiana da cidade.<\/p>\n<p style=\"text-align: justify;\">Realizado anualmente pela C\u00e2mara no m\u00eas de mar\u00e7o \u2014 em alus\u00e3o ao Dia Internacional da Mulher, celebrado em 8 de mar\u00e7o \u2014, o evento reuniu vereadores, autoridades, homenageadas, amigos e familiares.<\/p>\n<p style=\"text-align: justify;\">Ao longo da noite, o p\u00fablico acompanhou discursos emocionados que destacaram hist\u00f3rias de dedica\u00e7\u00e3o, supera\u00e7\u00e3o e compromisso com a comunidade, evidenciando o papel fundamental das mulheres na transforma\u00e7\u00e3o social e no fortalecimento da cidadania em Contagem.<\/p>\n<p style=\"text-align: justify;\">Logo no in\u00edcio da solenidade, o presidente da Casa, vereador Bruno Barreiro, convidou a vice-presidente da C\u00e2mara, vereadora Carol do Teteco, para conduzir os trabalhos da noite. Representando o Legislativo municipal, ela tamb\u00e9m discursou em nome de todos os vereadores.<\/p>\n<p style=\"text-align: justify;\">Em sua fala, ressaltou a import\u00e2ncia de reconhecer e valorizar o protagonismo feminino em diferentes \u00e1reas da sociedade, destacando que as homenageadas simbolizam milhares de outras mulheres contagenses que, diariamente, contribuem para o desenvolvimento do munic\u00edpio com trabalho, sensibilidade e coragem.<\/p>\n<p>Confira a lista de homenageadas:<\/p>\n<ul>\n<li>Alcione Maria Fava Bonif\u00e1cio<\/li>\n<li>Ana Fl\u00e1via dos Santos<\/li>\n<li>Aparecida das Dores Dias<\/li>\n<li>C\u00e1ssia Beatriz Ferreira dos Prazeres<\/li>\n<li>Clecia Marise Rezende Silva<\/li>\n<li>Cristiana Oliveira<\/li>\n<li>Efig\u00eania Souza Dias<\/li>\n<li>Elza Elaine Ferreira Batista da Silva<\/li>\n<li>Etiene Ara\u00fajo Martins de S\u00e1<\/li>\n<li>Fernanda Machado Vidigal de Ara\u00fajo<\/li>\n<li>Ivone Maria Mansur<\/li>\n<li>Kelly Fabiana Vale Mendon\u00e7a<\/li>\n<li>Luciana de Oliveira Abreu<\/li>\n<li>Mara Ketlen de Castro<\/li>\n<li>Maria Madalena de Jesus &#8211; Dona Lia<\/li>\n<li>Marianne Patricia Evangelista Xavier<\/li>\n<li>Mar\u00edlia Feliciano de Souza Amaral<\/li>\n<li>Patr\u00edcia Ferreira Novais<\/li>\n<li>Sibele de F\u00e1tima Bel Neiva<\/li>\n<li>Thamyres Larissa Guimar\u00e3es Lemos<\/li>\n<li>Vanessa Duarte Paix\u00e3o<\/li>\n<li>Wani Higino Soares<\/li>\n<\/ul>\n<p>&nbsp;<\/p>\n<p>As fotos da solenidade est\u00e3o no Flickr da C\u00e2mara Municipal de Contagem. Para v\u00ea-las, <a href=\"https:\/\/www.flickr.com\/photos\/camaracontagem\/albums\/72177720332505237\" target=\"_blank\" rel=\"noopener\">clique aqui.<\/a><\/p>\n","protected":false},"excerpt":{"rendered":"<p>A for\u00e7a, determina\u00e7\u00e3o e disposi\u00e7\u00e3o das mulheres contagenses foram reconhecidas pela C\u00e2mara Municipal de Contagem, em uma solenidade realizada na noite desta quinta-feira (12\/03). A cerim\u00f4nia de entrega do Diploma de M\u00e9rito da Mulher Contagense homenageou 22 mulheres que, com suas trajet\u00f3rias pessoais e profissionais, contribuem de forma significativa para o crescimento, o desenvolvimento e &hellip; <a href=\"https:\/\/www.cmc.mg.gov.br\/?p=28561\" class=\"more-link\">Continue lendo <span class=\"screen-reader-text\">C\u00e2mara celebra o m\u00eas da mulher com outorga do M\u00e9rito da Mulher Contagense<\/span> <span class=\"meta-nav\">&rarr;<\/span><\/a><\/p>\n","protected":false},"author":2,"featured_media":28569,"comment_status":"open","ping_status":"open","sticky":false,"template":"","format":"standard","meta":{"_exactmetrics_skip_tracking":false,"_exactmetrics_sitenote_active":false,"_exactmetrics_sitenote_note":"","_exactmetrics_sitenote_category":0,"footnotes":""},"categories":[27,243],"tags":[],"class_list":["post-28561","post","type-post","status-publish","format-standard","has-post-thumbnail","hentry","category-noticias","category-novas-noticias"],"_links":{"self":[{"href":"https:\/\/www.cmc.mg.gov.br\/index.php?rest_route=\/wp\/v2\/posts\/28561","targetHints":{"allow":["GET"]}}],"collection":[{"href":"https:\/\/www.cmc.mg.gov.br\/index.php?rest_route=\/wp\/v2\/posts"}],"about":[{"href":"https:\/\/www.cmc.mg.gov.br\/index.php?rest_route=\/wp\/v2\/types\/post"}],"author":[{"embeddable":true,"href":"https:\/\/www.cmc.mg.gov.br\/index.php?rest_route=\/wp\/v2\/users\/2"}],"replies":[{"embeddable":true,"href":"https:\/\/www.cmc.mg.gov.br\/index.php?rest_route=%2Fwp%2Fv2%2Fcomments&post=28561"}],"version-history":[{"count":1,"href":"https:\/\/www.cmc.mg.gov.br\/index.php?rest_route=\/wp\/v2\/posts\/28561\/revisions"}],"predecessor-version":[{"id":28563,"href":"https:\/\/www.cmc.mg.gov.br\/index.php?rest_route=\/wp\/v2\/posts\/28561\/revisions\/28563"}],"wp:featuredmedia":[{"embeddable":true,"href":"https:\/\/www.cmc.mg.gov.br\/index.php?rest_route=\/wp\/v2\/media\/28569"}],"wp:attachment":[{"href":"https:\/\/www.cmc.mg.gov.br\/index.php?rest_route=%2Fwp%2Fv2%2Fmedia&parent=28561"}],"wp:term":[{"taxonomy":"category","embeddable":true,"href":"https:\/\/www.cmc.mg.gov.br\/index.php?rest_route=%2Fwp%2Fv2%2Fcategories&post=28561"},{"taxonomy":"post_tag","embeddable":true,"href":"https:\/\/www.cmc.mg.gov.br\/index.php?rest_route=%2Fwp%2Fv2%2Ftags&post=28561"}],"curies":[{"name":"wp","href":"https:\/\/api.w.org\/{rel}","templated":true}]}}