
{"id":28573,"date":"2026-03-15T14:19:31","date_gmt":"2026-03-15T17:19:31","guid":{"rendered":"http:\/\/www.cmc.mg.gov.br\/?p=28573"},"modified":"2026-03-16T14:24:45","modified_gmt":"2026-03-16T17:24:45","slug":"procon-camara-realiza-acoes-em-funcao-do-dia-do-consumidor","status":"publish","type":"post","link":"https:\/\/www.cmc.mg.gov.br\/?p=28573","title":{"rendered":"Procon C\u00e2mara realiza a\u00e7\u00f5es em fun\u00e7\u00e3o do Dia do Consumidor"},"content":{"rendered":"<p style=\"text-align: justify;\">Em celebra\u00e7\u00e3o ao Dia do Consumidor (15 de mar\u00e7o), o Procon C\u00e2mara de Contagem participou de duas a\u00e7\u00f5es de orienta\u00e7\u00e3o no \u00faltimo s\u00e1bado (14\/03) na regi\u00e3o do Eldorado. Parte da equipe esteve \u00e0 disposi\u00e7\u00e3o do consumidor contagense em a\u00e7\u00e3o realizada junto com o Procon Contagem na Feira do Eldorado. Al\u00e9m de informa\u00e7\u00f5es e esclarecimentos sobre as rela\u00e7\u00f5es de consumo e orienta\u00e7\u00e3o jur\u00eddica, a iniciativa ofereceu atendimentos de sa\u00fade, beleza e marca\u00e7\u00e3o de hor\u00e1rio para fazer o documento de identidade.<\/p>\n<p style=\"text-align: justify;\">Na mesma manh\u00e3, o Procon C\u00e2mara contou com um estande no Feir\u00e3o da Empregabilidade das Mulheres, promovido pela Prefeitura de Contagem no Novo Centro Comercial (antigo Habib\u2019s) como parte da programa\u00e7\u00e3o do M\u00eas da Mulher. A a\u00e7\u00e3o ofereceu mais de mil vagas de emprego, acesso a servi\u00e7os gratuitos e oportunidades de qualifica\u00e7\u00e3o, sorteios, al\u00e9m dos servi\u00e7os de orienta\u00e7\u00e3o para o consumidor.<\/p>\n<p style=\"text-align: justify;\">De acordo com a coordenadora do Procon C\u00e2mara, Ivanete Janu\u00e1ria da Silva, a\u00e7\u00f5es como essas s\u00e3o importantes para levar servi\u00e7os e orienta\u00e7\u00f5es para a popula\u00e7\u00e3o. \u201cA abertura da unidade do Procon na C\u00e2mara Municipal, h\u00e1 quatro anos, foi importante para descentralizar o atendimento ao consumidor da nossa cidade, que acontecia apenas no Eldorado. Agora, com a realiza\u00e7\u00e3o dos mutir\u00f5es e a participa\u00e7\u00e3o nesses eventos, sobretudo, nos finais de semana, a gente amplia ainda mais a oportunidade das pessoas terem esse apoio nos conflitos relacionados a compras e presta\u00e7\u00e3o de servi\u00e7os\u201d.<\/p>\n<p style=\"text-align: justify;\">E a popula\u00e7\u00e3o aprovou a iniciativa. Morador da regi\u00e3o, o ge\u00f3grafo Arthur Pacheco esteve na Feira do Eldorado naquela manh\u00e3, e aproveitou para buscar orienta\u00e7\u00f5es para resolver um problema com uma compra. \u201cAdquiri uma geladeira, mas j\u00e1 passou muito o prazo de entrega. Quando vi a tenda do Procon, resolvi parar, e foi muito bom ter a orienta\u00e7\u00e3o dos especialistas, para me tranquilizar e ter esse apoio para cobrar os meus direitos. Durante a semana, \u00e9 muito dif\u00edcil ter tempo, por isso, foi importante encontrar esse servi\u00e7o aqui na Feira no s\u00e1bado. Ajudou demais, e espero resolver meu problema!\u201d, destacou Arthur.<\/p>\n","protected":false},"excerpt":{"rendered":"<p>Em celebra\u00e7\u00e3o ao Dia do Consumidor (15 de mar\u00e7o), o Procon C\u00e2mara de Contagem participou de duas a\u00e7\u00f5es de orienta\u00e7\u00e3o no \u00faltimo s\u00e1bado (14\/03) na regi\u00e3o do Eldorado. Parte da equipe esteve \u00e0 disposi\u00e7\u00e3o do consumidor contagense em a\u00e7\u00e3o realizada junto com o Procon Contagem na Feira do Eldorado. Al\u00e9m de informa\u00e7\u00f5es e esclarecimentos sobre &hellip; <a href=\"https:\/\/www.cmc.mg.gov.br\/?p=28573\" class=\"more-link\">Continue lendo <span class=\"screen-reader-text\">Procon C\u00e2mara realiza a\u00e7\u00f5es em fun\u00e7\u00e3o do Dia do Consumidor<\/span> <span class=\"meta-nav\">&rarr;<\/span><\/a><\/p>\n","protected":false},"author":3,"featured_media":28575,"comment_status":"open","ping_status":"open","sticky":false,"template":"","format":"standard","meta":{"_exactmetrics_skip_tracking":false,"_exactmetrics_sitenote_active":false,"_exactmetrics_sitenote_note":"","_exactmetrics_sitenote_category":0,"footnotes":""},"categories":[27],"tags":[],"class_list":["post-28573","post","type-post","status-publish","format-standard","has-post-thumbnail","hentry","category-noticias"],"_links":{"self":[{"href":"https:\/\/www.cmc.mg.gov.br\/index.php?rest_route=\/wp\/v2\/posts\/28573","targetHints":{"allow":["GET"]}}],"collection":[{"href":"https:\/\/www.cmc.mg.gov.br\/index.php?rest_route=\/wp\/v2\/posts"}],"about":[{"href":"https:\/\/www.cmc.mg.gov.br\/index.php?rest_route=\/wp\/v2\/types\/post"}],"author":[{"embeddable":true,"href":"https:\/\/www.cmc.mg.gov.br\/index.php?rest_route=\/wp\/v2\/users\/3"}],"replies":[{"embeddable":true,"href":"https:\/\/www.cmc.mg.gov.br\/index.php?rest_route=%2Fwp%2Fv2%2Fcomments&post=28573"}],"version-history":[{"count":1,"href":"https:\/\/www.cmc.mg.gov.br\/index.php?rest_route=\/wp\/v2\/posts\/28573\/revisions"}],"predecessor-version":[{"id":28574,"href":"https:\/\/www.cmc.mg.gov.br\/index.php?rest_route=\/wp\/v2\/posts\/28573\/revisions\/28574"}],"wp:featuredmedia":[{"embeddable":true,"href":"https:\/\/www.cmc.mg.gov.br\/index.php?rest_route=\/wp\/v2\/media\/28575"}],"wp:attachment":[{"href":"https:\/\/www.cmc.mg.gov.br\/index.php?rest_route=%2Fwp%2Fv2%2Fmedia&parent=28573"}],"wp:term":[{"taxonomy":"category","embeddable":true,"href":"https:\/\/www.cmc.mg.gov.br\/index.php?rest_route=%2Fwp%2Fv2%2Fcategories&post=28573"},{"taxonomy":"post_tag","embeddable":true,"href":"https:\/\/www.cmc.mg.gov.br\/index.php?rest_route=%2Fwp%2Fv2%2Ftags&post=28573"}],"curies":[{"name":"wp","href":"https:\/\/api.w.org\/{rel}","templated":true}]}}