
{"id":28774,"date":"2026-04-27T13:20:53","date_gmt":"2026-04-27T16:20:53","guid":{"rendered":"https:\/\/www.cmc.mg.gov.br\/?p=28774"},"modified":"2026-04-27T13:22:41","modified_gmt":"2026-04-27T16:22:41","slug":"11a-reuniao-ordinaria-de-2026","status":"publish","type":"post","link":"https:\/\/www.cmc.mg.gov.br\/?p=28774","title":{"rendered":"11\u00aa Reuni\u00e3o Ordin\u00e1ria de 2026"},"content":{"rendered":"<p style=\"text-align: justify;\"><strong>11\u00aa Reuni\u00e3o Ordin\u00e1ria<\/strong> da 2\u00aa Sess\u00e3o Legislativa da 20\u00aa Legislatura, prevista para o dia 28 de abril de 2026, ter\u00e7a-feira, no Plen\u00e1rio Vereador Jos\u00e9 Cust\u00f3dio, com in\u00edcio \u00e0s 9 horas.<\/p>\n<p style=\"text-align: justify;\"><strong>Item 1<\/strong>: Discuss\u00e3o e vota\u00e7\u00e3o, em Turno \u00danico, do <a href=\"http:\/\/legislativo.cmc.mg.gov.br:8080\/sapl\/consultas\/materia\/materia_mostrar_proc?cod_materia=58686\" target=\"_blank\" rel=\"noopener\">Julgamento da Presta\u00e7\u00e3o de Contas<\/a>, relativa ao Exerc\u00edcio Financeiro de 2017, sob a responsabilidade do Ex-Prefeito Alexis Jos\u00e9 Ferreira de Freitas. Processo n.\u00ba 1046979.<\/p>\n<p style=\"text-align: justify;\">Emendas: N\u00e3o.<br \/>\nQu\u00f3rum: Maioria Simples.<br \/>\nVota\u00e7\u00e3o: Eletr\u00f4nica.<\/p>\n<p style=\"text-align: justify;\"><strong>Item 2<\/strong>: Discuss\u00e3o e vota\u00e7\u00e3o, em Turno \u00danico do <a href=\"http:\/\/legislativo.cmc.mg.gov.br:8080\/sapl\/consultas\/materia\/materia_mostrar_proc?cod_materia=58143\" target=\"_blank\" rel=\"noopener noreferrer\">Projeto de Resolu\u00e7\u00e3o n.\u00ba 001\/2026<\/a>, que \u201cConcede o T\u00edtulo de Cidadania Honor\u00e1ria de Contagem ao Doutor Frederico Jos\u00e9 Amedee Peret\u201d. Projeto de Resolu\u00e7\u00e3o de Autoria do Vereador Arnaldo de Oliveira e Vereador Bruno Barreiro.<\/p>\n<p style=\"text-align: justify;\">Emendas: N\u00e3o.<br \/>\nQu\u00f3rum: Maioria Simples.<br \/>\nVota\u00e7\u00e3o: Eletr\u00f4nica.<\/p>\n<p style=\"text-align: justify;\"><strong>Item 3<\/strong>: Discuss\u00e3o e vota\u00e7\u00e3o, dos Pareceres das Comiss\u00f5es Permanentes ao <a href=\"http:\/\/legislativo.cmc.mg.gov.br:8080\/sapl\/consultas\/materia\/materia_mostrar_proc?cod_materia=52965\" target=\"_blank\" rel=\"noopener noreferrer\">Substitutivo n.\u00ba 012 ao Projeto de Lei n.\u00ba 183\/2025<\/a>, que \u201cInstitui as Diretrizes Pol\u00edtica Municipal de Prote\u00e7\u00e3o, Inclus\u00e3o e Promo\u00e7\u00e3o dos Direitos da Pessoa com Transtorno do Espectro Autista \u2013 TEA no munic\u00edpio de Contagem e d\u00e1 outras provid\u00eancias\u201d. Substitutivo ao Projeto de Lei de Autoria do Vereador Vin\u00edcius Faria.<\/p>\n<p style=\"text-align: justify;\">Emendas: Sim.<br \/>\nQu\u00f3rum: Maioria Simples.<br \/>\nVota\u00e7\u00e3o: Eletr\u00f4nica.<\/p>\n<p style=\"text-align: justify;\"><strong>Item 3.1<\/strong>: Discuss\u00e3o e vota\u00e7\u00e3o, em Primeiro Turno do <a href=\"http:\/\/legislativo.cmc.mg.gov.br:8080\/sapl\/consultas\/materia\/materia_mostrar_proc?cod_materia=52965\" target=\"_blank\" rel=\"noopener noreferrer\">Substitutivo n.\u00ba 012 ao Projeto de Lei n.\u00ba 183\/2025<\/a>, que \u201cInstitui as Diretrizes Pol\u00edtica Municipal de Prote\u00e7\u00e3o, Inclus\u00e3o e Promo\u00e7\u00e3o dos Direitos da Pessoa com Transtorno do Espectro Autista \u2013 TEA no munic\u00edpio de Contagem e d\u00e1 outras provid\u00eancias\u201d. Substitutivo ao Projeto de Lei de Autoria do Vereador Vin\u00edcius Faria.<\/p>\n<p style=\"text-align: justify;\">Emendas: Sim.<br \/>\nQu\u00f3rum: Maioria Simples.<br \/>\nVota\u00e7\u00e3o: Eletr\u00f4nica.<\/p>\n<p style=\"text-align: justify;\"><strong>Item 4<\/strong>: Discuss\u00e3o e vota\u00e7\u00e3o, dos Pareceres das Comiss\u00f5es Permanentes ao <a href=\"http:\/\/legislativo.cmc.mg.gov.br:8080\/sapl\/consultas\/materia\/materia_mostrar_proc?cod_materia=51261\" target=\"_blank\" rel=\"noopener noreferrer\">Projeto de Lei n.\u00ba 263\/2025<\/a>, que \u201cDisp\u00f5e sobre a cria\u00e7\u00e3o do Programa de Apoio ao Empreendedorismo para Pessoas com Transtorno do Espectro Autista (TEA) no munic\u00edpio de Contagem e d\u00e1 outras provid\u00eancias\u201d. Projeto de Lei de Autoria do Vereador Denilson da Juc.<\/p>\n<p style=\"text-align: justify;\">Emendas: Sim.<br \/>\nQu\u00f3rum: Maioria Simples.<br \/>\nVota\u00e7\u00e3o: Eletr\u00f4nica.<\/p>\n<p style=\"text-align: justify;\"><strong>Item 4.1<\/strong>: Discuss\u00e3o e vota\u00e7\u00e3o, em Primeiro Turno do <a href=\"http:\/\/legislativo.cmc.mg.gov.br:8080\/sapl\/consultas\/materia\/materia_mostrar_proc?cod_materia=51261\" target=\"_blank\" rel=\"noopener noreferrer\">Projeto de Lei n.\u00ba 263\/2025<\/a>, que \u201cDisp\u00f5e sobre a cria\u00e7\u00e3o do Programa de Apoio ao Empreendedorismo para Pessoas com Transtorno do Espectro Autista (TEA) no munic\u00edpio de Contagem e d\u00e1 outras provid\u00eancias\u201d. Projeto de Lei de Autoria do Vereador Denilson da Juc.<\/p>\n<p style=\"text-align: justify;\">Emendas: Sim.<br \/>\nQu\u00f3rum: Maioria Simples.<br \/>\nVota\u00e7\u00e3o: Eletr\u00f4nica.<\/p>\n<p style=\"text-align: justify;\"><strong>Item 5<\/strong>: Discuss\u00e3o e vota\u00e7\u00e3o, dos Pareceres das Comiss\u00f5es Permanentes ao <a href=\"http:\/\/legislativo.cmc.mg.gov.br:8080\/sapl\/consultas\/materia\/materia_mostrar_proc?cod_materia=55228\" target=\"_blank\" rel=\"noopener noreferrer\">Projeto de Lei n.\u00ba 474\/2025<\/a>, que \u201cDisp\u00f5e sobre a inser\u00e7\u00e3o nas placas de reserva de assento priorit\u00e1rio nos transportes coletivos, o s\u00edmbolo mundial do autismo e de outras defici\u00eancias ocultas, no munic\u00edpio de Contagem\u201d. Projeto de Lei de Autoria do Vereador Didi.<\/p>\n<p style=\"text-align: justify;\">Emendas: Sim.<br \/>\nQu\u00f3rum: Maioria Simples.<br \/>\nVota\u00e7\u00e3o: Eletr\u00f4nica.<\/p>\n<p style=\"text-align: justify;\"><strong>Item 5.1<\/strong>: Discuss\u00e3o e vota\u00e7\u00e3o, em Primeiro Turno do <a href=\"http:\/\/legislativo.cmc.mg.gov.br:8080\/sapl\/consultas\/materia\/materia_mostrar_proc?cod_materia=55228\" target=\"_blank\" rel=\"noopener noreferrer\">Projeto de Lei n.\u00ba 474\/2025<\/a>, que \u201cDisp\u00f5e sobre a inser\u00e7\u00e3o nas placas de reserva de assento priorit\u00e1rio nos transportes coletivos, o s\u00edmbolo mundial do autismo e de outras defici\u00eancias ocultas, no munic\u00edpio de Contagem\u201d. Projeto de Lei de Autoria do Vereador Didi.<\/p>\n<p style=\"text-align: justify;\">Emendas: Sim.<br \/>\nQu\u00f3rum: Maioria Simples.<br \/>\nVota\u00e7\u00e3o: Eletr\u00f4nica.<\/p>\n<p style=\"text-align: justify;\"><strong>Item 6<\/strong>: Discuss\u00e3o e vota\u00e7\u00e3o, em Segundo Turno e Reda\u00e7\u00e3o Final do <a href=\"http:\/\/legislativo.cmc.mg.gov.br:8080\/sapl\/consultas\/materia\/materia_mostrar_proc?cod_materia=58218\" target=\"_blank\" rel=\"noopener noreferrer\">Projeto de Resolu\u00e7\u00e3o n.\u00ba 003\/2026<\/a>, que \u201cFica denominada a cabine de transmiss\u00e3o e sonoplastia do Plen\u00e1rio Vereador Jos\u00e9 Cust\u00f3dio da C\u00e2mara Municipal de Contagem como \u201cCiro Carpentieri Filho\u201d. Projeto de Resolu\u00e7\u00e3o de Autoria do Vereador Arnaldo de Oliveira.<\/p>\n<p style=\"text-align: justify;\">Emendas: N\u00e3o.<br \/>\nQu\u00f3rum: Maioria Simples.<br \/>\nVota\u00e7\u00e3o: Eletr\u00f4nica.<\/p>\n<p style=\"text-align: justify;\"><strong>Item 7<\/strong>: Discuss\u00e3o e vota\u00e7\u00e3o, em Segundo Turno e Reda\u00e7\u00e3o Final do <a href=\"http:\/\/legislativo.cmc.mg.gov.br:8080\/sapl\/consultas\/materia\/materia_mostrar_proc?cod_materia=58219\" target=\"_blank\" rel=\"noopener noreferrer\">Projeto de Resolu\u00e7\u00e3o n.\u00ba 004\/2026<\/a>, que \u201cInstitui a Galeria de Vereadoras na C\u00e2mara Municipal de Contagem e d\u00e1 outras provid\u00eancias\u201d. Projeto de Resolu\u00e7\u00e3o de Autoria da Mesa Diretora.<\/p>\n<p style=\"text-align: justify;\">Emendas: N\u00e3o.<br \/>\nQu\u00f3rum: Maioria Simples.<br \/>\nVota\u00e7\u00e3o: Eletr\u00f4nica.<\/p>\n<p style=\"text-align: justify;\"><strong>Item 8<\/strong>: Discuss\u00e3o e vota\u00e7\u00e3o, em Segundo Turno e Reda\u00e7\u00e3o Final do <a href=\"http:\/\/legislativo.cmc.mg.gov.br:8080\/sapl\/consultas\/materia\/materia_mostrar_proc?cod_materia=49253\" target=\"_blank\" rel=\"noopener noreferrer\">Projeto de Lei n.\u00ba 043\/2025<\/a>, que \u201cFica assegurado aos alunos, cujos pais ou respons\u00e1veis legais sejam pessoas com defici\u00eancia, a prioridade na matr\u00edcula em escola da rede municipal de ensino mais pr\u00f3xima de seu domic\u00edlio ou local de trabalho de seu respons\u00e1vel no \u00e2mbito do munic\u00edpio de Contagem e d\u00e1 outras provid\u00eancias\u201d. Projeto de Lei de Autoria do Vereador Daniel Carvalho.<\/p>\n<p style=\"text-align: justify;\">Emendas: N\u00e3o.<br \/>\nQu\u00f3rum: Maioria Simples.<br \/>\nVota\u00e7\u00e3o: Eletr\u00f4nica.<\/p>\n<p style=\"text-align: justify;\"><strong>Item 9<\/strong>: Discuss\u00e3o e vota\u00e7\u00e3o, em Segundo Turno e Reda\u00e7\u00e3o Final do <a href=\"http:\/\/legislativo.cmc.mg.gov.br:8080\/sapl\/consultas\/materia\/materia_mostrar_proc?cod_materia=55938\" target=\"_blank\" rel=\"noopener noreferrer\">Substitutivo n.\u00ba 017 ao Substitutivo n.\u00ba 011 ao Projeto de Lei n.\u00ba 166\/2025<\/a>, que \u201cEstabelece diretrizes para a Educa\u00e7\u00e3o Midi\u00e1tica e o uso de Tecnologias Digitais no munic\u00edpio de Contagem e d\u00e1 outras provid\u00eancias\u201d. Projeto de Lei de Autoria da Vereadora Adriana Souza.<\/p>\n<p style=\"text-align: justify;\">Emendas: N\u00e3o.<br \/>\nQu\u00f3rum: Maioria Simples.<br \/>\nVota\u00e7\u00e3o: Eletr\u00f4nica.<\/p>\n<p style=\"text-align: justify;\"><strong>Item 10<\/strong>: Discuss\u00e3o e vota\u00e7\u00e3o, em Segundo Turno e Reda\u00e7\u00e3o Final do <a href=\"http:\/\/legislativo.cmc.mg.gov.br:8080\/sapl\/consultas\/materia\/materia_mostrar_proc?cod_materia=56093\" target=\"_blank\" rel=\"noopener noreferrer\">Projeto de Lei n.\u00ba 511\/2025<\/a>, que \u201cInstitui o Dia do Forr\u00f3 no Calend\u00e1rio de Datas Comemorativas, neste munic\u00edpio\u201d. Projeto de Lei de Autoria do Vereador Alex Chiodi.<\/p>\n<p style=\"text-align: justify;\">Emendas: N\u00e3o.<br \/>\nQu\u00f3rum: Maioria Simples.<br \/>\nVota\u00e7\u00e3o: Eletr\u00f4nica.<\/p>\n","protected":false},"excerpt":{"rendered":"<p>11\u00aa Reuni\u00e3o Ordin\u00e1ria da 2\u00aa Sess\u00e3o Legislativa da 20\u00aa Legislatura, prevista para o dia 28 de abril de 2026, ter\u00e7a-feira, no Plen\u00e1rio Vereador Jos\u00e9 Cust\u00f3dio, com in\u00edcio \u00e0s 9 horas. Item 1: Discuss\u00e3o e vota\u00e7\u00e3o, em Turno \u00danico, do Julgamento da Presta\u00e7\u00e3o de Contas, relativa ao Exerc\u00edcio Financeiro de 2017, sob a responsabilidade do Ex-Prefeito &hellip; <a href=\"https:\/\/www.cmc.mg.gov.br\/?p=28774\" class=\"more-link\">Continue lendo <span class=\"screen-reader-text\">11\u00aa Reuni\u00e3o Ordin\u00e1ria de 2026<\/span> <span class=\"meta-nav\">&rarr;<\/span><\/a><\/p>\n","protected":false},"author":3,"featured_media":0,"comment_status":"open","ping_status":"open","sticky":false,"template":"","format":"standard","meta":{"_exactmetrics_skip_tracking":false,"_exactmetrics_sitenote_active":false,"_exactmetrics_sitenote_note":"","_exactmetrics_sitenote_category":0,"footnotes":""},"categories":[19],"tags":[],"class_list":["post-28774","post","type-post","status-publish","format-standard","hentry","category-ordem-do-dia"],"_links":{"self":[{"href":"https:\/\/www.cmc.mg.gov.br\/index.php?rest_route=\/wp\/v2\/posts\/28774","targetHints":{"allow":["GET"]}}],"collection":[{"href":"https:\/\/www.cmc.mg.gov.br\/index.php?rest_route=\/wp\/v2\/posts"}],"about":[{"href":"https:\/\/www.cmc.mg.gov.br\/index.php?rest_route=\/wp\/v2\/types\/post"}],"author":[{"embeddable":true,"href":"https:\/\/www.cmc.mg.gov.br\/index.php?rest_route=\/wp\/v2\/users\/3"}],"replies":[{"embeddable":true,"href":"https:\/\/www.cmc.mg.gov.br\/index.php?rest_route=%2Fwp%2Fv2%2Fcomments&post=28774"}],"version-history":[{"count":3,"href":"https:\/\/www.cmc.mg.gov.br\/index.php?rest_route=\/wp\/v2\/posts\/28774\/revisions"}],"predecessor-version":[{"id":28777,"href":"https:\/\/www.cmc.mg.gov.br\/index.php?rest_route=\/wp\/v2\/posts\/28774\/revisions\/28777"}],"wp:attachment":[{"href":"https:\/\/www.cmc.mg.gov.br\/index.php?rest_route=%2Fwp%2Fv2%2Fmedia&parent=28774"}],"wp:term":[{"taxonomy":"category","embeddable":true,"href":"https:\/\/www.cmc.mg.gov.br\/index.php?rest_route=%2Fwp%2Fv2%2Fcategories&post=28774"},{"taxonomy":"post_tag","embeddable":true,"href":"https:\/\/www.cmc.mg.gov.br\/index.php?rest_route=%2Fwp%2Fv2%2Ftags&post=28774"}],"curies":[{"name":"wp","href":"https:\/\/api.w.org\/{rel}","templated":true}]}}