
{"id":28778,"date":"2026-04-27T14:19:50","date_gmt":"2026-04-27T17:19:50","guid":{"rendered":"https:\/\/www.cmc.mg.gov.br\/?p=28778"},"modified":"2026-04-27T14:29:04","modified_gmt":"2026-04-27T17:29:04","slug":"camara-de-contagem-reune-centenas-de-participantes-em-curso-sobre-midias-sociais-e-ia","status":"publish","type":"post","link":"https:\/\/www.cmc.mg.gov.br\/?p=28778","title":{"rendered":"C\u00e2mara de Contagem re\u00fane centenas de participantes em curso sobre m\u00eddias sociais e IA"},"content":{"rendered":"<p style=\"text-align: justify;\">A C\u00e2mara Municipal de Contagem sediou, na \u00faltima semana, um importante ciclo de capacita\u00e7\u00e3o voltado a servidores e agentes pol\u00edticos de diversas regi\u00f5es de Minas Gerais. Promovido em parceria com o programa Interlegis, do Senado Federal, o curso reuniu centenas de participantes de mais de 20 cidades, consolidando a Casa como refer\u00eancia na promo\u00e7\u00e3o de conhecimento e no fortalecimento do Poder Legislativo municipal.<\/p>\n<p style=\"text-align: justify;\">A programa\u00e7\u00e3o dos tr\u00eas dias de curso (22, 23 e 24 de abril) foi composta por duas oficinas principais: m\u00eddias sociais e intelig\u00eancia artificial aplicada \u00e0 comunica\u00e7\u00e3o p\u00fablica. Ministradas pelo chefe de m\u00eddias sociais do Senado, Tadeu Sposito, as atividades abordaram desde estrat\u00e9gias de produ\u00e7\u00e3o de conte\u00fado at\u00e9 o uso respons\u00e1vel de novas tecnologias no dia a dia institucional. \u201cSe queremos transpar\u00eancia e proximidade de verdade com o cidad\u00e3o, precisamos estar onde ele est\u00e1, e isso passa pelas redes sociais, mas de forma estrat\u00e9gica e eficiente\u201d, destacou o palestrante. Ele tamb\u00e9m ressaltou que a intelig\u00eancia artificial representa um avan\u00e7o significativo, capaz de aumentar produtividade e qualidade, com responsabilidade.<\/p>\n<p style=\"text-align: justify;\"><a href=\"https:\/\/www.cmc.mg.gov.br\/wordpress\/wp-content\/uploads\/2026\/04\/55228502810_743d232d9d_k.jpg\"><img loading=\"lazy\" decoding=\"async\" class=\"alignright size-medium wp-image-28781\" src=\"https:\/\/www.cmc.mg.gov.br\/wordpress\/wp-content\/uploads\/2026\/04\/55228502810_743d232d9d_k-300x200.jpg\" alt=\"\" width=\"300\" height=\"200\" srcset=\"https:\/\/www.cmc.mg.gov.br\/wordpress\/wp-content\/uploads\/2026\/04\/55228502810_743d232d9d_k-300x200.jpg 300w, https:\/\/www.cmc.mg.gov.br\/wordpress\/wp-content\/uploads\/2026\/04\/55228502810_743d232d9d_k-1024x683.jpg 1024w, https:\/\/www.cmc.mg.gov.br\/wordpress\/wp-content\/uploads\/2026\/04\/55228502810_743d232d9d_k-768x512.jpg 768w, https:\/\/www.cmc.mg.gov.br\/wordpress\/wp-content\/uploads\/2026\/04\/55228502810_743d232d9d_k-1536x1024.jpg 1536w, https:\/\/www.cmc.mg.gov.br\/wordpress\/wp-content\/uploads\/2026\/04\/55228502810_743d232d9d_k.jpg 2048w\" sizes=\"auto, (max-width: 300px) 100vw, 300px\" \/><\/a>A iniciativa foi celebrada pelo presidente da C\u00e2mara de Contagem, Bruno Barreiro (PV), que destacou o car\u00e1ter pioneiro da a\u00e7\u00e3o e a import\u00e2ncia da qualifica\u00e7\u00e3o cont\u00ednua. \u201c\u00c9 um projeto que nos deixa muito felizes. Estamos ofertando cursos gratuitos que capacitam servidores e vereadores para uma entrega de servi\u00e7os p\u00fablicos cada vez melhor. O conhecimento, quando levado a s\u00e9rio, se transforma em pol\u00edtica p\u00fablica na ponta\u201d, afirmou. O vereador enalteceu a ampla ades\u00e3o: \u201cRecebemos participantes que viajaram at\u00e9 oito horas para estar aqui, o que demonstra o interesse em aprimorar o trabalho legislativo\u201d.<\/p>\n<p style=\"text-align: justify;\">Entre os participantes, a avalia\u00e7\u00e3o foi amplamente positiva. O assessor parlamentar da C\u00e2mara de Contagem Paulo Assun\u00e7\u00e3o destacou o impacto pr\u00e1tico do conte\u00fado apresentado. \u201cAs oficinas t\u00eam sido muito importantes porque aprofundam o uso de ferramentas que, muitas vezes, conhecemos de forma superficial. A intelig\u00eancia artificial, por exemplo, pode otimizar processos e melhorar o andamento do trabalho no dia a dia\u201d, avaliou.<\/p>\n<p style=\"text-align: justify;\">Representantes de outras cidades tamb\u00e9m enfatizaram a relev\u00e2ncia da forma\u00e7\u00e3o. Para Gilberto Vilela, chefe de comunica\u00e7\u00e3o da C\u00e2mara de Ita\u00fana, o curso vai al\u00e9m da t\u00e9cnica, promovendo reflex\u00e3o sobre responsabilidade institucional. \u201cA gente aprende n\u00e3o s\u00f3 novas ferramentas, mas tamb\u00e9m o cuidado com a comunica\u00e7\u00e3o. Quando falamos em nome de uma institui\u00e7\u00e3o, \u00e9 preciso ter sensibilidade e responsabilidade no uso desses recursos\u201d, pontuou.<\/p>\n<p style=\"text-align: justify;\"><a href=\"https:\/\/www.cmc.mg.gov.br\/wordpress\/wp-content\/uploads\/2026\/04\/55228091496_be78902840_k.jpg\"><img loading=\"lazy\" decoding=\"async\" class=\"alignleft size-medium wp-image-28783\" src=\"https:\/\/www.cmc.mg.gov.br\/wordpress\/wp-content\/uploads\/2026\/04\/55228091496_be78902840_k-300x200.jpg\" alt=\"\" width=\"300\" height=\"200\" srcset=\"https:\/\/www.cmc.mg.gov.br\/wordpress\/wp-content\/uploads\/2026\/04\/55228091496_be78902840_k-300x200.jpg 300w, https:\/\/www.cmc.mg.gov.br\/wordpress\/wp-content\/uploads\/2026\/04\/55228091496_be78902840_k-1024x683.jpg 1024w, https:\/\/www.cmc.mg.gov.br\/wordpress\/wp-content\/uploads\/2026\/04\/55228091496_be78902840_k-768x512.jpg 768w, https:\/\/www.cmc.mg.gov.br\/wordpress\/wp-content\/uploads\/2026\/04\/55228091496_be78902840_k-1536x1024.jpg 1536w, https:\/\/www.cmc.mg.gov.br\/wordpress\/wp-content\/uploads\/2026\/04\/55228091496_be78902840_k.jpg 2048w\" sizes=\"auto, (max-width: 300px) 100vw, 300px\" \/><\/a>O curso foi considerado, ainda, uma oportunidade de integra\u00e7\u00e3o entre os legislativos municipais e de fortalecimento da transpar\u00eancia p\u00fablica. Para os participantes, o conhecimento adquirido deve refletir diretamente na melhoria da comunica\u00e7\u00e3o com a popula\u00e7\u00e3o, tornando as a\u00e7\u00f5es do Legislativo mais acess\u00edveis, \u00e1geis e alinhadas \u00e0s demandas da sociedade. Diante do sucesso da iniciativa, a expectativa \u00e9 de que novas edi\u00e7\u00f5es sejam realizadas, ampliando ainda mais o alcance da capacita\u00e7\u00e3o.<\/p>\n<ul>\n<li>Confira todas as fotos no <a href=\"https:\/\/www.flickr.com\/photos\/camaracontagem\/albums\/72177720333286516\" target=\"_blank\" rel=\"noopener\">perfil da C\u00e2mara no Flickr<\/a>.<\/li>\n<\/ul>\n","protected":false},"excerpt":{"rendered":"<p>A C\u00e2mara Municipal de Contagem sediou, na \u00faltima semana, um importante ciclo de capacita\u00e7\u00e3o voltado a servidores e agentes pol\u00edticos de diversas regi\u00f5es de Minas Gerais. Promovido em parceria com o programa Interlegis, do Senado Federal, o curso reuniu centenas de participantes de mais de 20 cidades, consolidando a Casa como refer\u00eancia na promo\u00e7\u00e3o de &hellip; <a href=\"https:\/\/www.cmc.mg.gov.br\/?p=28778\" class=\"more-link\">Continue lendo <span class=\"screen-reader-text\">C\u00e2mara de Contagem re\u00fane centenas de participantes em curso sobre m\u00eddias sociais e IA<\/span> <span class=\"meta-nav\">&rarr;<\/span><\/a><\/p>\n","protected":false},"author":3,"featured_media":28779,"comment_status":"open","ping_status":"open","sticky":false,"template":"","format":"standard","meta":{"_exactmetrics_skip_tracking":false,"_exactmetrics_sitenote_active":false,"_exactmetrics_sitenote_note":"","_exactmetrics_sitenote_category":0,"footnotes":""},"categories":[27],"tags":[],"class_list":["post-28778","post","type-post","status-publish","format-standard","has-post-thumbnail","hentry","category-noticias"],"_links":{"self":[{"href":"https:\/\/www.cmc.mg.gov.br\/index.php?rest_route=\/wp\/v2\/posts\/28778","targetHints":{"allow":["GET"]}}],"collection":[{"href":"https:\/\/www.cmc.mg.gov.br\/index.php?rest_route=\/wp\/v2\/posts"}],"about":[{"href":"https:\/\/www.cmc.mg.gov.br\/index.php?rest_route=\/wp\/v2\/types\/post"}],"author":[{"embeddable":true,"href":"https:\/\/www.cmc.mg.gov.br\/index.php?rest_route=\/wp\/v2\/users\/3"}],"replies":[{"embeddable":true,"href":"https:\/\/www.cmc.mg.gov.br\/index.php?rest_route=%2Fwp%2Fv2%2Fcomments&post=28778"}],"version-history":[{"count":6,"href":"https:\/\/www.cmc.mg.gov.br\/index.php?rest_route=\/wp\/v2\/posts\/28778\/revisions"}],"predecessor-version":[{"id":28787,"href":"https:\/\/www.cmc.mg.gov.br\/index.php?rest_route=\/wp\/v2\/posts\/28778\/revisions\/28787"}],"wp:featuredmedia":[{"embeddable":true,"href":"https:\/\/www.cmc.mg.gov.br\/index.php?rest_route=\/wp\/v2\/media\/28779"}],"wp:attachment":[{"href":"https:\/\/www.cmc.mg.gov.br\/index.php?rest_route=%2Fwp%2Fv2%2Fmedia&parent=28778"}],"wp:term":[{"taxonomy":"category","embeddable":true,"href":"https:\/\/www.cmc.mg.gov.br\/index.php?rest_route=%2Fwp%2Fv2%2Fcategories&post=28778"},{"taxonomy":"post_tag","embeddable":true,"href":"https:\/\/www.cmc.mg.gov.br\/index.php?rest_route=%2Fwp%2Fv2%2Ftags&post=28778"}],"curies":[{"name":"wp","href":"https:\/\/api.w.org\/{rel}","templated":true}]}}