
{"id":28788,"date":"2026-04-28T14:27:06","date_gmt":"2026-04-28T17:27:06","guid":{"rendered":"https:\/\/www.cmc.mg.gov.br\/?p=28788"},"modified":"2026-04-28T14:46:02","modified_gmt":"2026-04-28T17:46:02","slug":"forro-ganha-data-oficial-em-contagem-apos-aprovacao-de-projeto-na-camara","status":"publish","type":"post","link":"https:\/\/www.cmc.mg.gov.br\/?p=28788","title":{"rendered":"Forr\u00f3 ganha data oficial em Contagem ap\u00f3s aprova\u00e7\u00e3o de projeto na C\u00e2mara"},"content":{"rendered":"<p style=\"text-align: justify;\">O som da sanfona, o compasso marcado do tri\u00e2ngulo e a batida envolvente da zabumba formam a base de um dos ritmos mais emblem\u00e1ticos da cultura brasileira. Popular em todas as regi\u00f5es do pa\u00eds, o forr\u00f3 ultrapassa fronteiras geogr\u00e1ficas e gera\u00e7\u00f5es, consolidando-se como express\u00e3o art\u00edstica, identidade cultural e elemento de integra\u00e7\u00e3o social. Celebrado nacionalmente em 13 de dezembro, data de nascimento de Luiz Gonzaga \u2013 conhecido como o &#8220;Rei do Bai\u00e3o&#8221; -, o g\u00eanero ganha cada vez mais reconhecimento institucional como patrim\u00f4nio imaterial e s\u00edmbolo da cultura nordestina.<\/p>\n<p style=\"text-align: justify;\">Em sintonia com essa valoriza\u00e7\u00e3o, a C\u00e2mara Municipal de Contagem aprovou, em segundo turno e reda\u00e7\u00e3o final, durante reuni\u00e3o plen\u00e1ria realizada nesta ter\u00e7a-feira (28\/04), o <a href=\"http:\/\/legislativo.cmc.mg.gov.br:8080\/sapl\/consultas\/materia\/materia_mostrar_proc?cod_materia=56093\" target=\"_blank\" rel=\"noopener\">Projeto de Lei 511\/2025<\/a>, que institui o Dia Municipal do Forr\u00f3, a ser comemorado anualmente tamb\u00e9m em 13 de dezembro. Proposta pelos vereadores Alex Chiodi (Uni\u00e3o) e Gl\u00f3ria da Aposentadoria (PSDB), a mat\u00e9ria busca inserir oficialmente a data no calend\u00e1rio do munic\u00edpio, incentivando a realiza\u00e7\u00e3o de a\u00e7\u00f5es culturais, educativas e festivas voltadas \u00e0 difus\u00e3o do ritmo.<\/p>\n<p style=\"text-align: justify;\"><a href=\"https:\/\/www.cmc.mg.gov.br\/wordpress\/wp-content\/uploads\/2026\/04\/55166681915_9fa5c72916_k.jpg\"><img loading=\"lazy\" decoding=\"async\" class=\"alignright size-medium wp-image-28792\" src=\"https:\/\/www.cmc.mg.gov.br\/wordpress\/wp-content\/uploads\/2026\/04\/55166681915_9fa5c72916_k-234x300.jpg\" alt=\"\" width=\"234\" height=\"300\" srcset=\"https:\/\/www.cmc.mg.gov.br\/wordpress\/wp-content\/uploads\/2026\/04\/55166681915_9fa5c72916_k-234x300.jpg 234w, https:\/\/www.cmc.mg.gov.br\/wordpress\/wp-content\/uploads\/2026\/04\/55166681915_9fa5c72916_k-797x1024.jpg 797w, https:\/\/www.cmc.mg.gov.br\/wordpress\/wp-content\/uploads\/2026\/04\/55166681915_9fa5c72916_k-768x986.jpg 768w, https:\/\/www.cmc.mg.gov.br\/wordpress\/wp-content\/uploads\/2026\/04\/55166681915_9fa5c72916_k.jpg 960w\" sizes=\"auto, (max-width: 234px) 100vw, 234px\" \/><\/a>De acordo com a justificativa do projeto, a cria\u00e7\u00e3o da data tem como objetivo reconhecer a import\u00e2ncia hist\u00f3rica e cultural do forr\u00f3, al\u00e9m de incentivar a realiza\u00e7\u00e3o de eventos que fortale\u00e7am a identidade cultural e fomentem a economia criativa local. A iniciativa tamb\u00e9m pretende valorizar artistas, m\u00fasicos e grupos que mant\u00eam viva a tradi\u00e7\u00e3o do g\u00eanero em Contagem.<\/p>\n<p style=\"text-align: justify;\">Durante a discuss\u00e3o em plen\u00e1rio, Chiodi defendeu a iniciativa destacando a for\u00e7a do movimento cultural na cidade. \u201cO forr\u00f3 j\u00e1 faz parte da identidade cultural de Contagem, e temos aqui o grupo Forr\u00f3 Fieira, que h\u00e1 mais de 15 anos tem uma atua\u00e7\u00e3o brilhante, n\u00e3o apenas de apresenta\u00e7\u00f5es, mas principalmente de ensinar a dan\u00e7a para nossa popula\u00e7\u00e3o, incluindo a vereadora Gl\u00f3ria, que faz parte do projeto h\u00e1 seis anos. Ligados \u00e0 Secretaria de Esporte e Lazer, temos n\u00facleos do \u2018forr\u00f3 p\u00e9 de serra\u2019 em todas as regionais da cidade, e \u00e9 um ritmo que re\u00fane fam\u00edlias e movimenta a economia. Instituir essa data \u00e9 reconhecer algo que j\u00e1 vive no cora\u00e7\u00e3o da popula\u00e7\u00e3o e de alguns vereadores\u201d, afirmou Alex Chiodi.<\/p>\n<p style=\"text-align: justify;\">A mat\u00e9ria segue agora para a Prefeitura de Contagem e, caso seja sancionada pelo Executivo, o Dia Municipal do Forr\u00f3 passar\u00e1 a integrar oficialmente o calend\u00e1rio da cidade, a partir de sua publica\u00e7\u00e3o no Di\u00e1rio Oficial do Munic\u00edpio.<\/p>\n<p style=\"text-align: justify;\"><strong>Forr\u00f3 em Contagem<\/strong><\/p>\n<p style=\"text-align: justify;\">Criado pela Prefeitura de Contagem, o projeto \u201cForr\u00f3 Fieira\u201d \u00e9 uma iniciativa consolidada de promo\u00e7\u00e3o do lazer, da conviv\u00eancia comunit\u00e1ria e da sa\u00fade por meio da dan\u00e7a. Com cerca de 15 anos de atua\u00e7\u00e3o no munic\u00edpio, o projeto oferece aulas gratuitas de forr\u00f3 para pessoas de todas as idades e n\u00edveis de experi\u00eancia, transformando espa\u00e7os p\u00fablicos em ambientes de integra\u00e7\u00e3o.<\/p>\n<p style=\"text-align: justify;\">Tradicionalmente realizado no estacionamento do Big Shopping, o \u201cForr\u00f3 Fieira\u201d cresceu ao longo dos anos e se expandiu para diferentes regi\u00f5es da cidade, acompanhando a pol\u00edtica municipal de democratiza\u00e7\u00e3o do acesso ao esporte e ao lazer. Atualmente, a iniciativa re\u00fane centenas de participantes e j\u00e1 conta com m\u00faltiplos n\u00facleos distribu\u00eddos pelo munic\u00edpio.<\/p>\n<p style=\"text-align: justify;\">Hoje, as aulas acontecem em diversos pontos, como pra\u00e7as, parques, escolas e centros comerciais, incluindo locais nas regionais Eldorado, Industrial, Nacional, Petrol\u00e2ndia, Ressaca e Sede. Entre os espa\u00e7os est\u00e3o o Big Shopping, o Parque das Amendoeiras, o Parque Tropical, o Shopping Contagem e unidades escolares municipais, com encontros semanais abertos ao p\u00fablico, sem necessidade de inscri\u00e7\u00e3o pr\u00e9via.<\/p>\n<p style=\"text-align: justify;\">Para saber o cronograma do Forr\u00f3 Fieira, <a href=\"https:\/\/portal.contagem.mg.gov.br\/portal\/noticias\/0\/3\/83608\/projeto-forro-fieira-amplia-acesso-a-danca-e-fortalece-convivencia-em-contagem\" target=\"_blank\" rel=\"noopener\">clique aqui<\/a>.<\/p>\n<p style=\"text-align: right;\">*Foto de capa: Ricardo Lima\/PMC.<\/p>\n","protected":false},"excerpt":{"rendered":"<p>O som da sanfona, o compasso marcado do tri\u00e2ngulo e a batida envolvente da zabumba formam a base de um dos ritmos mais emblem\u00e1ticos da cultura brasileira. Popular em todas as regi\u00f5es do pa\u00eds, o forr\u00f3 ultrapassa fronteiras geogr\u00e1ficas e gera\u00e7\u00f5es, consolidando-se como express\u00e3o art\u00edstica, identidade cultural e elemento de integra\u00e7\u00e3o social. Celebrado nacionalmente em &hellip; <a href=\"https:\/\/www.cmc.mg.gov.br\/?p=28788\" class=\"more-link\">Continue lendo <span class=\"screen-reader-text\">Forr\u00f3 ganha data oficial em Contagem ap\u00f3s aprova\u00e7\u00e3o de projeto na C\u00e2mara<\/span> <span class=\"meta-nav\">&rarr;<\/span><\/a><\/p>\n","protected":false},"author":3,"featured_media":28789,"comment_status":"open","ping_status":"open","sticky":false,"template":"","format":"standard","meta":{"_exactmetrics_skip_tracking":false,"_exactmetrics_sitenote_active":false,"_exactmetrics_sitenote_note":"","_exactmetrics_sitenote_category":0,"footnotes":""},"categories":[27],"tags":[],"class_list":["post-28788","post","type-post","status-publish","format-standard","has-post-thumbnail","hentry","category-noticias"],"_links":{"self":[{"href":"https:\/\/www.cmc.mg.gov.br\/index.php?rest_route=\/wp\/v2\/posts\/28788","targetHints":{"allow":["GET"]}}],"collection":[{"href":"https:\/\/www.cmc.mg.gov.br\/index.php?rest_route=\/wp\/v2\/posts"}],"about":[{"href":"https:\/\/www.cmc.mg.gov.br\/index.php?rest_route=\/wp\/v2\/types\/post"}],"author":[{"embeddable":true,"href":"https:\/\/www.cmc.mg.gov.br\/index.php?rest_route=\/wp\/v2\/users\/3"}],"replies":[{"embeddable":true,"href":"https:\/\/www.cmc.mg.gov.br\/index.php?rest_route=%2Fwp%2Fv2%2Fcomments&post=28788"}],"version-history":[{"count":5,"href":"https:\/\/www.cmc.mg.gov.br\/index.php?rest_route=\/wp\/v2\/posts\/28788\/revisions"}],"predecessor-version":[{"id":28795,"href":"https:\/\/www.cmc.mg.gov.br\/index.php?rest_route=\/wp\/v2\/posts\/28788\/revisions\/28795"}],"wp:featuredmedia":[{"embeddable":true,"href":"https:\/\/www.cmc.mg.gov.br\/index.php?rest_route=\/wp\/v2\/media\/28789"}],"wp:attachment":[{"href":"https:\/\/www.cmc.mg.gov.br\/index.php?rest_route=%2Fwp%2Fv2%2Fmedia&parent=28788"}],"wp:term":[{"taxonomy":"category","embeddable":true,"href":"https:\/\/www.cmc.mg.gov.br\/index.php?rest_route=%2Fwp%2Fv2%2Fcategories&post=28788"},{"taxonomy":"post_tag","embeddable":true,"href":"https:\/\/www.cmc.mg.gov.br\/index.php?rest_route=%2Fwp%2Fv2%2Ftags&post=28788"}],"curies":[{"name":"wp","href":"https:\/\/api.w.org\/{rel}","templated":true}]}}