
{"id":28796,"date":"2026-04-28T16:04:44","date_gmt":"2026-04-28T19:04:44","guid":{"rendered":"https:\/\/www.cmc.mg.gov.br\/?p=28796"},"modified":"2026-04-28T16:19:28","modified_gmt":"2026-04-28T19:19:28","slug":"novos-espacos-fortalecem-comunicacao-e-representatividade-na-camara-de-contagem","status":"publish","type":"post","link":"https:\/\/www.cmc.mg.gov.br\/?p=28796","title":{"rendered":"Novos espa\u00e7os fortalecem comunica\u00e7\u00e3o e representatividade na C\u00e2mara de Contagem"},"content":{"rendered":"<p style=\"text-align: justify;\">Nesta ter\u00e7a-feira (28\/04), dois projetos de resolu\u00e7\u00e3o aprovados em plen\u00e1rio trazem novidades para o pr\u00e9dio da C\u00e2mara Municipal de Contagem. A primeira \u00e9 a designa\u00e7\u00e3o do nome \u201cCiro Carpentieri Filho\u201d para a Sala de Imprensa, que ser\u00e1 inaugurada, em breve,\u00a0 no primeiro andar da Casa.<\/p>\n<p style=\"text-align: justify;\">Trata-se de um ambiente especialmente voltado ao atendimento dos ve\u00edculos de comunica\u00e7\u00e3o que estejam na C\u00e2mara para acompanhar reuni\u00f5es, audi\u00eancias, solenidades e demais eventos no plen\u00e1rio. O espa\u00e7o ser\u00e1 reservado e equipado com ar-condicionado, TV, sistema de som e bancada de trabalho.<\/p>\n<p style=\"text-align: justify;\">Segundo o presidente da C\u00e2mara, Bruno Barreiro, a Sala tem o objetivo de aproximar a grande imprensa, de modo que os profissionais possam \u201cacompanhar, de fato, o que esta Casa tem entregado em projetos e pol\u00edticas p\u00fablicas que fazem a diferen\u00e7a na vida das pessoas\u201d.<\/p>\n<p style=\"text-align: justify;\">De acordo com o autor do projeto de resolu\u00e7\u00e3o que d\u00e1 a denomina\u00e7\u00e3o, vereador Arnaldo de Oliveira (SD), a homenagem se justifica pelo \u201ctrabalho e dedica\u00e7\u00e3o \u00e0 comunica\u00e7\u00e3o e \u00e0 hist\u00f3ria de Contagem\u201d, bem como pelo \u201clegado que Ciro deixou para as pr\u00f3ximas gera\u00e7\u00f5es\u201d.<\/p>\n<p style=\"text-align: justify;\">Ciro Carpentieri Filho, nascido em 5 de fevereiro de 1941, foi cineasta, empres\u00e1rio, jornalista e historiador. Foi tamb\u00e9m fundador e diretor do Jornal Folha de Contagem e da Ajorcon \u2014 Associa\u00e7\u00e3o dos Jornais de Contagem. Com as publica\u00e7\u00f5es das Revistas Hist\u00f3ricas de Contagem (edi\u00e7\u00f5es de 2010 e 2011), contribuiu de forma significativa para a preserva\u00e7\u00e3o e valoriza\u00e7\u00e3o da hist\u00f3ria e da cultura da cidade.<\/p>\n<p style=\"text-align: justify;\"><b>Destaque para as vereadoras<\/b><\/p>\n<p style=\"text-align: justify;\">A segunda novidade \u00e9 a cria\u00e7\u00e3o da Galeria de Vereadoras da C\u00e2mara Municipal de Contagem. Inspirada na Galeria de Deputadas da C\u00e2mara Federal, a proposta \u00e9 reunir, em um local fixo do pr\u00e9dio do Legislativo, fotos de todas as parlamentares que j\u00e1 passaram pela C\u00e2mara de Contagem.<\/p>\n<p style=\"text-align: justify;\">Segundo o projeto de resolu\u00e7\u00e3o, o formato, o local e o padr\u00e3o visual da galeria ser\u00e3o definidos pela presid\u00eancia \u00e0 \u00e9poca de sua implanta\u00e7\u00e3o e dever\u00e3o conter, no m\u00ednimo, a fotografia ou imagem representativa, o nome e o per\u00edodo legislativo da vereadora.<\/p>\n<p style=\"text-align: justify;\">Para o presidente Bruno Barreiro, mais que um registro, a galeria ser\u00e1 um reconhecimento \u00e0 import\u00e2ncia das mulheres que passaram e das que ainda atuam neste Legislativo, que conta atualmente com n\u00famero recorde de representatividade feminina. \u201cEnquanto esta gest\u00e3o estiver \u00e0 frente da Casa, haver\u00e1 fortalecimento da participa\u00e7\u00e3o e da representatividade feminina\u201d, concluiu.<\/p>\n","protected":false},"excerpt":{"rendered":"<p>Nesta ter\u00e7a-feira (28\/04), dois projetos de resolu\u00e7\u00e3o aprovados em plen\u00e1rio trazem novidades para o pr\u00e9dio da C\u00e2mara Municipal de Contagem. A primeira \u00e9 a designa\u00e7\u00e3o do nome \u201cCiro Carpentieri Filho\u201d para a Sala de Imprensa, que ser\u00e1 inaugurada, em breve,\u00a0 no primeiro andar da Casa. Trata-se de um ambiente especialmente voltado ao atendimento dos ve\u00edculos &hellip; <a href=\"https:\/\/www.cmc.mg.gov.br\/?p=28796\" class=\"more-link\">Continue lendo <span class=\"screen-reader-text\">Novos espa\u00e7os fortalecem comunica\u00e7\u00e3o e representatividade na C\u00e2mara de Contagem<\/span> <span class=\"meta-nav\">&rarr;<\/span><\/a><\/p>\n","protected":false},"author":2,"featured_media":28803,"comment_status":"open","ping_status":"open","sticky":false,"template":"","format":"standard","meta":{"_exactmetrics_skip_tracking":false,"_exactmetrics_sitenote_active":false,"_exactmetrics_sitenote_note":"","_exactmetrics_sitenote_category":0,"footnotes":""},"categories":[8,27,243],"tags":[],"class_list":["post-28796","post","type-post","status-publish","format-standard","has-post-thumbnail","hentry","category-camara","category-noticias","category-novas-noticias"],"_links":{"self":[{"href":"https:\/\/www.cmc.mg.gov.br\/index.php?rest_route=\/wp\/v2\/posts\/28796","targetHints":{"allow":["GET"]}}],"collection":[{"href":"https:\/\/www.cmc.mg.gov.br\/index.php?rest_route=\/wp\/v2\/posts"}],"about":[{"href":"https:\/\/www.cmc.mg.gov.br\/index.php?rest_route=\/wp\/v2\/types\/post"}],"author":[{"embeddable":true,"href":"https:\/\/www.cmc.mg.gov.br\/index.php?rest_route=\/wp\/v2\/users\/2"}],"replies":[{"embeddable":true,"href":"https:\/\/www.cmc.mg.gov.br\/index.php?rest_route=%2Fwp%2Fv2%2Fcomments&post=28796"}],"version-history":[{"count":1,"href":"https:\/\/www.cmc.mg.gov.br\/index.php?rest_route=\/wp\/v2\/posts\/28796\/revisions"}],"predecessor-version":[{"id":28802,"href":"https:\/\/www.cmc.mg.gov.br\/index.php?rest_route=\/wp\/v2\/posts\/28796\/revisions\/28802"}],"wp:featuredmedia":[{"embeddable":true,"href":"https:\/\/www.cmc.mg.gov.br\/index.php?rest_route=\/wp\/v2\/media\/28803"}],"wp:attachment":[{"href":"https:\/\/www.cmc.mg.gov.br\/index.php?rest_route=%2Fwp%2Fv2%2Fmedia&parent=28796"}],"wp:term":[{"taxonomy":"category","embeddable":true,"href":"https:\/\/www.cmc.mg.gov.br\/index.php?rest_route=%2Fwp%2Fv2%2Fcategories&post=28796"},{"taxonomy":"post_tag","embeddable":true,"href":"https:\/\/www.cmc.mg.gov.br\/index.php?rest_route=%2Fwp%2Fv2%2Ftags&post=28796"}],"curies":[{"name":"wp","href":"https:\/\/api.w.org\/{rel}","templated":true}]}}