
{"id":28798,"date":"2026-04-28T15:40:41","date_gmt":"2026-04-28T18:40:41","guid":{"rendered":"https:\/\/www.cmc.mg.gov.br\/?p=28798"},"modified":"2026-04-28T15:40:41","modified_gmt":"2026-04-28T18:40:41","slug":"pais-com-deficiencia-poderao-ter-prioridade-na-matricula-dos-filhos","status":"publish","type":"post","link":"https:\/\/www.cmc.mg.gov.br\/?p=28798","title":{"rendered":"Pais com defici\u00eancia poder\u00e3o ter prioridade na matr\u00edcula dos filhos"},"content":{"rendered":"<p style=\"text-align: justify;\">Levar os filhos para estudar longe de casa \u00e9 uma dificuldade enfrentada diariamente por pessoas com defici\u00eancia. Em Contagem, um projeto de lei aprovado em segundo turno e reda\u00e7\u00e3o final nesta ter\u00e7a, 28\/04, na 11\u00aa Reuni\u00e3o Ordin\u00e1ria de 2026, busca enfrentar essa situa\u00e7\u00e3o.<\/p>\n<p style=\"text-align: justify;\">\nDe autoria do vereador Daniel Carvalho (PSD), o <a href=\"http:\/\/legislativo.cmc.mg.gov.br:8080\/sapl\/consultas\/materia\/materia_mostrar_proc?cod_materia=49253\">Projeto de Lei n\u00ba 043\/2025<\/a> assegura prioridade de matr\u00edcula na rede municipal de ensino em unidades pr\u00f3ximas \u00e0 resid\u00eancia ou ao local de trabalho para alunos cujos pais ou respons\u00e1veis sejam pessoas com defici\u00eancia.<\/p>\n<p style=\"text-align: justify;\">\nPara ter acesso ao benef\u00edcio, os interessados dever\u00e3o solicitar o cadastramento da crian\u00e7a ou do adolescente na unidade escolar e apresentar comprovante de endere\u00e7o residencial ou profissional, laudo m\u00e9dico que ateste a defici\u00eancia e documento de identifica\u00e7\u00e3o com foto. O texto tamb\u00e9m prev\u00ea a possibilidade de matr\u00edcula como excedente, caso n\u00e3o haja vagas dispon\u00edveis na escola pretendida.<\/p>\n<figure id=\"attachment_28799\" aria-describedby=\"caption-attachment-28799\" style=\"width: 255px\" class=\"wp-caption alignleft\"><a href=\"https:\/\/www.cmc.mg.gov.br\/wordpress\/wp-content\/uploads\/2026\/04\/55192726562_777ceb2475_w.jpg\"><img loading=\"lazy\" decoding=\"async\" class=\"wp-image-28799\" src=\"https:\/\/www.cmc.mg.gov.br\/wordpress\/wp-content\/uploads\/2026\/04\/55192726562_777ceb2475_w-300x200.jpg\" alt=\"\" width=\"255\" height=\"170\" srcset=\"https:\/\/www.cmc.mg.gov.br\/wordpress\/wp-content\/uploads\/2026\/04\/55192726562_777ceb2475_w-300x200.jpg 300w, https:\/\/www.cmc.mg.gov.br\/wordpress\/wp-content\/uploads\/2026\/04\/55192726562_777ceb2475_w.jpg 400w\" sizes=\"auto, (max-width: 255px) 100vw, 255px\" \/><\/a><figcaption id=\"caption-attachment-28799\" class=\"wp-caption-text\"><em>Vereador Daniel Carvalho (PSD). Foto: Cleide Amaral.<\/em><\/figcaption><\/figure>\n<p style=\"text-align: justify;\">O autor da proposta destacou que pol\u00edticas p\u00fablicas voltadas \u00e0s pessoas com defici\u00eancia, muitas vezes, concentram-se apenas em crian\u00e7as e adolescentes, deixando de considerar as demandas dos adultos. \u201c\u00c9 um projeto que trata sobre justi\u00e7a e equidade. A gente d\u00e1 garantia que um pai, uma m\u00e3e que tem defici\u00eancia e que tem que atravessar uma cidade inteira para conseguir levar o seu filho tenha uma facilidade maior para matricular o filho em um estabelecimento pr\u00f3ximo da sua casa, do seu trabalho\u201d, afirmou o vereador.<\/p>\n<p style=\"text-align: justify;\">\nPara virar lei, o projeto aguarda a aprova\u00e7\u00e3o do prefeito Ricardo Faria (PSD). Em caso de veto, a mat\u00e9ria retorna \u00e0 C\u00e2mara para nova an\u00e1lise.<\/p>\n<p>&nbsp;<\/p>\n","protected":false},"excerpt":{"rendered":"<p>Levar os filhos para estudar longe de casa \u00e9 uma dificuldade enfrentada diariamente por pessoas com defici\u00eancia. Em Contagem, um projeto de lei aprovado em segundo turno e reda\u00e7\u00e3o final nesta ter\u00e7a, 28\/04, na 11\u00aa Reuni\u00e3o Ordin\u00e1ria de 2026, busca enfrentar essa situa\u00e7\u00e3o. De autoria do vereador Daniel Carvalho (PSD), o Projeto de Lei n\u00ba &hellip; <a href=\"https:\/\/www.cmc.mg.gov.br\/?p=28798\" class=\"more-link\">Continue lendo <span class=\"screen-reader-text\">Pais com defici\u00eancia poder\u00e3o ter prioridade na matr\u00edcula dos filhos<\/span> <span class=\"meta-nav\">&rarr;<\/span><\/a><\/p>\n","protected":false},"author":16,"featured_media":28800,"comment_status":"open","ping_status":"open","sticky":false,"template":"","format":"standard","meta":{"_exactmetrics_skip_tracking":false,"_exactmetrics_sitenote_active":false,"_exactmetrics_sitenote_note":"","_exactmetrics_sitenote_category":0,"footnotes":""},"categories":[27],"tags":[],"class_list":["post-28798","post","type-post","status-publish","format-standard","has-post-thumbnail","hentry","category-noticias"],"_links":{"self":[{"href":"https:\/\/www.cmc.mg.gov.br\/index.php?rest_route=\/wp\/v2\/posts\/28798","targetHints":{"allow":["GET"]}}],"collection":[{"href":"https:\/\/www.cmc.mg.gov.br\/index.php?rest_route=\/wp\/v2\/posts"}],"about":[{"href":"https:\/\/www.cmc.mg.gov.br\/index.php?rest_route=\/wp\/v2\/types\/post"}],"author":[{"embeddable":true,"href":"https:\/\/www.cmc.mg.gov.br\/index.php?rest_route=\/wp\/v2\/users\/16"}],"replies":[{"embeddable":true,"href":"https:\/\/www.cmc.mg.gov.br\/index.php?rest_route=%2Fwp%2Fv2%2Fcomments&post=28798"}],"version-history":[{"count":1,"href":"https:\/\/www.cmc.mg.gov.br\/index.php?rest_route=\/wp\/v2\/posts\/28798\/revisions"}],"predecessor-version":[{"id":28801,"href":"https:\/\/www.cmc.mg.gov.br\/index.php?rest_route=\/wp\/v2\/posts\/28798\/revisions\/28801"}],"wp:featuredmedia":[{"embeddable":true,"href":"https:\/\/www.cmc.mg.gov.br\/index.php?rest_route=\/wp\/v2\/media\/28800"}],"wp:attachment":[{"href":"https:\/\/www.cmc.mg.gov.br\/index.php?rest_route=%2Fwp%2Fv2%2Fmedia&parent=28798"}],"wp:term":[{"taxonomy":"category","embeddable":true,"href":"https:\/\/www.cmc.mg.gov.br\/index.php?rest_route=%2Fwp%2Fv2%2Fcategories&post=28798"},{"taxonomy":"post_tag","embeddable":true,"href":"https:\/\/www.cmc.mg.gov.br\/index.php?rest_route=%2Fwp%2Fv2%2Ftags&post=28798"}],"curies":[{"name":"wp","href":"https:\/\/api.w.org\/{rel}","templated":true}]}}