
{"id":28804,"date":"2026-04-29T13:37:17","date_gmt":"2026-04-29T16:37:17","guid":{"rendered":"https:\/\/www.cmc.mg.gov.br\/?p=28804"},"modified":"2026-04-29T13:37:17","modified_gmt":"2026-04-29T16:37:17","slug":"prazo-para-regularizar-titulo-de-eleitor-termina-em-6-de-maio","status":"publish","type":"post","link":"https:\/\/www.cmc.mg.gov.br\/?p=28804","title":{"rendered":"Prazo para regularizar t\u00edtulo de eleitor termina em 6 de maio"},"content":{"rendered":"<p style=\"text-align: justify;\">Eleitores t\u00eam at\u00e9 a quarta-feira da pr\u00f3xima semana, 06\/05, para regularizar a sua situa\u00e7\u00e3o eleitoral e garantir a participa\u00e7\u00e3o nas elei\u00e7\u00f5es de 2026. O prazo vale para solicita\u00e7\u00e3o do primeiro t\u00edtulo, cadastramento biom\u00e9trico, transfer\u00eancia do domic\u00edlio eleitoral, altera\u00e7\u00e3o do local de vota\u00e7\u00e3o ou realiza\u00e7\u00e3o de qualquer outro servi\u00e7o que permita ao cidad\u00e3o votar este ano.<\/p>\n<p style=\"text-align: justify;\">\nEm Contagem, mais de 40 mil pessoas ainda n\u00e3o realizaram o cadastro biom\u00e9trico, o que impede a participa\u00e7\u00e3o no pleito. Para ampliar o atendimento, a <strong>Central de Atendimento ao Eleitor de Contagem<\/strong> funcionar\u00e1 no feriado de <strong>1\u00ba de maio<\/strong> e no <strong>s\u00e1bado e domingo<\/strong> desta semana, das <strong>9h \u00e0s 17h<\/strong>. Nos dias \u00fateis, o atendimento ocorre das 12h \u00e0s 17h. N\u00e3o \u00e9 necess\u00e1rio agendamento. A unidade est\u00e1 localizada na <strong>Avenida Jo\u00e3o de Deus Costa, 205-A, Centro<\/strong>.<\/p>\n<p style=\"text-align: justify;\">\nPara ser atendido, basta levar documento oficial de identidade e comprovante de endere\u00e7o. A recomenda\u00e7\u00e3o \u00e9 que os eleitores procurem o servi\u00e7o com anteced\u00eancia para evitar filas e garantir a regulariza\u00e7\u00e3o dentro do prazo.<\/p>\n<p style=\"text-align: justify;\">\nMais informa\u00e7\u00f5es podem ser obtidas pelo <strong>Disque-Eleitor 148<\/strong> ou no site do <a href=\"https:\/\/www.tre-mg.jus.br\/\">Tribunal Regional Eleitoral de Minas Gerais (TRE &#8211; MG)<\/a>.<\/p>\n","protected":false},"excerpt":{"rendered":"<p>Eleitores t\u00eam at\u00e9 a quarta-feira da pr\u00f3xima semana, 06\/05, para regularizar a sua situa\u00e7\u00e3o eleitoral e garantir a participa\u00e7\u00e3o nas elei\u00e7\u00f5es de 2026. O prazo vale para solicita\u00e7\u00e3o do primeiro t\u00edtulo, cadastramento biom\u00e9trico, transfer\u00eancia do domic\u00edlio eleitoral, altera\u00e7\u00e3o do local de vota\u00e7\u00e3o ou realiza\u00e7\u00e3o de qualquer outro servi\u00e7o que permita ao cidad\u00e3o votar este ano. &hellip; <a href=\"https:\/\/www.cmc.mg.gov.br\/?p=28804\" class=\"more-link\">Continue lendo <span class=\"screen-reader-text\">Prazo para regularizar t\u00edtulo de eleitor termina em 6 de maio<\/span> <span class=\"meta-nav\">&rarr;<\/span><\/a><\/p>\n","protected":false},"author":16,"featured_media":28805,"comment_status":"open","ping_status":"open","sticky":false,"template":"","format":"standard","meta":{"_exactmetrics_skip_tracking":false,"_exactmetrics_sitenote_active":false,"_exactmetrics_sitenote_note":"","_exactmetrics_sitenote_category":0,"footnotes":""},"categories":[27],"tags":[],"class_list":["post-28804","post","type-post","status-publish","format-standard","has-post-thumbnail","hentry","category-noticias"],"_links":{"self":[{"href":"https:\/\/www.cmc.mg.gov.br\/index.php?rest_route=\/wp\/v2\/posts\/28804","targetHints":{"allow":["GET"]}}],"collection":[{"href":"https:\/\/www.cmc.mg.gov.br\/index.php?rest_route=\/wp\/v2\/posts"}],"about":[{"href":"https:\/\/www.cmc.mg.gov.br\/index.php?rest_route=\/wp\/v2\/types\/post"}],"author":[{"embeddable":true,"href":"https:\/\/www.cmc.mg.gov.br\/index.php?rest_route=\/wp\/v2\/users\/16"}],"replies":[{"embeddable":true,"href":"https:\/\/www.cmc.mg.gov.br\/index.php?rest_route=%2Fwp%2Fv2%2Fcomments&post=28804"}],"version-history":[{"count":1,"href":"https:\/\/www.cmc.mg.gov.br\/index.php?rest_route=\/wp\/v2\/posts\/28804\/revisions"}],"predecessor-version":[{"id":28806,"href":"https:\/\/www.cmc.mg.gov.br\/index.php?rest_route=\/wp\/v2\/posts\/28804\/revisions\/28806"}],"wp:featuredmedia":[{"embeddable":true,"href":"https:\/\/www.cmc.mg.gov.br\/index.php?rest_route=\/wp\/v2\/media\/28805"}],"wp:attachment":[{"href":"https:\/\/www.cmc.mg.gov.br\/index.php?rest_route=%2Fwp%2Fv2%2Fmedia&parent=28804"}],"wp:term":[{"taxonomy":"category","embeddable":true,"href":"https:\/\/www.cmc.mg.gov.br\/index.php?rest_route=%2Fwp%2Fv2%2Fcategories&post=28804"},{"taxonomy":"post_tag","embeddable":true,"href":"https:\/\/www.cmc.mg.gov.br\/index.php?rest_route=%2Fwp%2Fv2%2Ftags&post=28804"}],"curies":[{"name":"wp","href":"https:\/\/api.w.org\/{rel}","templated":true}]}}